{"id":1582,"date":"2022-02-21T12:39:48","date_gmt":"2022-02-21T11:39:48","guid":{"rendered":"http:\/\/www.fo-saint-etienne.fr\/fomunvse\/?p=1582"},"modified":"2022-03-01T16:56:57","modified_gmt":"2022-03-01T15:56:57","slug":"info-force-ouvriere-de-la-semaine-7-2022","status":"publish","type":"post","link":"http:\/\/www.fo-saint-etienne.fr\/fomunvse\/?p=1582","title":{"rendered":"Info FORCE OUVRI\u00c8RE de la semaine 7 2022"},"content":{"rendered":"<div>\n<div>\n<div dir=\"ltr\">\n<div>\n<div>\n<div dir=\"ltr\">\n<div>\n<div>\n<div>\n<div>\n<p><em>Retrouvez les informations de<strong>\u00a0FORCE OUVRI\u00c8RE Territoriaux\u00a0<\/strong>publi\u00e9es la semaine 7 sur le site Internet\u00a0<strong><span id=\"m_-1839376817468163287OBJ_PREFIX_DWT262_com_zimbra_url\"><span id=\"m_-1839376817468163287OBJ_PREFIX_DWT139_com_zimbra_url\"><span id=\"m_-1839376817468163287OBJ_PREFIX_DWT151_com_zimbra_url\"><span id=\"m_-1839376817468163287OBJ_PREFIX_DWT1401_com_zimbra_url\"><span id=\"m_-1839376817468163287OBJ_PREFIX_DWT183_com_zimbra_url\"><span id=\"m_-1839376817468163287OBJ_PREFIX_DWT177_com_zimbra_url\"><span id=\"m_-1839376817468163287OBJ_PREFIX_DWT225_com_zimbra_url\"><span id=\"m_-1839376817468163287OBJ_PREFIX_DWT221_com_zimbra_url\"><span id=\"m_-1839376817468163287OBJ_PREFIX_DWT340_com_zimbra_url\"><span id=\"m_-1839376817468163287OBJ_PREFIX_DWT86_com_zimbra_url\"><span id=\"m_-1839376817468163287OBJ_PREFIX_DWT205_com_zimbra_url\"><span id=\"m_-1839376817468163287OBJ_PREFIX_DWT82_com_zimbra_url\"><span id=\"m_-1839376817468163287OBJ_PREFIX_DWT150_com_zimbra_url\"><span id=\"m_-1839376817468163287OBJ_PREFIX_DWT100_com_zimbra_url\"><span id=\"m_-1839376817468163287OBJ_PREFIX_DWT125_com_zimbra_url\"><span id=\"m_-1839376817468163287OBJ_PREFIX_DWT702_com_zimbra_url\"><span id=\"m_-1839376817468163287OBJ_PREFIX_DWT155_com_zimbra_url\"><span id=\"m_-1839376817468163287OBJ_PREFIX_DWT428_com_zimbra_url\"><span id=\"m_-1839376817468163287OBJ_PREFIX_DWT291_com_zimbra_url\"><span id=\"m_-1839376817468163287OBJ_PREFIX_DWT628_com_zimbra_url\"><span id=\"m_-1839376817468163287OBJ_PREFIX_DWT410_com_zimbra_url\"><span id=\"m_-1839376817468163287OBJ_PREFIX_DWT226_com_zimbra_url\"><span id=\"m_-1839376817468163287OBJ_PREFIX_DWT237_com_zimbra_url\"><span id=\"m_-1839376817468163287OBJ_PREFIX_DWT634_com_zimbra_url\"><span id=\"m_-1839376817468163287OBJ_PREFIX_DWT192_com_zimbra_url\"><span id=\"m_-1839376817468163287OBJ_PREFIX_DWT218_com_zimbra_url\"><span id=\"m_-1839376817468163287OBJ_PREFIX_DWT272_com_zimbra_url\"><span id=\"m_-1839376817468163287OBJ_PREFIX_DWT244_com_zimbra_url\"><span id=\"m_-1839376817468163287OBJ_PREFIX_DWT229_com_zimbra_url\"><span id=\"m_-1839376817468163287OBJ_PREFIX_DWT196_com_zimbra_url\"><span id=\"m_-1839376817468163287OBJ_PREFIX_DWT290_com_zimbra_url\"><span id=\"m_-1839376817468163287OBJ_PREFIX_DWT170_com_zimbra_url\"><span id=\"m_-1839376817468163287OBJ_PREFIX_DWT153_com_zimbra_url\"><span id=\"m_-1839376817468163287OBJ_PREFIX_DWT258_com_zimbra_url\"><span id=\"m_-1839376817468163287OBJ_PREFIX_DWT203_com_zimbra_url\"><span id=\"m_-1839376817468163287OBJ_PREFIX_DWT195_com_zimbra_url\"><span id=\"m_-1839376817468163287OBJ_PREFIX_DWT148_com_zimbra_url\"><span id=\"m_-1839376817468163287OBJ_PREFIX_DWT294_com_zimbra_url\"><span id=\"m_-1839376817468163287OBJ_PREFIX_DWT142_com_zimbra_url\"><span id=\"m_-1839376817468163287OBJ_PREFIX_DWT365_com_zimbra_url\"><span id=\"m_-1839376817468163287OBJ_PREFIX_DWT256_com_zimbra_url\"><span id=\"m_-1839376817468163287OBJ_PREFIX_DWT127_com_zimbra_url\"><span id=\"m_-1839376817468163287OBJ_PREFIX_DWT265_com_zimbra_url\"><span id=\"m_-1839376817468163287OBJ_PREFIX_DWT128_com_zimbra_url\"><span id=\"m_-1839376817468163287OBJ_PREFIX_DWT494_com_zimbra_url\"><span id=\"m_-1839376817468163287OBJ_PREFIX_DWT223_com_zimbra_url\"><span id=\"m_-1839376817468163287OBJ_PREFIX_DWT306_com_zimbra_url\"><span id=\"m_-1839376817468163287OBJ_PREFIX_DWT180_com_zimbra_url\"><span id=\"m_-1839376817468163287OBJ_PREFIX_DWT252_com_zimbra_url\"><span id=\"m_-1839376817468163287OBJ_PREFIX_DWT190_com_zimbra_url\"><span id=\"m_-1839376817468163287OBJ_PREFIX_DWT419_com_zimbra_url\"><span id=\"m_-1839376817468163287OBJ_PREFIX_DWT188_com_zimbra_url\"><span id=\"m_-1839376817468163287OBJ_PREFIX_DWT442_com_zimbra_url\"><span id=\"m_-1839376817468163287OBJ_PREFIX_DWT206_com_zimbra_url\"><span id=\"m_-1839376817468163287OBJ_PREFIX_DWT181_com_zimbra_url\"><span id=\"m_-1839376817468163287OBJ_PREFIX_DWT211_com_zimbra_url\"><span id=\"m_-1839376817468163287OBJ_PREFIX_DWT242_com_zimbra_url\"><span id=\"m_-1839376817468163287OBJ_PREFIX_DWT185_com_zimbra_url\"><span id=\"m_-1839376817468163287OBJ_PREFIX_DWT215_com_zimbra_url\"><span id=\"m_-1839376817468163287OBJ_PREFIX_DWT197_com_zimbra_url\"><span id=\"m_-1839376817468163287OBJ_PREFIX_DWT173_com_zimbra_url\"><span id=\"m_-1839376817468163287OBJ_PREFIX_DWT275_com_zimbra_url\"><span id=\"m_-1839376817468163287OBJ_PREFIX_DWT184_com_zimbra_url\"><span id=\"m_-1839376817468163287OBJ_PREFIX_DWT138_com_zimbra_url\"><span id=\"m_-1839376817468163287OBJ_PREFIX_DWT363_com_zimbra_url\"><a href=\"http:\/\/www.fo-territoriaux42.fr\/\" target=\"_blank\" rel=\"noopener noreferrer nofollow\" data-saferedirecturl=\"https:\/\/www.google.com\/url?q=http:\/\/www.fo-territoriaux42.fr\/&amp;source=gmail&amp;ust=1645528861983000&amp;usg=AOvVaw3KPrKlwtfRHAiowUtlih14\">fo-territoriaux42.fr<\/a><\/span><\/span><\/span><\/span><\/span><\/span><\/span><\/span><\/span><\/span><\/span><\/span><\/span><\/span><\/span><\/span><\/span><\/span><\/span><\/span><\/span><\/span><\/span><\/span><\/span><\/span><\/span><\/span><\/span><\/span><\/span><\/span><\/span><\/span><\/span><\/span><\/span><\/span><\/span><\/span><\/span><\/span><\/span><\/span><\/span><\/span><\/span><\/span><\/span><\/span><\/span><\/span><\/span><\/span><\/span><\/span><\/span><\/span><\/span><\/span><\/span><\/span><\/span><\/span><\/span><\/strong>\u00a0<wbr \/>en cliquant sur le lien de l\u2019article :<\/em><\/p>\n<\/div>\n<\/div>\n<\/div>\n<\/div>\n<\/div>\n<\/div>\n<\/div>\n<\/div>\n<\/div>\n<\/div>\n<div>\n<div>\n<div>\n<p><b>&#8211;\u00a0<a href=\"http:\/\/www.fo-territoriaux42.fr\/2022\/02\/14\/teletravail-des-difficultes-accrues-pour-les-agents-de-la-fonction-publique\/\" target=\"_blank\" rel=\"nofollow noopener noreferrer\" data-saferedirecturl=\"https:\/\/www.google.com\/url?q=http:\/\/www.fo-territoriaux42.fr\/2022\/02\/14\/teletravail-des-difficultes-accrues-pour-les-agents-de-la-fonction-publique\/&amp;source=gmail&amp;ust=1645528861983000&amp;usg=AOvVaw3OLyuMmp1PeIeW8whBOrKj\">T\u00c9L\u00c9TRAVAIL : DES \u00ab DIFFICULT\u00c9S ACCRUES \u00bb POUR LES AGENTS DE LA FONCTION PUBLIQUE<\/a><\/b><\/p>\n<p>&#8211;\u00a0<a href=\"http:\/\/www.fo-territoriaux42.fr\/2022\/02\/15\/une-decret-etend-le-complement-de-traitement-indiciaire-a-davantage-dagents-territoriaux\/\" target=\"_blank\" rel=\"nofollow noopener noreferrer\" data-saferedirecturl=\"https:\/\/www.google.com\/url?q=http:\/\/www.fo-territoriaux42.fr\/2022\/02\/15\/une-decret-etend-le-complement-de-traitement-indiciaire-a-davantage-dagents-territoriaux\/&amp;source=gmail&amp;ust=1645528861983000&amp;usg=AOvVaw1PbT3sF-Cr1--yf1n_KqEG\">UN D\u00c9CRET \u00c9TEND LE COMPL\u00c9MENT DE TRAITEMENT INDICIAIRE \u00c0 DAVANTAGE D\u2019AGENTS TERRITORIAUX<\/a><\/p>\n<p>&#8211;\u00a0<a href=\"http:\/\/www.fo-territoriaux42.fr\/2022\/02\/15\/ehpad-la-maltraitance-des-residents-et-des-personnels-fo-la-denonce-depuis-des-annees\/\" target=\"_blank\" rel=\"nofollow noopener noreferrer\" data-saferedirecturl=\"https:\/\/www.google.com\/url?q=http:\/\/www.fo-territoriaux42.fr\/2022\/02\/15\/ehpad-la-maltraitance-des-residents-et-des-personnels-fo-la-denonce-depuis-des-annees\/&amp;source=gmail&amp;ust=1645528861983000&amp;usg=AOvVaw3P1js3meQN5eKRN6qoBVtW\">EHPAD : LA MALTRAITANCE DES R\u00c9SIDENTS ET DES PERSONNELS, FO LA D\u00c9NONCE DEPUIS DES ANN\u00c9ES !<\/a><\/p>\n<p>&#8211;\u00a0<a href=\"http:\/\/www.fo-territoriaux42.fr\/2022\/02\/15\/la-territoriale-face-a-la-problematique-de-la-retraite-pour-invalidite\/\" target=\"_blank\" rel=\"nofollow noopener noreferrer\" data-saferedirecturl=\"https:\/\/www.google.com\/url?q=http:\/\/www.fo-territoriaux42.fr\/2022\/02\/15\/la-territoriale-face-a-la-problematique-de-la-retraite-pour-invalidite\/&amp;source=gmail&amp;ust=1645528861983000&amp;usg=AOvVaw2_nna_qa_IXogOgVBD_PlT\">LA TERRITORIALE FACE \u00c0 LA PROBL\u00c9MATIQUE DE LA RETRAITE POUR INVALIDIT\u00c9<\/a><b><br \/>\n<\/b><\/p>\n<\/div>\n<div>\n<p><b>&#8211;\u00a0<a href=\"http:\/\/www.fo-territoriaux42.fr\/2022\/02\/15\/vers-une-revalorisation-du-forfait-mobilites-durables-pour-les-trajets-domicile-travail-a-velo\/\" target=\"_blank\" rel=\"nofollow noopener noreferrer\" data-saferedirecturl=\"https:\/\/www.google.com\/url?q=http:\/\/www.fo-territoriaux42.fr\/2022\/02\/15\/vers-une-revalorisation-du-forfait-mobilites-durables-pour-les-trajets-domicile-travail-a-velo\/&amp;source=gmail&amp;ust=1645528861983000&amp;usg=AOvVaw1FrXpwAoP0kK9hgRnFVVQ3\">VERS UNE REVALORISATION DU FORFAIT \u00ab MOBILIT\u00c9S DURABLES \u00bb POUR LES TRAJETS DOMICILE-TRAVAIL \u00c0 V\u00c9LO ?<\/a><\/b><\/p>\n<p>&#8211;\u00a0<a href=\"http:\/\/www.fo-territoriaux42.fr\/2022\/02\/15\/generalisation-et-imposition-de-trois-jours-de-carence-en-cas-darret-maladie\/\" target=\"_blank\" rel=\"nofollow noopener noreferrer\" data-saferedirecturl=\"https:\/\/www.google.com\/url?q=http:\/\/www.fo-territoriaux42.fr\/2022\/02\/15\/generalisation-et-imposition-de-trois-jours-de-carence-en-cas-darret-maladie\/&amp;source=gmail&amp;ust=1645528861983000&amp;usg=AOvVaw1W457bIv1L2ySdDQCWcRF7\">G\u00c9N\u00c9RALISATION ET IMPOSITION DE TROIS JOURS DE CARENCE EN CAS D\u2019ARR\u00caT MALADIE<\/a><\/p>\n<\/div>\n<div>\n<p><b>&#8211;\u00a0<a href=\"http:\/\/www.fo-territoriaux42.fr\/2022\/02\/16\/le-conseil-detat-valide-lordonnance-sur-la-negociation-collective\/\" target=\"_blank\" rel=\"nofollow noopener noreferrer\" data-saferedirecturl=\"https:\/\/www.google.com\/url?q=http:\/\/www.fo-territoriaux42.fr\/2022\/02\/16\/le-conseil-detat-valide-lordonnance-sur-la-negociation-collective\/&amp;source=gmail&amp;ust=1645528861983000&amp;usg=AOvVaw3G7kNbkJUp8lvLT7M56vir\">LE CONSEIL D\u2019\u00c9TAT VALIDE L\u2019ORDONNANCE SUR LA N\u00c9GOCIATION COLLECTIVE<\/a><\/b><\/p>\n<p>&#8211;\u00a0<a href=\"http:\/\/www.fo-territoriaux42.fr\/2022\/02\/16\/protection-sociale-complementaire-une-avancee-pour-les-agents\/\" target=\"_blank\" rel=\"nofollow noopener noreferrer\" data-saferedirecturl=\"https:\/\/www.google.com\/url?q=http:\/\/www.fo-territoriaux42.fr\/2022\/02\/16\/protection-sociale-complementaire-une-avancee-pour-les-agents\/&amp;source=gmail&amp;ust=1645528861983000&amp;usg=AOvVaw0mP9dBUI1LEGLUyAWtaX58\">PROTECTION SOCIALE COMPL\u00c9MENTAIRE : UNE AVANC\u00c9E POUR LES AGENTS<\/a><\/p>\n<p>&#8211;\u00a0<a href=\"http:\/\/www.fo-territoriaux42.fr\/2022\/02\/17\/la-reforme-de-la-complementaire-sante-et-de-la-prevoyance-approuvee-dans-la-territoriale\/\" target=\"_blank\" rel=\"nofollow noopener noreferrer\" data-saferedirecturl=\"https:\/\/www.google.com\/url?q=http:\/\/www.fo-territoriaux42.fr\/2022\/02\/17\/la-reforme-de-la-complementaire-sante-et-de-la-prevoyance-approuvee-dans-la-territoriale\/&amp;source=gmail&amp;ust=1645528861983000&amp;usg=AOvVaw22bvStE2wXQm__AMndGaJg\">LA R\u00c9FORME DE LA COMPL\u00c9MENTAIRE SANT\u00c9 ET DE LA PR\u00c9VOYANCE APPROUV\u00c9E DANS LA TERRITORIALE<\/a><\/p>\n<p>&#8211;\u00a0<a href=\"http:\/\/www.fo-territoriaux42.fr\/2022\/02\/17\/la-suppression-de-poste-dans-la-fonction-publique\/\" target=\"_blank\" rel=\"nofollow noopener noreferrer\" data-saferedirecturl=\"https:\/\/www.google.com\/url?q=http:\/\/www.fo-territoriaux42.fr\/2022\/02\/17\/la-suppression-de-poste-dans-la-fonction-publique\/&amp;source=gmail&amp;ust=1645528861983000&amp;usg=AOvVaw1en8SobkeeLGwFb0QBAboM\">LA SUPPRESSION DE POSTE DANS LA FONCTION PUBLIQUE<\/a><\/p>\n<p>&#8211;\u00a0<a href=\"http:\/\/www.fo-territoriaux42.fr\/2022\/02\/19\/reclassement-des-agents-en-situation-dinaptitude-de-nouvelles-possibilites-pour-les-employeurs\/\" target=\"_blank\" rel=\"nofollow noopener noreferrer\" data-saferedirecturl=\"https:\/\/www.google.com\/url?q=http:\/\/www.fo-territoriaux42.fr\/2022\/02\/19\/reclassement-des-agents-en-situation-dinaptitude-de-nouvelles-possibilites-pour-les-employeurs\/&amp;source=gmail&amp;ust=1645528861983000&amp;usg=AOvVaw2LSHyHc2HyLTsMp53Yyexw\">RECLASSEMENT DES AGENTS EN SITUATION D\u2019INAPTITUDE : DE NOUVELLES POSSIBILIT\u00c9S POUR LES EMPLOYEURS<\/a><\/p>\n<p>&#8211;\u00a0<a href=\"http:\/\/www.fo-territoriaux42.fr\/2022\/02\/19\/extension-du-complement-de-traitement-indiciaire-le-decret-est-paru\/\" target=\"_blank\" rel=\"nofollow noopener noreferrer\" data-saferedirecturl=\"https:\/\/www.google.com\/url?q=http:\/\/www.fo-territoriaux42.fr\/2022\/02\/19\/extension-du-complement-de-traitement-indiciaire-le-decret-est-paru\/&amp;source=gmail&amp;ust=1645528861983000&amp;usg=AOvVaw1uBFW5_7-qgXw0rvmZqgI0\">EXTENSION DU COMPL\u00c9MENT DE TRAITEMENT INDICIAIRE (CTI) : LE D\u00c9CRET EST PARU !<\/a><\/p>\n<p>&#8211;\u00a0<a href=\"http:\/\/www.fo-territoriaux42.fr\/2022\/02\/19\/le-retour-a-lausterite-prone-par-la-cour-des-comptes-serait-un-non-sens-economique-et-social\/\" target=\"_blank\" rel=\"nofollow noopener noreferrer\" data-saferedirecturl=\"https:\/\/www.google.com\/url?q=http:\/\/www.fo-territoriaux42.fr\/2022\/02\/19\/le-retour-a-lausterite-prone-par-la-cour-des-comptes-serait-un-non-sens-economique-et-social\/&amp;source=gmail&amp;ust=1645528861983000&amp;usg=AOvVaw1vrI0eDtvQ3s8j5xDOQE-A\">LE RETOUR \u00c0 L\u2019AUST\u00c9RIT\u00c9 PR\u00d4N\u00c9 PAR LA COUR DES COMPTES SERAIT UN NON SENS \u00c9CONOMIQUE ET SOCIAL<\/a><\/p>\n<\/div>\n<\/div>\n<\/div>\n","protected":false},"excerpt":{"rendered":"<p>Retrouvez les informations de\u00a0FORCE OUVRI\u00c8RE Territoriaux\u00a0publi\u00e9es la semaine 7 sur le site Internet\u00a0fo-territoriaux42.fr\u00a0en cliquant sur le lien de l\u2019article : &#8211;\u00a0T\u00c9L\u00c9TRAVAIL : DES \u00ab DIFFICULT\u00c9S [&#8230;]<\/p>\n","protected":false},"author":1,"featured_media":0,"comment_status":"closed","ping_status":"closed","sticky":false,"template":"","format":"standard","meta":{"jetpack_post_was_ever_published":false,"_jetpack_newsletter_access":"","_jetpack_dont_email_post_to_subs":false,"_jetpack_newsletter_tier_id":0,"_jetpack_memberships_contains_paywalled_content":false,"_jetpack_memberships_contains_paid_content":false,"footnotes":""},"categories":[17],"tags":[],"class_list":["post-1582","post","type-post","status-publish","format-standard","hentry","category-article"],"jetpack_featured_media_url":"","jetpack_sharing_enabled":true,"jetpack_shortlink":"https:\/\/wp.me\/p9roQz-pw","jetpack_likes_enabled":false,"publishpress_future_action":{"enabled":false,"date":"2026-05-08 09:55:09","action":"change-status","newStatus":"draft","terms":[],"taxonomy":"category","extraData":[]},"publishpress_future_workflow_manual_trigger":{"enabledWorkflows":[]},"_links":{"self":[{"href":"http:\/\/www.fo-saint-etienne.fr\/fomunvse\/index.php?rest_route=\/wp\/v2\/posts\/1582","targetHints":{"allow":["GET"]}}],"collection":[{"href":"http:\/\/www.fo-saint-etienne.fr\/fomunvse\/index.php?rest_route=\/wp\/v2\/posts"}],"about":[{"href":"http:\/\/www.fo-saint-etienne.fr\/fomunvse\/index.php?rest_route=\/wp\/v2\/types\/post"}],"author":[{"embeddable":true,"href":"http:\/\/www.fo-saint-etienne.fr\/fomunvse\/index.php?rest_route=\/wp\/v2\/users\/1"}],"replies":[{"embeddable":true,"href":"http:\/\/www.fo-saint-etienne.fr\/fomunvse\/index.php?rest_route=%2Fwp%2Fv2%2Fcomments&post=1582"}],"version-history":[{"count":2,"href":"http:\/\/www.fo-saint-etienne.fr\/fomunvse\/index.php?rest_route=\/wp\/v2\/posts\/1582\/revisions"}],"predecessor-version":[{"id":1584,"href":"http:\/\/www.fo-saint-etienne.fr\/fomunvse\/index.php?rest_route=\/wp\/v2\/posts\/1582\/revisions\/1584"}],"wp:attachment":[{"href":"http:\/\/www.fo-saint-etienne.fr\/fomunvse\/index.php?rest_route=%2Fwp%2Fv2%2Fmedia&parent=1582"}],"wp:term":[{"taxonomy":"category","embeddable":true,"href":"http:\/\/www.fo-saint-etienne.fr\/fomunvse\/index.php?rest_route=%2Fwp%2Fv2%2Fcategories&post=1582"},{"taxonomy":"post_tag","embeddable":true,"href":"http:\/\/www.fo-saint-etienne.fr\/fomunvse\/index.php?rest_route=%2Fwp%2Fv2%2Ftags&post=1582"}],"curies":[{"name":"wp","href":"https:\/\/api.w.org\/{rel}","templated":true}]}}