{"id":1592,"date":"2022-03-14T11:00:09","date_gmt":"2022-03-14T10:00:09","guid":{"rendered":"http:\/\/www.fo-saint-etienne.fr\/fomunvse\/?p=1592"},"modified":"2022-03-21T10:26:41","modified_gmt":"2022-03-21T09:26:41","slug":"info-force-ouvriere-de-la-semaine-10-2022","status":"publish","type":"post","link":"https:\/\/www.fo-saint-etienne.fr\/fomunvse\/?p=1592","title":{"rendered":"Info FORCE OUVRI\u00c8RE de la semaine 10 2022"},"content":{"rendered":"<div>\n<div>\n<div>\n<div dir=\"ltr\">\n<div>\n<div>\n<div dir=\"ltr\">\n<div>\n<div>\n<div>\n<div>\n<p><em>Retrouvez les informations de<strong>\u00a0FORCE OUVRI\u00c8RE Territoriaux\u00a0<\/strong>publi\u00e9es la semaine 10 sur le site Internet\u00a0<strong><span id=\"m_4949153106671369041OBJ_PREFIX_DWT262_com_zimbra_url\"><span id=\"m_4949153106671369041OBJ_PREFIX_DWT139_com_zimbra_url\"><span id=\"m_4949153106671369041OBJ_PREFIX_DWT151_com_zimbra_url\"><span id=\"m_4949153106671369041OBJ_PREFIX_DWT1401_com_zimbra_url\"><span id=\"m_4949153106671369041OBJ_PREFIX_DWT183_com_zimbra_url\"><span id=\"m_4949153106671369041OBJ_PREFIX_DWT177_com_zimbra_url\"><span id=\"m_4949153106671369041OBJ_PREFIX_DWT225_com_zimbra_url\"><span id=\"m_4949153106671369041OBJ_PREFIX_DWT221_com_zimbra_url\"><span id=\"m_4949153106671369041OBJ_PREFIX_DWT340_com_zimbra_url\"><span id=\"m_4949153106671369041OBJ_PREFIX_DWT86_com_zimbra_url\"><span id=\"m_4949153106671369041OBJ_PREFIX_DWT205_com_zimbra_url\"><span id=\"m_4949153106671369041OBJ_PREFIX_DWT82_com_zimbra_url\"><span id=\"m_4949153106671369041OBJ_PREFIX_DWT150_com_zimbra_url\"><span id=\"m_4949153106671369041OBJ_PREFIX_DWT100_com_zimbra_url\"><span id=\"m_4949153106671369041OBJ_PREFIX_DWT125_com_zimbra_url\"><span id=\"m_4949153106671369041OBJ_PREFIX_DWT702_com_zimbra_url\"><span id=\"m_4949153106671369041OBJ_PREFIX_DWT155_com_zimbra_url\"><span id=\"m_4949153106671369041OBJ_PREFIX_DWT428_com_zimbra_url\"><span id=\"m_4949153106671369041OBJ_PREFIX_DWT291_com_zimbra_url\"><span id=\"m_4949153106671369041OBJ_PREFIX_DWT628_com_zimbra_url\"><span id=\"m_4949153106671369041OBJ_PREFIX_DWT410_com_zimbra_url\"><span id=\"m_4949153106671369041OBJ_PREFIX_DWT226_com_zimbra_url\"><span id=\"m_4949153106671369041OBJ_PREFIX_DWT237_com_zimbra_url\"><span id=\"m_4949153106671369041OBJ_PREFIX_DWT634_com_zimbra_url\"><span id=\"m_4949153106671369041OBJ_PREFIX_DWT192_com_zimbra_url\"><span id=\"m_4949153106671369041OBJ_PREFIX_DWT218_com_zimbra_url\"><span id=\"m_4949153106671369041OBJ_PREFIX_DWT272_com_zimbra_url\"><span id=\"m_4949153106671369041OBJ_PREFIX_DWT244_com_zimbra_url\"><span id=\"m_4949153106671369041OBJ_PREFIX_DWT229_com_zimbra_url\"><span id=\"m_4949153106671369041OBJ_PREFIX_DWT196_com_zimbra_url\"><span id=\"m_4949153106671369041OBJ_PREFIX_DWT290_com_zimbra_url\"><span id=\"m_4949153106671369041OBJ_PREFIX_DWT170_com_zimbra_url\"><span id=\"m_4949153106671369041OBJ_PREFIX_DWT153_com_zimbra_url\"><span id=\"m_4949153106671369041OBJ_PREFIX_DWT258_com_zimbra_url\"><span id=\"m_4949153106671369041OBJ_PREFIX_DWT203_com_zimbra_url\"><span id=\"m_4949153106671369041OBJ_PREFIX_DWT195_com_zimbra_url\"><span id=\"m_4949153106671369041OBJ_PREFIX_DWT148_com_zimbra_url\"><span id=\"m_4949153106671369041OBJ_PREFIX_DWT294_com_zimbra_url\"><span id=\"m_4949153106671369041OBJ_PREFIX_DWT142_com_zimbra_url\"><span id=\"m_4949153106671369041OBJ_PREFIX_DWT365_com_zimbra_url\"><span id=\"m_4949153106671369041OBJ_PREFIX_DWT256_com_zimbra_url\"><span id=\"m_4949153106671369041OBJ_PREFIX_DWT127_com_zimbra_url\"><span id=\"m_4949153106671369041OBJ_PREFIX_DWT265_com_zimbra_url\"><span id=\"m_4949153106671369041OBJ_PREFIX_DWT128_com_zimbra_url\"><span id=\"m_4949153106671369041OBJ_PREFIX_DWT494_com_zimbra_url\"><span id=\"m_4949153106671369041OBJ_PREFIX_DWT223_com_zimbra_url\"><span id=\"m_4949153106671369041OBJ_PREFIX_DWT306_com_zimbra_url\"><span id=\"m_4949153106671369041OBJ_PREFIX_DWT180_com_zimbra_url\"><span id=\"m_4949153106671369041OBJ_PREFIX_DWT252_com_zimbra_url\"><span id=\"m_4949153106671369041OBJ_PREFIX_DWT190_com_zimbra_url\"><span id=\"m_4949153106671369041OBJ_PREFIX_DWT419_com_zimbra_url\"><span id=\"m_4949153106671369041OBJ_PREFIX_DWT188_com_zimbra_url\"><span id=\"m_4949153106671369041OBJ_PREFIX_DWT442_com_zimbra_url\"><span id=\"m_4949153106671369041OBJ_PREFIX_DWT206_com_zimbra_url\"><span id=\"m_4949153106671369041OBJ_PREFIX_DWT181_com_zimbra_url\"><span id=\"m_4949153106671369041OBJ_PREFIX_DWT211_com_zimbra_url\"><span id=\"m_4949153106671369041OBJ_PREFIX_DWT242_com_zimbra_url\"><span id=\"m_4949153106671369041OBJ_PREFIX_DWT185_com_zimbra_url\"><span id=\"m_4949153106671369041OBJ_PREFIX_DWT215_com_zimbra_url\"><span id=\"m_4949153106671369041OBJ_PREFIX_DWT197_com_zimbra_url\"><span id=\"m_4949153106671369041OBJ_PREFIX_DWT173_com_zimbra_url\"><span id=\"m_4949153106671369041OBJ_PREFIX_DWT275_com_zimbra_url\"><span id=\"m_4949153106671369041OBJ_PREFIX_DWT184_com_zimbra_url\"><span id=\"m_4949153106671369041OBJ_PREFIX_DWT138_com_zimbra_url\"><span id=\"m_4949153106671369041OBJ_PREFIX_DWT363_com_zimbra_url\"><span id=\"m_4949153106671369041OBJ_PREFIX_DWT231_com_zimbra_url\"><span id=\"m_4949153106671369041OBJ_PREFIX_DWT141_com_zimbra_url\"><span id=\"m_4949153106671369041OBJ_PREFIX_DWT200_com_zimbra_url\"><a href=\"http:\/\/www.fo-territoriaux42.fr\/\" target=\"_blank\" rel=\"noopener noreferrer nofollow\" data-saferedirecturl=\"https:\/\/www.google.com\/url?q=http:\/\/www.fo-territoriaux42.fr\/&amp;source=gmail&amp;ust=1647338171540000&amp;usg=AOvVaw1JdlmFQ2PRCDL44BEVRN73\">fo-territoriaux42.fr<\/a><\/span><\/span><\/span><\/span><\/span><\/span><\/span><\/span><\/span><\/span><\/span><\/span><\/span><\/span><\/span><\/span><\/span><\/span><\/span><\/span><\/span><\/span><\/span><\/span><\/span><\/span><\/span><\/span><\/span><\/span><\/span><\/span><\/span><\/span><\/span><\/span><\/span><\/span><\/span><\/span><\/span><\/span><\/span><\/span><\/span><\/span><\/span><\/span><\/span><\/span><\/span><\/span><\/span><\/span><\/span><\/span><\/span><\/span><\/span><\/span><\/span><\/span><\/span><\/span><\/span><\/span><\/span><\/span><\/strong>\u00a0<wbr \/>en cliquant sur le lien de l\u2019article :<\/em><\/p>\n<\/div>\n<\/div>\n<\/div>\n<\/div>\n<\/div>\n<\/div>\n<\/div>\n<\/div>\n<\/div>\n<div>\n<div>\n<p><strong>&#8211;\u00a0<a href=\"http:\/\/www.fo-territoriaux42.fr\/2022\/03\/06\/grilles-de-remuneration-des-agents-de-categorie-c-au-1er-janvier-2022\/\" target=\"_blank\" rel=\"nofollow noopener noreferrer\" data-saferedirecturl=\"https:\/\/www.google.com\/url?q=http:\/\/www.fo-territoriaux42.fr\/2022\/03\/06\/grilles-de-remuneration-des-agents-de-categorie-c-au-1er-janvier-2022\/&amp;source=gmail&amp;ust=1647338171540000&amp;usg=AOvVaw0rQWZPxqxAqTnlllTv59ZQ\">GRILLES DE R\u00c9MUN\u00c9RATION DES AGENTS DE CAT\u00c9GORIE C AU 1er JANVIER 2022<\/a><\/strong><\/p>\n<p>&#8211;\u00a0<a href=\"http:\/\/www.fo-territoriaux42.fr\/2022\/03\/07\/le-conseil-detat-saisi-sur-les-35-heures-dans-les-collectivites\/\" target=\"_blank\" rel=\"nofollow noopener noreferrer\" data-saferedirecturl=\"https:\/\/www.google.com\/url?q=http:\/\/www.fo-territoriaux42.fr\/2022\/03\/07\/le-conseil-detat-saisi-sur-les-35-heures-dans-les-collectivites\/&amp;source=gmail&amp;ust=1647338171540000&amp;usg=AOvVaw2gK3z5LIj1m1I-PMIq9rbr\">LE CONSEIL D\u2019\u00c9TAT SAISI SUR LES 35 HEURES DANS LES COLLECTIVIT\u00c9S<\/a><\/p>\n<p>&#8211;\u00a0<a href=\"http:\/\/www.fo-territoriaux42.fr\/2022\/03\/07\/le-gouvernement-souhaite-developper-le-secourisme-en-sante-mentale-dans-la-fonction-publique\/\" target=\"_blank\" rel=\"nofollow noopener noreferrer\" data-saferedirecturl=\"https:\/\/www.google.com\/url?q=http:\/\/www.fo-territoriaux42.fr\/2022\/03\/07\/le-gouvernement-souhaite-developper-le-secourisme-en-sante-mentale-dans-la-fonction-publique\/&amp;source=gmail&amp;ust=1647338171540000&amp;usg=AOvVaw19AXkX5Q55MxGI_BmhLJVi\">LE GOUVERNEMENT SOUHAITE D\u00c9VELOPPER LE \u00ab SECOURISME EN SANT\u00c9 MENTALE \u00bb DANS LA FONCTION PUBLIQUE<\/a><\/p>\n<p>&#8211;\u00a0<a href=\"http:\/\/www.fo-territoriaux42.fr\/2022\/03\/07\/8-mars-la-lutte-secrit-aussi-au-feminin\/\" target=\"_blank\" rel=\"nofollow noopener noreferrer\" data-saferedirecturl=\"https:\/\/www.google.com\/url?q=http:\/\/www.fo-territoriaux42.fr\/2022\/03\/07\/8-mars-la-lutte-secrit-aussi-au-feminin\/&amp;source=gmail&amp;ust=1647338171540000&amp;usg=AOvVaw2Z-xsfcHuDABVBabGCbM-e\">8 MARS : LA LUTTE S\u2019\u00c9CRIT AUSSI AU F\u00c9MININ !<\/a><\/p>\n<p>&#8211;\u00a0<a href=\"http:\/\/www.fo-territoriaux42.fr\/2022\/03\/09\/dispositions-transitoires-pour-les-avancements-de-grade-2022\/\" target=\"_blank\" rel=\"nofollow noopener noreferrer\" data-saferedirecturl=\"https:\/\/www.google.com\/url?q=http:\/\/www.fo-territoriaux42.fr\/2022\/03\/09\/dispositions-transitoires-pour-les-avancements-de-grade-2022\/&amp;source=gmail&amp;ust=1647338171540000&amp;usg=AOvVaw0Kmk8kl0e3iKMkdtvpY1ap\">DISPOSITIONS TRANSITOIRES POUR LES AVANCEMENTS DE GRADE 2022<\/a><\/p>\n<p>&#8211;\u00a0<a href=\"http:\/\/www.fo-territoriaux42.fr\/2022\/03\/09\/edito-dyves-veyrier-du-9-mars-2022-ukraine-les-consequences-du-conflit-se-font-deja-ressentir\/\" target=\"_blank\" rel=\"nofollow noopener noreferrer\" data-saferedirecturl=\"https:\/\/www.google.com\/url?q=http:\/\/www.fo-territoriaux42.fr\/2022\/03\/09\/edito-dyves-veyrier-du-9-mars-2022-ukraine-les-consequences-du-conflit-se-font-deja-ressentir\/&amp;source=gmail&amp;ust=1647338171540000&amp;usg=AOvVaw2IqH7nUcL1Lfz_CkLDG2YN\">\u00c9DITO D\u2019YVES VEYRIER DU 9 MARS 2022 : \u00ab UKRAINE, LES CONS\u00c9QUENCES DU CONFLIT SE FONT D\u00c9J\u00c0 RESSENTIR \u00bb<\/a><\/p>\n<p>&#8211;\u00a0<a href=\"http:\/\/www.fo-territoriaux42.fr\/2022\/03\/10\/elections-professionnelles-dans-la-fonction-publique-la-date-est-fixee-au-8-decembre-2022\/\" target=\"_blank\" rel=\"nofollow noopener noreferrer\" data-saferedirecturl=\"https:\/\/www.google.com\/url?q=http:\/\/www.fo-territoriaux42.fr\/2022\/03\/10\/elections-professionnelles-dans-la-fonction-publique-la-date-est-fixee-au-8-decembre-2022\/&amp;source=gmail&amp;ust=1647338171540000&amp;usg=AOvVaw0ugK7lFuV3p1Hq_0_JlFxI\">\u00c9LECTIONS PROFESSIONNELLES DANS LA FONCTION PUBLIQUE : LA DATE EST FIX\u00c9E AU 8 D\u00c9CEMBRE 2022<\/a><\/p>\n<p>&#8211;\u00a0<a href=\"http:\/\/www.fo-territoriaux42.fr\/2022\/03\/12\/retraites-la-cnracl-face-au-defi-de-lequilibre\/\" target=\"_blank\" rel=\"nofollow noopener noreferrer\" data-saferedirecturl=\"https:\/\/www.google.com\/url?q=http:\/\/www.fo-territoriaux42.fr\/2022\/03\/12\/retraites-la-cnracl-face-au-defi-de-lequilibre\/&amp;source=gmail&amp;ust=1647338171540000&amp;usg=AOvVaw3qI0FBemQY6z4xMfZFDNOS\">RETRAITES : LA CNRACL FACE AU D\u00c9FI DE L\u2019\u00c9QUILIBRE<\/a><\/p>\n<p>&#8211;\u00a0<a href=\"http:\/\/www.fo-territoriaux42.fr\/2022\/03\/12\/retraite-fo-soppose-a-toute-reforme-conduisant-a-reculer-lage-dela-retraite\/\" target=\"_blank\" rel=\"nofollow noopener noreferrer\" data-saferedirecturl=\"https:\/\/www.google.com\/url?q=http:\/\/www.fo-territoriaux42.fr\/2022\/03\/12\/retraite-fo-soppose-a-toute-reforme-conduisant-a-reculer-lage-dela-retraite\/&amp;source=gmail&amp;ust=1647338171540000&amp;usg=AOvVaw0eLjC9FZZleyGJi67xfidY\">RETRAITE : FO S\u2019OPPOSE \u00c0 TOUTE R\u00c9FORME CONDUISANT \u00c0 RECULER L\u2019\u00c2GE DE LA RETRAITE<\/a><\/p>\n<p>&#8211;\u00a0<a href=\"http:\/\/www.fo-territoriaux42.fr\/2022\/03\/12\/pouvoir-dachat-il-est-urgent-daugmenter-les-traitements-et-les-retraites\/\" target=\"_blank\" rel=\"nofollow noopener noreferrer\" data-saferedirecturl=\"https:\/\/www.google.com\/url?q=http:\/\/www.fo-territoriaux42.fr\/2022\/03\/12\/pouvoir-dachat-il-est-urgent-daugmenter-les-traitements-et-les-retraites\/&amp;source=gmail&amp;ust=1647338171540000&amp;usg=AOvVaw3nhWOHHHkD8cP8D50hQ0Xm\">POUVOIR D\u2019ACHAT : IL EST URGENT D\u2019AUGMENTER LES TRAITEMENTS ET LES RETRAITES<\/a><\/p>\n<p>&#8211;\u00a0<a href=\"http:\/\/www.fo-territoriaux42.fr\/2022\/03\/12\/retraite-a-65-ans-qui-va-payer-dans-la-fonction-publique\/\" target=\"_blank\" rel=\"nofollow noopener noreferrer\" data-saferedirecturl=\"https:\/\/www.google.com\/url?q=http:\/\/www.fo-territoriaux42.fr\/2022\/03\/12\/retraite-a-65-ans-qui-va-payer-dans-la-fonction-publique\/&amp;source=gmail&amp;ust=1647338171540000&amp;usg=AOvVaw12Fua95KSa1fWzocs2fuV-\">RETRAITE \u00c0 65 ANS : QUI VA PAYER DANS LA FONCTION PUBLIQUE TERRITORIALE ?<\/a><\/p>\n<\/div>\n<div><a href=\"http:\/\/www.fo-territoriaux42.fr\/2022\/03\/12\/fo-territoriaux-lance-une-petition-nationale-pour-la-reconnaissance-des-agents-territoriaux\/\" target=\"_blank\" rel=\"nofollow noopener noreferrer\" data-saferedirecturl=\"https:\/\/www.google.com\/url?q=http:\/\/www.fo-territoriaux42.fr\/2022\/03\/12\/fo-territoriaux-lance-une-petition-nationale-pour-la-reconnaissance-des-agents-territoriaux\/&amp;source=gmail&amp;ust=1647338171540000&amp;usg=AOvVaw3jOffAkfYDOgt2qsRZKMoJ\"><strong>&#8211; FO TERRITORIAUX LANCE UNE P\u00c9TITION NATIONALE POUR LA RECONNAISSANCE DES AGENTS TERRITORIAUX<\/strong><\/a><\/div>\n<\/div>\n<\/div>\n<\/div>\n<div>\n<div dir=\"ltr\">\n<div dir=\"ltr\">\n<div><\/div>\n<\/div>\n<\/div>\n<\/div>\n","protected":false},"excerpt":{"rendered":"<p>Retrouvez les informations de\u00a0FORCE OUVRI\u00c8RE Territoriaux\u00a0publi\u00e9es la semaine 10 sur le site Internet\u00a0fo-territoriaux42.fr\u00a0en cliquant sur le lien de l\u2019article : &#8211;\u00a0GRILLES DE R\u00c9MUN\u00c9RATION DES AGENTS [&#8230;]<\/p>\n","protected":false},"author":1,"featured_media":0,"comment_status":"closed","ping_status":"closed","sticky":false,"template":"","format":"standard","meta":{"jetpack_post_was_ever_published":false,"_jetpack_newsletter_access":"","_jetpack_dont_email_post_to_subs":false,"_jetpack_newsletter_tier_id":0,"_jetpack_memberships_contains_paywalled_content":false,"_jetpack_memberships_contains_paid_content":false,"footnotes":""},"categories":[17],"tags":[],"class_list":["post-1592","post","type-post","status-publish","format-standard","hentry","category-article"],"jetpack_featured_media_url":"","jetpack_sharing_enabled":true,"jetpack_shortlink":"https:\/\/wp.me\/p9roQz-pG","jetpack_likes_enabled":false,"publishpress_future_action":{"enabled":false,"date":"2026-05-10 10:13:42","action":"change-status","newStatus":"draft","terms":[],"taxonomy":"category","extraData":[]},"publishpress_future_workflow_manual_trigger":{"enabledWorkflows":[]},"_links":{"self":[{"href":"https:\/\/www.fo-saint-etienne.fr\/fomunvse\/index.php?rest_route=\/wp\/v2\/posts\/1592","targetHints":{"allow":["GET"]}}],"collection":[{"href":"https:\/\/www.fo-saint-etienne.fr\/fomunvse\/index.php?rest_route=\/wp\/v2\/posts"}],"about":[{"href":"https:\/\/www.fo-saint-etienne.fr\/fomunvse\/index.php?rest_route=\/wp\/v2\/types\/post"}],"author":[{"embeddable":true,"href":"https:\/\/www.fo-saint-etienne.fr\/fomunvse\/index.php?rest_route=\/wp\/v2\/users\/1"}],"replies":[{"embeddable":true,"href":"https:\/\/www.fo-saint-etienne.fr\/fomunvse\/index.php?rest_route=%2Fwp%2Fv2%2Fcomments&post=1592"}],"version-history":[{"count":2,"href":"https:\/\/www.fo-saint-etienne.fr\/fomunvse\/index.php?rest_route=\/wp\/v2\/posts\/1592\/revisions"}],"predecessor-version":[{"id":1594,"href":"https:\/\/www.fo-saint-etienne.fr\/fomunvse\/index.php?rest_route=\/wp\/v2\/posts\/1592\/revisions\/1594"}],"wp:attachment":[{"href":"https:\/\/www.fo-saint-etienne.fr\/fomunvse\/index.php?rest_route=%2Fwp%2Fv2%2Fmedia&parent=1592"}],"wp:term":[{"taxonomy":"category","embeddable":true,"href":"https:\/\/www.fo-saint-etienne.fr\/fomunvse\/index.php?rest_route=%2Fwp%2Fv2%2Fcategories&post=1592"},{"taxonomy":"post_tag","embeddable":true,"href":"https:\/\/www.fo-saint-etienne.fr\/fomunvse\/index.php?rest_route=%2Fwp%2Fv2%2Ftags&post=1592"}],"curies":[{"name":"wp","href":"https:\/\/api.w.org\/{rel}","templated":true}]}}