{"id":1596,"date":"2022-03-21T10:22:47","date_gmt":"2022-03-21T09:22:47","guid":{"rendered":"http:\/\/www.fo-saint-etienne.fr\/fomunvse\/?p=1596"},"modified":"2022-03-28T09:44:22","modified_gmt":"2022-03-28T08:44:22","slug":"info-force-ouvriere-de-la-semaine-11-2022","status":"publish","type":"post","link":"https:\/\/www.fo-saint-etienne.fr\/fomunvse\/?p=1596","title":{"rendered":"Info FORCE OUVRI\u00c8RE de la semaine 11 2022"},"content":{"rendered":"<div>\n<div dir=\"ltr\">\n<div>\n<div>\n<div dir=\"ltr\">\n<div>\n<div>\n<div>\n<div>\n<p><em>Comme chaque semaine, vous pourrez retrouver les articles publi\u00e9s\u00a0la\u00a0<b>semaine 11\u00a0<\/b>de l&rsquo;ann\u00e9e 2022\u00a0sur le site\u00a0<u><b><span id=\"m_819196823368832423OBJ_PREFIX_DWT70_com_zimbra_url\"><a href=\"http:\/\/fo-territoriaux42.fr\/\" target=\"_blank\" rel=\"nofollow noopener noreferrer\" data-saferedirecturl=\"https:\/\/www.google.com\/url?q=http:\/\/fo-territoriaux42.fr\/&amp;source=gmail&amp;ust=1647940747427000&amp;usg=AOvVaw0Tg83g3OwrQgcY4JQQfQtF\">fo-territoriaux42.fr<\/a><\/span><\/b><\/u> en cliquant sur le lien de l\u2019article :<\/em><\/p>\n<\/div>\n<\/div>\n<\/div>\n<\/div>\n<\/div>\n<\/div>\n<\/div>\n<\/div>\n<\/div>\n<div>\n<div>\n<p><strong>&#8211;\u00a0<a href=\"http:\/\/www.fo-territoriaux42.fr\/2022\/03\/14\/reunion-conclusive-premier-plan-sante-travail-dans-la-fonction-publique-14-mars-2022\/\" target=\"_blank\" rel=\"nofollow noopener noreferrer\" data-saferedirecturl=\"https:\/\/www.google.com\/url?q=http:\/\/www.fo-territoriaux42.fr\/2022\/03\/14\/reunion-conclusive-premier-plan-sante-travail-dans-la-fonction-publique-14-mars-2022\/&amp;source=gmail&amp;ust=1647940747427000&amp;usg=AOvVaw0GpGRl_ZScokENLSzypzKk\">R\u00c9UNION CONCLUSIVE \u2013 PREMIER PLAN SANT\u00c9 TRAVAIL DANS LA FONCTION PUBLI<\/a><a href=\"http:\/\/www.fo-territoriaux42.fr\/2022\/03\/14\/reunion-conclusive-premier-plan-sante-travail-dans-la-fonction-publique-14-mars-2022\/\" target=\"_blank\" rel=\"nofollow noopener noreferrer\" data-saferedirecturl=\"https:\/\/www.google.com\/url?q=http:\/\/www.fo-territoriaux42.fr\/2022\/03\/14\/reunion-conclusive-premier-plan-sante-travail-dans-la-fonction-publique-14-mars-2022\/&amp;source=gmail&amp;ust=1647940747427000&amp;usg=AOvVaw0GpGRl_ZScokENLSzypzKk\">QUE \u2013 14 MARS 2022<\/a><\/strong><\/p>\n<p><strong>&#8211;\u00a0<a href=\"http:\/\/www.fo-territoriaux42.fr\/2022\/03\/14\/la-reforme-des-instances-medicales-de-la-fonction-publique-entre-rn-vigueur\/\" target=\"_blank\" rel=\"nofollow noopener noreferrer\" data-saferedirecturl=\"https:\/\/www.google.com\/url?q=http:\/\/www.fo-territoriaux42.fr\/2022\/03\/14\/la-reforme-des-instances-medicales-de-la-fonction-publique-entre-rn-vigueur\/&amp;source=gmail&amp;ust=1647940747427000&amp;usg=AOvVaw0gpToxqw9JV-e8QW1MvGIA\">LA R\u00c9FORME DES INSTANCES M\u00c9DICALES DE LA FONCTION PUBLIQUE ENTRE EN VIGUEUR<\/a><\/strong><\/p>\n<p><strong>&#8211;\u00a0<a href=\"http:\/\/www.fo-territoriaux42.fr\/2022\/03\/14\/retraites-la-convergence-entre-public-et-prive-de-nouveau-sur-la-table\/\" target=\"_blank\" rel=\"nofollow noopener noreferrer\" data-saferedirecturl=\"https:\/\/www.google.com\/url?q=http:\/\/www.fo-territoriaux42.fr\/2022\/03\/14\/retraites-la-convergence-entre-public-et-prive-de-nouveau-sur-la-table\/&amp;source=gmail&amp;ust=1647940747427000&amp;usg=AOvVaw3LIymdu0_LSKHjfJ2ISKbp\">RETRAITES : LA CONVERGENCE ENTRE PUBLIC ET PRIV\u00c9 DE NOUVEAU SUR LA TABLE<\/a><\/strong><\/p>\n<p><strong>&#8211;\u00a0<a href=\"http:\/\/www.fo-territoriaux42.fr\/2022\/03\/15\/les-indemnites-kilometriques-pour-deplacements-professionnels-revalorises\/\" target=\"_blank\" rel=\"nofollow noopener noreferrer\" data-saferedirecturl=\"https:\/\/www.google.com\/url?q=http:\/\/www.fo-territoriaux42.fr\/2022\/03\/15\/les-indemnites-kilometriques-pour-deplacements-professionnels-revalorises\/&amp;source=gmail&amp;ust=1647940747427000&amp;usg=AOvVaw2dVnX16SlJhkYuT9tvAeDy\">LES INDEMNIT\u00c9S KILOM\u00c9TRIQUES POUR D\u00c9PLACEMENTS PROFESSIONNELS REVALORIS\u00c9S<\/a><\/strong><\/p>\n<p><strong>&#8211;\u00a0<a href=\"http:\/\/www.fo-territoriaux42.fr\/2022\/03\/15\/journee-internationale-de-solidarite-avec-lukraine-les-syndicats-pour-la-paix\/\" target=\"_blank\" rel=\"nofollow noopener noreferrer\" data-saferedirecturl=\"https:\/\/www.google.com\/url?q=http:\/\/www.fo-territoriaux42.fr\/2022\/03\/15\/journee-internationale-de-solidarite-avec-lukraine-les-syndicats-pour-la-paix\/&amp;source=gmail&amp;ust=1647940747427000&amp;usg=AOvVaw34imguV9AWOMt77qW0zYmv\">JOURN\u00c9E INTERNATIONALE DE SOLIDARIT\u00c9 AVEC L\u2019UKRAINE : LES SYNDICATS POUR LA PAIX<\/a><\/strong><\/p>\n<p><strong>&#8211;\u00a0<a href=\"http:\/\/www.fo-territoriaux42.fr\/2022\/03\/15\/degel-du-point-dindice-une-hausse-immediate-pas-une-promesse-electorale\/\" target=\"_blank\" rel=\"nofollow noopener noreferrer\" data-saferedirecturl=\"https:\/\/www.google.com\/url?q=http:\/\/www.fo-territoriaux42.fr\/2022\/03\/15\/degel-du-point-dindice-une-hausse-immediate-pas-une-promesse-electorale\/&amp;source=gmail&amp;ust=1647940747427000&amp;usg=AOvVaw3B38hTq9b4MqcRwaNaZRvy\">D\u00c9GEL DU POINT D\u2019INDICE : UNE HAUSSE IMM\u00c9DIATE, PAS UNE PROMESSE \u00c9LECTORALE !<\/a><\/strong><\/p>\n<p><strong>&#8211;\u00a0<a href=\"http:\/\/www.fo-territoriaux42.fr\/2022\/03\/16\/deficitaire-la-caisse-nationale-de-retraites-des-agents-lance-un-cri-dalerte\/\" target=\"_blank\" rel=\"nofollow noopener noreferrer\" data-saferedirecturl=\"https:\/\/www.google.com\/url?q=http:\/\/www.fo-territoriaux42.fr\/2022\/03\/16\/deficitaire-la-caisse-nationale-de-retraites-des-agents-lance-un-cri-dalerte\/&amp;source=gmail&amp;ust=1647940747427000&amp;usg=AOvVaw02pxa3GiNznpQzwyZZH3xB\">D\u00c9FICITAIRE, LA CAISSE NATIONALE DE RETRAITES DES AGENTS LANCE UN CRI D\u2019ALERTE<\/a><\/strong><\/p>\n<p><strong>&#8211;\u00a0<a href=\"http:\/\/www.fo-territoriaux42.fr\/2022\/03\/16\/covid-19-foire-aux-questions-mises-a-jour-le-mercredi-16-mars-2022\/\" target=\"_blank\" rel=\"nofollow noopener noreferrer\" data-saferedirecturl=\"https:\/\/www.google.com\/url?q=http:\/\/www.fo-territoriaux42.fr\/2022\/03\/16\/covid-19-foire-aux-questions-mises-a-jour-le-mercredi-16-mars-2022\/&amp;source=gmail&amp;ust=1647940747427000&amp;usg=AOvVaw2-_32iHOAGWx93nn9P5DKd\">COVID 19 \u2013 FOIRE AUX QUESTIONS MISE \u00c0 JOUR LE MERCREDI 16 MARS 2022<\/a><\/strong><\/p>\n<p><strong>&#8211;\u00a0<a href=\"http:\/\/www.fo-territoriaux42.fr\/2022\/03\/18\/contractuels-concours-sapeurs-pompiers-vote-favorable-du-csfpt-non-sans-debats\/\" target=\"_blank\" rel=\"nofollow noopener noreferrer\" data-saferedirecturl=\"https:\/\/www.google.com\/url?q=http:\/\/www.fo-territoriaux42.fr\/2022\/03\/18\/contractuels-concours-sapeurs-pompiers-vote-favorable-du-csfpt-non-sans-debats\/&amp;source=gmail&amp;ust=1647940747427000&amp;usg=AOvVaw25wGVYzxLJjzqwj_9_qVGs\">CONTRACTUELS, CONCOURS, SAPEURS-POMPIERS : VOTE FAVORABLE DU CSFPT \u2026 NON SANS D\u00c9BATS<\/a><\/strong><\/p>\n<p><strong>&#8211;\u00a0<\/strong><a href=\"http:\/\/www.fo-territoriaux42.fr\/2022\/03\/18\/emmanuel-macron-veut-rebattre-les-cartes-de-la-remuneration-dans-la-fonction-publique\/\" target=\"_blank\" rel=\"nofollow noopener noreferrer\" data-saferedirecturl=\"https:\/\/www.google.com\/url?q=http:\/\/www.fo-territoriaux42.fr\/2022\/03\/18\/emmanuel-macron-veut-rebattre-les-cartes-de-la-remuneration-dans-la-fonction-publique\/&amp;source=gmail&amp;ust=1647940747427000&amp;usg=AOvVaw0xTKL6s5tNkpnJI-r46wBO\"><strong>EMMANUEL MACRON VEUT \u00ab REBATTRE LES CARTES \u00bb DE LA R\u00c9MUN\u00c9RATION DANS LA FONCTION PUBLIQUE<\/strong><\/a><\/p>\n<\/div>\n<\/div>\n","protected":false},"excerpt":{"rendered":"<p>Comme chaque semaine, vous pourrez retrouver les articles publi\u00e9s\u00a0la\u00a0semaine 11\u00a0de l&rsquo;ann\u00e9e 2022\u00a0sur le site\u00a0fo-territoriaux42.fr en cliquant sur le lien de l\u2019article : &#8211;\u00a0R\u00c9UNION CONCLUSIVE \u2013 [&#8230;]<\/p>\n","protected":false},"author":1,"featured_media":0,"comment_status":"closed","ping_status":"closed","sticky":false,"template":"","format":"standard","meta":{"jetpack_post_was_ever_published":false,"_jetpack_newsletter_access":"","_jetpack_dont_email_post_to_subs":false,"_jetpack_newsletter_tier_id":0,"_jetpack_memberships_contains_paywalled_content":false,"_jetpack_memberships_contains_paid_content":false,"footnotes":""},"categories":[17],"tags":[],"class_list":["post-1596","post","type-post","status-publish","format-standard","hentry","category-article"],"jetpack_featured_media_url":"","jetpack_sharing_enabled":true,"jetpack_shortlink":"https:\/\/wp.me\/p9roQz-pK","jetpack_likes_enabled":false,"publishpress_future_action":{"enabled":false,"date":"2026-05-09 07:37:55","action":"change-status","newStatus":"draft","terms":[],"taxonomy":"category","extraData":[]},"publishpress_future_workflow_manual_trigger":{"enabledWorkflows":[]},"_links":{"self":[{"href":"https:\/\/www.fo-saint-etienne.fr\/fomunvse\/index.php?rest_route=\/wp\/v2\/posts\/1596","targetHints":{"allow":["GET"]}}],"collection":[{"href":"https:\/\/www.fo-saint-etienne.fr\/fomunvse\/index.php?rest_route=\/wp\/v2\/posts"}],"about":[{"href":"https:\/\/www.fo-saint-etienne.fr\/fomunvse\/index.php?rest_route=\/wp\/v2\/types\/post"}],"author":[{"embeddable":true,"href":"https:\/\/www.fo-saint-etienne.fr\/fomunvse\/index.php?rest_route=\/wp\/v2\/users\/1"}],"replies":[{"embeddable":true,"href":"https:\/\/www.fo-saint-etienne.fr\/fomunvse\/index.php?rest_route=%2Fwp%2Fv2%2Fcomments&post=1596"}],"version-history":[{"count":3,"href":"https:\/\/www.fo-saint-etienne.fr\/fomunvse\/index.php?rest_route=\/wp\/v2\/posts\/1596\/revisions"}],"predecessor-version":[{"id":1599,"href":"https:\/\/www.fo-saint-etienne.fr\/fomunvse\/index.php?rest_route=\/wp\/v2\/posts\/1596\/revisions\/1599"}],"wp:attachment":[{"href":"https:\/\/www.fo-saint-etienne.fr\/fomunvse\/index.php?rest_route=%2Fwp%2Fv2%2Fmedia&parent=1596"}],"wp:term":[{"taxonomy":"category","embeddable":true,"href":"https:\/\/www.fo-saint-etienne.fr\/fomunvse\/index.php?rest_route=%2Fwp%2Fv2%2Fcategories&post=1596"},{"taxonomy":"post_tag","embeddable":true,"href":"https:\/\/www.fo-saint-etienne.fr\/fomunvse\/index.php?rest_route=%2Fwp%2Fv2%2Ftags&post=1596"}],"curies":[{"name":"wp","href":"https:\/\/api.w.org\/{rel}","templated":true}]}}