{"id":1608,"date":"2022-04-05T12:19:12","date_gmt":"2022-04-05T11:19:12","guid":{"rendered":"http:\/\/www.fo-saint-etienne.fr\/fomunvse\/?p=1608"},"modified":"2022-04-12T10:12:31","modified_gmt":"2022-04-12T09:12:31","slug":"info-force-ouvriere-de-la-semaine-13-2022","status":"publish","type":"post","link":"https:\/\/www.fo-saint-etienne.fr\/fomunvse\/?p=1608","title":{"rendered":"Info FORCE OUVRI\u00c8RE de la semaine 13 2022"},"content":{"rendered":"<div>\n<div dir=\"ltr\">\n<div>\n<div>\n<div dir=\"ltr\">\n<div>\n<div>\n<div>\n<div>\n<p><em>Comme chaque semaine, vous pourrez retrouver les articles publi\u00e9s\u00a0la\u00a0<b>semaine 13\u00a0<\/b>de l&rsquo;ann\u00e9e 2022\u00a0sur le site\u00a0<u><b><span id=\"m_-5190811629546314109OBJ_PREFIX_DWT70_com_zimbra_url\"><span id=\"m_-5190811629546314109OBJ_PREFIX_DWT404_com_zimbra_url\"><a href=\"http:\/\/fo-territoriaux42.fr\/\" target=\"_blank\" rel=\"nofollow noopener noreferrer\" data-saferedirecturl=\"https:\/\/www.google.com\/url?q=http:\/\/fo-territoriaux42.fr\/&amp;source=gmail&amp;ust=1649243695754000&amp;usg=AOvVaw0ZtCf_GYqxfDFTgnvzsrtf\">fo-territoriaux42.fr<\/a><\/span><\/span><\/b><\/u> en cliquant sur le lien de l\u2019article :<\/em><\/p>\n<\/div>\n<\/div>\n<\/div>\n<\/div>\n<\/div>\n<\/div>\n<\/div>\n<\/div>\n<\/div>\n<div>\n<div><b>&#8211;\u00a0<a href=\"http:\/\/www.fo-territoriaux42.fr\/2022\/03\/29\/la-mediation-prealable-obligatoire-generalisee-par-decret\/\" target=\"_blank\" rel=\"nofollow noopener noreferrer\" data-saferedirecturl=\"https:\/\/www.google.com\/url?q=http:\/\/www.fo-territoriaux42.fr\/2022\/03\/29\/la-mediation-prealable-obligatoire-generalisee-par-decret\/&amp;source=gmail&amp;ust=1649243695754000&amp;usg=AOvVaw2sC02UHISMRZqnPi7N2c9D\">LA M\u00c9DIATION PR\u00c9ALABLE OBLIGATOIRE G\u00c9N\u00c9RALIS\u00c9E PAR D\u00c9CRET<\/a><\/p>\n<p>&#8211;\u00a0<a href=\"http:\/\/www.fo-territoriaux42.fr\/2022\/03\/29\/fonction-publique-la-tentation-du-chamboule-tout-sur-les-remunerations-et-les-primes\/\" target=\"_blank\" rel=\"nofollow noopener noreferrer\" data-saferedirecturl=\"https:\/\/www.google.com\/url?q=http:\/\/www.fo-territoriaux42.fr\/2022\/03\/29\/fonction-publique-la-tentation-du-chamboule-tout-sur-les-remunerations-et-les-primes\/&amp;source=gmail&amp;ust=1649243695754000&amp;usg=AOvVaw1jj4GkQRUUD_Gqdtj8hx6c\">FONCTION PUBLIQUE : LA TENTATION DU CHAMBOULE-TOUT SUR LES R\u00c9MUN\u00c9RATIONS ET LES PRIMES<\/a><\/p>\n<p>&#8211;\u00a0<a href=\"http:\/\/www.fo-territoriaux42.fr\/2022\/03\/29\/temps-de-travail-des-agents-publics-quelles-sont-les-garanties-minimales-a-respecter\/\" target=\"_blank\" rel=\"nofollow noopener noreferrer\" data-saferedirecturl=\"https:\/\/www.google.com\/url?q=http:\/\/www.fo-territoriaux42.fr\/2022\/03\/29\/temps-de-travail-des-agents-publics-quelles-sont-les-garanties-minimales-a-respecter\/&amp;source=gmail&amp;ust=1649243695754000&amp;usg=AOvVaw0vHybs3sf7By_AvkDXLN1n\">TEMPS DE TRAVAIL DES AGENTS PUBLICS : QUELLES SONT LES GARANTIES MINIMALES \u00c0 RESPECTER ?<\/a><\/p>\n<p>&#8211;\u00a0<a href=\"http:\/\/www.fo-territoriaux42.fr\/2022\/03\/29\/fonction-publique-quelles-perspectives-salariales\/\" target=\"_blank\" rel=\"nofollow noopener noreferrer\" data-saferedirecturl=\"https:\/\/www.google.com\/url?q=http:\/\/www.fo-territoriaux42.fr\/2022\/03\/29\/fonction-publique-quelles-perspectives-salariales\/&amp;source=gmail&amp;ust=1649243695754000&amp;usg=AOvVaw1jNyeNHaxu2YpbEtKCxUmb\">FONCTION PUBLIQUE : QUELLES PERSPECTIVES SALARIALES ?<\/a><\/p>\n<p>&#8211;\u00a0<a href=\"http:\/\/www.fo-territoriaux42.fr\/2022\/03\/31\/le-risque-dune-benevolisation-de-laction-publique\/\" target=\"_blank\" rel=\"nofollow noopener noreferrer\" data-saferedirecturl=\"https:\/\/www.google.com\/url?q=http:\/\/www.fo-territoriaux42.fr\/2022\/03\/31\/le-risque-dune-benevolisation-de-laction-publique\/&amp;source=gmail&amp;ust=1649243695754000&amp;usg=AOvVaw3WwJpJ60c4yD6PWrqbU-xU\">LE RISQUE D\u2019UNE \u00ab B\u00c9N\u00c9VOLISATION \u00bb DE L\u2019ACTION PUBLIQUE<\/a><\/p>\n<p>&#8211;\u00a0<a href=\"http:\/\/www.fo-territoriaux42.fr\/2022\/03\/31\/declaration-du-comite-confederale-nationale-fo-des-30-et-31-mars-2022\/\" target=\"_blank\" rel=\"nofollow noopener noreferrer\" data-saferedirecturl=\"https:\/\/www.google.com\/url?q=http:\/\/www.fo-territoriaux42.fr\/2022\/03\/31\/declaration-du-comite-confederale-nationale-fo-des-30-et-31-mars-2022\/&amp;source=gmail&amp;ust=1649243695754000&amp;usg=AOvVaw15WidTUsk0xz6e1-BrlPjj\">D\u00c9CLARATION DU COMIT\u00c9 CONF\u00c9D\u00c9RAL NATIONAL FO DES 30 ET 31 MARS 2022<\/a><\/p>\n<p>&#8211;\u00a0<a href=\"http:\/\/www.fo-territoriaux42.fr\/2022\/04\/01\/retraites-le-president-de-la-cnracl-salarme\/\" target=\"_blank\" rel=\"nofollow noopener noreferrer\" data-saferedirecturl=\"https:\/\/www.google.com\/url?q=http:\/\/www.fo-territoriaux42.fr\/2022\/04\/01\/retraites-le-president-de-la-cnracl-salarme\/&amp;source=gmail&amp;ust=1649243695754000&amp;usg=AOvVaw1BgScoGVws7pyaCdvBcfPT\">RETRAITES : LE PR\u00c9SIDENT DE LA CNRACL S\u2019ALARME<\/a><\/b><\/div>\n<\/div>\n","protected":false},"excerpt":{"rendered":"<p>Comme chaque semaine, vous pourrez retrouver les articles publi\u00e9s\u00a0la\u00a0semaine 13\u00a0de l&rsquo;ann\u00e9e 2022\u00a0sur le site\u00a0fo-territoriaux42.fr en cliquant sur le lien de l\u2019article : &#8211;\u00a0LA M\u00c9DIATION PR\u00c9ALABLE [&#8230;]<\/p>\n","protected":false},"author":1,"featured_media":0,"comment_status":"closed","ping_status":"closed","sticky":false,"template":"","format":"standard","meta":{"jetpack_post_was_ever_published":false,"_jetpack_newsletter_access":"","_jetpack_dont_email_post_to_subs":false,"_jetpack_newsletter_tier_id":0,"_jetpack_memberships_contains_paywalled_content":false,"_jetpack_memberships_contains_paid_content":false,"footnotes":""},"categories":[17],"tags":[],"class_list":["post-1608","post","type-post","status-publish","format-standard","hentry","category-article"],"jetpack_featured_media_url":"","jetpack_sharing_enabled":true,"jetpack_shortlink":"https:\/\/wp.me\/p9roQz-pW","jetpack_likes_enabled":false,"publishpress_future_action":{"enabled":false,"date":"2026-05-09 02:50:28","action":"change-status","newStatus":"draft","terms":[],"taxonomy":"category","extraData":[]},"publishpress_future_workflow_manual_trigger":{"enabledWorkflows":[]},"_links":{"self":[{"href":"https:\/\/www.fo-saint-etienne.fr\/fomunvse\/index.php?rest_route=\/wp\/v2\/posts\/1608","targetHints":{"allow":["GET"]}}],"collection":[{"href":"https:\/\/www.fo-saint-etienne.fr\/fomunvse\/index.php?rest_route=\/wp\/v2\/posts"}],"about":[{"href":"https:\/\/www.fo-saint-etienne.fr\/fomunvse\/index.php?rest_route=\/wp\/v2\/types\/post"}],"author":[{"embeddable":true,"href":"https:\/\/www.fo-saint-etienne.fr\/fomunvse\/index.php?rest_route=\/wp\/v2\/users\/1"}],"replies":[{"embeddable":true,"href":"https:\/\/www.fo-saint-etienne.fr\/fomunvse\/index.php?rest_route=%2Fwp%2Fv2%2Fcomments&post=1608"}],"version-history":[{"count":1,"href":"https:\/\/www.fo-saint-etienne.fr\/fomunvse\/index.php?rest_route=\/wp\/v2\/posts\/1608\/revisions"}],"predecessor-version":[{"id":1609,"href":"https:\/\/www.fo-saint-etienne.fr\/fomunvse\/index.php?rest_route=\/wp\/v2\/posts\/1608\/revisions\/1609"}],"wp:attachment":[{"href":"https:\/\/www.fo-saint-etienne.fr\/fomunvse\/index.php?rest_route=%2Fwp%2Fv2%2Fmedia&parent=1608"}],"wp:term":[{"taxonomy":"category","embeddable":true,"href":"https:\/\/www.fo-saint-etienne.fr\/fomunvse\/index.php?rest_route=%2Fwp%2Fv2%2Fcategories&post=1608"},{"taxonomy":"post_tag","embeddable":true,"href":"https:\/\/www.fo-saint-etienne.fr\/fomunvse\/index.php?rest_route=%2Fwp%2Fv2%2Ftags&post=1608"}],"curies":[{"name":"wp","href":"https:\/\/api.w.org\/{rel}","templated":true}]}}