{"id":1622,"date":"2022-04-25T08:02:44","date_gmt":"2022-04-25T07:02:44","guid":{"rendered":"http:\/\/www.fo-saint-etienne.fr\/fomunvse\/?p=1622"},"modified":"2022-05-04T09:23:08","modified_gmt":"2022-05-04T08:23:08","slug":"info-force-ouvriere-de-la-semaine-16-2022","status":"publish","type":"post","link":"https:\/\/www.fo-saint-etienne.fr\/fomunvse\/?p=1622","title":{"rendered":"Info FORCE OUVRI\u00c8RE de la semaine 16 2022"},"content":{"rendered":"<p><span style=\"font-size: large;\">Comme chaque semaine, vous pourrez retrouver les articles publi\u00e9s\u00a0la\u00a0<b>semaine 16\u00a0<\/b>de l&rsquo;ann\u00e9e 2022 sur le site Internet\u00a0<u><b><a href=\"http:\/\/fo-territoriaux42.fr\/\" target=\"_blank\" rel=\"noopener\" data-saferedirecturl=\"https:\/\/www.google.com\/url?q=http:\/\/fo-territoriaux42.fr&amp;source=gmail&amp;ust=1650956440476000&amp;usg=AOvVaw3eUMcaqRUIDrdRxvnI7hyD\">fo-territoriaux42.fr<\/a><\/b><\/u>\u00a0<\/span><span style=\"font-size: large;\"><wbr \/>en cliquant sur le lien de l\u2019article :<\/span><\/p>\n<div>\n<div>\n<p><b>&#8211;\u00a0<a href=\"http:\/\/www.fo-territoriaux42.fr\/2022\/04\/19\/promotion-interne-dans-la-fpt-il-nest-pas-envisage-a-court-terme-de-modifier-la-reglementation-des-quotas-de-promotion-interne\/\" target=\"_blank\" rel=\"noopener\" data-saferedirecturl=\"https:\/\/www.google.com\/url?q=http:\/\/www.fo-territoriaux42.fr\/2022\/04\/19\/promotion-interne-dans-la-fpt-il-nest-pas-envisage-a-court-terme-de-modifier-la-reglementation-des-quotas-de-promotion-interne\/&amp;source=gmail&amp;ust=1650956440476000&amp;usg=AOvVaw3iF9j8_vnINGRKZP-bQmXP\">PROMOTION INTERNE DANS LA FPT : IL N\u2019EST PAS ENVISAG\u00c9, \u00c0 COURT TERME, DE MODIFIER LA R\u00c9GLEMENTATION DES QUOTAS<\/a><\/b><\/p>\n<p><strong>&#8211;\u00a0<a href=\"http:\/\/www.fo-territoriaux42.fr\/2022\/04\/19\/communique-de-presse-confederal-du-19-avril-2022-sur-les-retraites\/\" target=\"_blank\" rel=\"noopener\" data-saferedirecturl=\"https:\/\/www.google.com\/url?q=http:\/\/www.fo-territoriaux42.fr\/2022\/04\/19\/communique-de-presse-confederal-du-19-avril-2022-sur-les-retraites\/&amp;source=gmail&amp;ust=1650956440476000&amp;usg=AOvVaw3pQzqxg6CPyq4r0nVsu-oI\">COMMUNIQU\u00c9 DE PRESSE CONF\u00c9D\u00c9RAL DU 19 AVRIL 2022 SUR LES RETRAITES<\/a><\/strong><\/p>\n<p><strong>&#8211;\u00a0<a href=\"http:\/\/www.fo-territoriaux42.fr\/2022\/04\/20\/marine-le-pen-ne-degelera-pas-le-point-dindice-et-veut-tenir-le-cap-budgetaire\/\" target=\"_blank\" rel=\"noopener\" data-saferedirecturl=\"https:\/\/www.google.com\/url?q=http:\/\/www.fo-territoriaux42.fr\/2022\/04\/20\/marine-le-pen-ne-degelera-pas-le-point-dindice-et-veut-tenir-le-cap-budgetaire\/&amp;source=gmail&amp;ust=1650956440476000&amp;usg=AOvVaw2VxAD-IZQE_0LNPMOLRpXv\">MARINE LE PEN NE D\u00c9G\u00c8LERA PAS LE POINT D\u2019INDICE ET VEUT TENIR LE CAP BUDG\u00c9TAIRE<\/a><\/strong><\/p>\n<p><strong>&#8211;\u00a0<a href=\"http:\/\/www.fo-territoriaux42.fr\/2022\/04\/20\/allocation-temporaire-dinvalidite-rappel-des-conditions-doctroi-et-du-mode-de-calcul\/\" target=\"_blank\" rel=\"noopener\" data-saferedirecturl=\"https:\/\/www.google.com\/url?q=http:\/\/www.fo-territoriaux42.fr\/2022\/04\/20\/allocation-temporaire-dinvalidite-rappel-des-conditions-doctroi-et-du-mode-de-calcul\/&amp;source=gmail&amp;ust=1650956440476000&amp;usg=AOvVaw0CE1qg8aDGjl4DiQnxmPhf\">ALLOCATION TEMPORAIRE D\u2019INVALIDIT\u00c9 : RAPPEL DES CONDITIONS D\u2019OCTROI ET DU MODE DE CALCUL<\/a><\/strong><\/p>\n<p><strong>&#8211;\u00a0<a href=\"http:\/\/www.fo-territoriaux42.fr\/2022\/04\/21\/relevement-du-minimum-de-traitement-de-la-fonction-publique\/\" target=\"_blank\" rel=\"noopener\" data-saferedirecturl=\"https:\/\/www.google.com\/url?q=http:\/\/www.fo-territoriaux42.fr\/2022\/04\/21\/relevement-du-minimum-de-traitement-de-la-fonction-publique\/&amp;source=gmail&amp;ust=1650956440476000&amp;usg=AOvVaw2zVUzGqvmwnkScawPyUeaJ\">REL\u00c8VEMENT DU MINIMUM DE TRAITEMENT DE LA FONCTION PUBLIQUE<\/a><\/strong><\/p>\n<p><strong>&#8211;\u00a0<a href=\"http:\/\/www.fo-territoriaux42.fr\/2022\/04\/21\/ce-que-contient-le-decret-sur-la-protection-sociale-complementaire-dans-la-fpt\/\" target=\"_blank\" rel=\"noopener\" data-saferedirecturl=\"https:\/\/www.google.com\/url?q=http:\/\/www.fo-territoriaux42.fr\/2022\/04\/21\/ce-que-contient-le-decret-sur-la-protection-sociale-complementaire-dans-la-fpt\/&amp;source=gmail&amp;ust=1650956440476000&amp;usg=AOvVaw2_pv_U8id1sfeZO0gmFVhs\">CE QUE CONTIENT LE D\u00c9CRET SUR LA PROTECTION SOCIALE COMPL\u00c9MENTAIRE DANS LA FPT<\/a><\/strong><\/p>\n<p><strong>&#8211;\u00a0<a href=\"http:\/\/www.fo-territoriaux42.fr\/2022\/04\/21\/edito-dyves-veyrier-du-20-avril-2022-proximite-ou-adhesion-syndicale\/\" target=\"_blank\" rel=\"noopener\" data-saferedirecturl=\"https:\/\/www.google.com\/url?q=http:\/\/www.fo-territoriaux42.fr\/2022\/04\/21\/edito-dyves-veyrier-du-20-avril-2022-proximite-ou-adhesion-syndicale\/&amp;source=gmail&amp;ust=1650956440476000&amp;usg=AOvVaw3gZ31TpVrRlrlvJm6_fGdr\">\u00c9DITO D\u2019YVES VEYRIER DU 20 AVRIL 2022 : \u00ab PROXIMIT\u00c9 OU ADH\u00c9SION SYNDICALE ? \u00bb<\/a><\/strong><\/p>\n<p><strong>&#8211;\u00a0<\/strong><a href=\"http:\/\/www.fo-territoriaux42.fr\/2022\/04\/22\/nouvelle-inflation-de-265-les-fonctionnaires-continuent-de-perdre-du-pouvoir-dacaht\/\" target=\"_blank\" rel=\"noopener\" data-saferedirecturl=\"https:\/\/www.google.com\/url?q=http:\/\/www.fo-territoriaux42.fr\/2022\/04\/22\/nouvelle-inflation-de-265-les-fonctionnaires-continuent-de-perdre-du-pouvoir-dacaht\/&amp;source=gmail&amp;ust=1650956440476000&amp;usg=AOvVaw3BrP7NlkY2INHjlq9cSdNu\"><strong>NOUVELLE INFLATION DE + 2,65 % : LES FONCTIONNAIRES CONTINUENT DE PERDRE DU POUVOIR D\u2019ACHAT<\/strong><\/a><\/p>\n<\/div>\n<\/div>\n","protected":false},"excerpt":{"rendered":"<p>Comme chaque semaine, vous pourrez retrouver les articles publi\u00e9s\u00a0la\u00a0semaine 16\u00a0de l&rsquo;ann\u00e9e 2022 sur le site Internet\u00a0fo-territoriaux42.fr\u00a0en cliquant sur le lien de l\u2019article : &#8211;\u00a0PROMOTION INTERNE [&#8230;]<\/p>\n","protected":false},"author":1,"featured_media":0,"comment_status":"closed","ping_status":"closed","sticky":false,"template":"","format":"standard","meta":{"jetpack_post_was_ever_published":false,"_jetpack_newsletter_access":"","_jetpack_dont_email_post_to_subs":false,"_jetpack_newsletter_tier_id":0,"_jetpack_memberships_contains_paywalled_content":false,"_jetpack_memberships_contains_paid_content":false,"footnotes":""},"categories":[17],"tags":[],"class_list":["post-1622","post","type-post","status-publish","format-standard","hentry","category-article"],"jetpack_featured_media_url":"","jetpack_sharing_enabled":true,"jetpack_shortlink":"https:\/\/wp.me\/p9roQz-qa","jetpack_likes_enabled":false,"publishpress_future_action":{"enabled":false,"date":"2026-05-09 06:42:58","action":"change-status","newStatus":"draft","terms":[],"taxonomy":"category","extraData":[]},"publishpress_future_workflow_manual_trigger":{"enabledWorkflows":[]},"_links":{"self":[{"href":"https:\/\/www.fo-saint-etienne.fr\/fomunvse\/index.php?rest_route=\/wp\/v2\/posts\/1622","targetHints":{"allow":["GET"]}}],"collection":[{"href":"https:\/\/www.fo-saint-etienne.fr\/fomunvse\/index.php?rest_route=\/wp\/v2\/posts"}],"about":[{"href":"https:\/\/www.fo-saint-etienne.fr\/fomunvse\/index.php?rest_route=\/wp\/v2\/types\/post"}],"author":[{"embeddable":true,"href":"https:\/\/www.fo-saint-etienne.fr\/fomunvse\/index.php?rest_route=\/wp\/v2\/users\/1"}],"replies":[{"embeddable":true,"href":"https:\/\/www.fo-saint-etienne.fr\/fomunvse\/index.php?rest_route=%2Fwp%2Fv2%2Fcomments&post=1622"}],"version-history":[{"count":2,"href":"https:\/\/www.fo-saint-etienne.fr\/fomunvse\/index.php?rest_route=\/wp\/v2\/posts\/1622\/revisions"}],"predecessor-version":[{"id":1624,"href":"https:\/\/www.fo-saint-etienne.fr\/fomunvse\/index.php?rest_route=\/wp\/v2\/posts\/1622\/revisions\/1624"}],"wp:attachment":[{"href":"https:\/\/www.fo-saint-etienne.fr\/fomunvse\/index.php?rest_route=%2Fwp%2Fv2%2Fmedia&parent=1622"}],"wp:term":[{"taxonomy":"category","embeddable":true,"href":"https:\/\/www.fo-saint-etienne.fr\/fomunvse\/index.php?rest_route=%2Fwp%2Fv2%2Fcategories&post=1622"},{"taxonomy":"post_tag","embeddable":true,"href":"https:\/\/www.fo-saint-etienne.fr\/fomunvse\/index.php?rest_route=%2Fwp%2Fv2%2Ftags&post=1622"}],"curies":[{"name":"wp","href":"https:\/\/api.w.org\/{rel}","templated":true}]}}