{"id":1691,"date":"2022-07-27T09:00:32","date_gmt":"2022-07-27T08:00:32","guid":{"rendered":"http:\/\/www.fo-saint-etienne.fr\/fomunvse\/?p=1691"},"modified":"2022-08-23T10:33:14","modified_gmt":"2022-08-23T09:33:14","slug":"info-force-ouvriere-de-la-semaine-29-2022","status":"publish","type":"post","link":"http:\/\/www.fo-saint-etienne.fr\/fomunvse\/?p=1691","title":{"rendered":"Info FORCE OUVRI\u00c8RE de la semaine 29 2022"},"content":{"rendered":"<div>\n<div>\n<div dir=\"ltr\">\n<div>\n<div>\n<div dir=\"ltr\">\n<div>\n<div>\n<div dir=\"ltr\">\n<div>\n<div>\n<div>\n<div>\n<p><strong>Comme chaque semaine, vous pourrez retrouver les articles publi\u00e9s\u00a0la\u00a0semaine 29\u00a0de l&rsquo;ann\u00e9e 2022\u00a0sur le site\u00a0<u><span id=\"m_-6000992754577972448OBJ_PREFIX_DWT70_com_zimbra_url\"><span id=\"m_-6000992754577972448OBJ_PREFIX_DWT404_com_zimbra_url\"><span id=\"m_-6000992754577972448OBJ_PREFIX_DWT185_com_zimbra_url\"><span id=\"m_-6000992754577972448OBJ_PREFIX_DWT448_com_zimbra_url\"><span id=\"m_-6000992754577972448OBJ_PREFIX_DWT180_com_zimbra_url\"><span id=\"m_-6000992754577972448OBJ_PREFIX_DWT987_com_zimbra_url\"><span id=\"m_-6000992754577972448OBJ_PREFIX_DWT253_com_zimbra_url\"><span id=\"m_-6000992754577972448OBJ_PREFIX_DWT277_com_zimbra_url\"><span id=\"m_-6000992754577972448OBJ_PREFIX_DWT378_com_zimbra_url\"><span id=\"m_-6000992754577972448OBJ_PREFIX_DWT2256_com_zimbra_url\"><span id=\"m_-6000992754577972448OBJ_PREFIX_DWT238_com_zimbra_url\"><span id=\"m_-6000992754577972448OBJ_PREFIX_DWT187_com_zimbra_url\"><a href=\"http:\/\/fo-territoriaux42.fr\/\" target=\"_blank\" rel=\"nofollow noopener noreferrer\" data-saferedirecturl=\"https:\/\/www.google.com\/url?q=http:\/\/fo-territoriaux42.fr\/&amp;source=gmail&amp;ust=1658994080519000&amp;usg=AOvVaw0yfiZuOcc3u2O4MucICu1P\">fo-territoriaux42.fr<\/a><\/span><\/span><\/span><\/span><\/span><\/span><\/span><\/span><\/span><\/span><\/span><\/span><\/u> en cliquant sur le lien de l\u2019article :<\/strong><\/p>\n<\/div>\n<\/div>\n<\/div>\n<\/div>\n<\/div>\n<\/div>\n<\/div>\n<\/div>\n<\/div>\n<\/div>\n<\/div>\n<\/div>\n<\/div>\n<div>\n<div dir=\"ltr\">\n<div>\n<div>\n<div>\n<div>\n<div>\n<p><b>&#8211;\u00a0<a href=\"http:\/\/www.fo-territoriaux42.fr\/2022\/07\/18\/bientot-un-treizieme-mois-dans-la-fonction-publique-territoriale\/\" target=\"_blank\" rel=\"nofollow noopener noreferrer\" data-saferedirecturl=\"https:\/\/www.google.com\/url?q=http:\/\/www.fo-territoriaux42.fr\/2022\/07\/18\/bientot-un-treizieme-mois-dans-la-fonction-publique-territoriale\/&amp;source=gmail&amp;ust=1658994080519000&amp;usg=AOvVaw2lJN3OPBv04GAiKKqPb5zn\">BIENT\u00d4T UN TREIZI\u00c8ME MOIS DANS LA FONCTION PUBLIQUE TERRITORIALE ?<\/a><\/b><\/p>\n<p><strong>&#8211;\u00a0<a href=\"http:\/\/www.fo-territoriaux42.fr\/2022\/07\/18\/vers-une-compensation-du-degel-du-point-dindice-pour-les-collectivites\/\" target=\"_blank\" rel=\"nofollow noopener noreferrer\" data-saferedirecturl=\"https:\/\/www.google.com\/url?q=http:\/\/www.fo-territoriaux42.fr\/2022\/07\/18\/vers-une-compensation-du-degel-du-point-dindice-pour-les-collectivites\/&amp;source=gmail&amp;ust=1658994080519000&amp;usg=AOvVaw1ec8FafUxqdNtxVIO5TsC7\">VERS UNE COMPENSATION DU D\u00c9GEL DU POINT D\u2019INDICE POUR LES COLLECTIVIT\u00c9S ?<\/a><\/strong><\/p>\n<p><strong>&#8211;\u00a0<a href=\"http:\/\/www.fo-territoriaux42.fr\/2022\/07\/18\/manque-de-personnel-medico-sociaux-le-gouvernement-met-en-place-un-plan-daction-estival\/\" target=\"_blank\" rel=\"nofollow noopener noreferrer\" data-saferedirecturl=\"https:\/\/www.google.com\/url?q=http:\/\/www.fo-territoriaux42.fr\/2022\/07\/18\/manque-de-personnel-medico-sociaux-le-gouvernement-met-en-place-un-plan-daction-estival\/&amp;source=gmail&amp;ust=1658994080519000&amp;usg=AOvVaw3H6QpgulNcd1IcPjdaqqRl\">MANQUE DE PERSONNEL M\u00c9DICO-SOCIAUX : LE GOUVERNEMENT MET EN PLACE UN PLAN D\u2019ACTION ESTIVAL<\/a><\/strong><\/p>\n<p><strong>&#8211;\u00a0<a href=\"http:\/\/www.fo-territoriaux42.fr\/2022\/07\/18\/techniciens-paramedicaux-restez-dans-votre-cadre-demplois-suite\/\" target=\"_blank\" rel=\"nofollow noopener noreferrer\" data-saferedirecturl=\"https:\/\/www.google.com\/url?q=http:\/\/www.fo-territoriaux42.fr\/2022\/07\/18\/techniciens-paramedicaux-restez-dans-votre-cadre-demplois-suite\/&amp;source=gmail&amp;ust=1658994080519000&amp;usg=AOvVaw3Iiu0tGFCcwSVl_CONOK9g\">TECHNICIENS PARAM\u00c9DICAUX : RESTEZ DANS VOTRE CADRE D\u2019EMPLOI ! (SUITE)<\/a><\/strong><\/p>\n<p><strong>&#8211;\u00a0<a href=\"http:\/\/www.fo-territoriaux42.fr\/2022\/07\/20\/categorie-b-fo-a-obtenu-lexamen-du-decret-en-csfpt-extraordinaire\/\" target=\"_blank\" rel=\"nofollow noopener noreferrer\" data-saferedirecturl=\"https:\/\/www.google.com\/url?q=http:\/\/www.fo-territoriaux42.fr\/2022\/07\/20\/categorie-b-fo-a-obtenu-lexamen-du-decret-en-csfpt-extraordinaire\/&amp;source=gmail&amp;ust=1658994080519000&amp;usg=AOvVaw2TD0_TiIUUzxiC1xi9-aXJ\">CAT\u00c9GORIE B : FO A OBTENU L\u2019EXAMEN DU D\u00c9CRET EN CSFPT EXTRAORDINAIRE, MAIS \u2026<\/a><\/strong><\/p>\n<p><strong>&#8211;\u00a0<a href=\"http:\/\/www.fo-territoriaux42.fr\/2022\/07\/20\/territoriale-la-regle-des-1-607-heures-devant-le-conseil-constitutionnel\/\" target=\"_blank\" rel=\"nofollow noopener noreferrer\" data-saferedirecturl=\"https:\/\/www.google.com\/url?q=http:\/\/www.fo-territoriaux42.fr\/2022\/07\/20\/territoriale-la-regle-des-1-607-heures-devant-le-conseil-constitutionnel\/&amp;source=gmail&amp;ust=1658994080519000&amp;usg=AOvVaw3VyYT1oMWVLzP5FqcwSccx\">TERRITORIALE : LA R\u00c8GLE DES 1 607 HEURES DEVANT LE CONSEIL CONSTITUTIONNEL<\/a><\/strong><\/p>\n<p><strong>&#8211;\u00a0<a href=\"http:\/\/www.fo-territoriaux42.fr\/2022\/07\/20\/incendies-sur-lensemble-du-territoire-fo-attend-des-mesures-fortes\/\" target=\"_blank\" rel=\"nofollow noopener noreferrer\" data-saferedirecturl=\"https:\/\/www.google.com\/url?q=http:\/\/www.fo-territoriaux42.fr\/2022\/07\/20\/incendies-sur-lensemble-du-territoire-fo-attend-des-mesures-fortes\/&amp;source=gmail&amp;ust=1658994080519000&amp;usg=AOvVaw1s_0uuDw1QdLsP6kl19fkJ\">INCENDIES SUR L\u2019ENSEMBLE DU TERRITOIRE : FO ATTEND DES MESURES FORTES !<\/a><\/strong><\/p>\n<p><strong>&#8211;\u00a0<a href=\"http:\/\/www.fo-territoriaux42.fr\/2022\/07\/20\/limite-dage-et-prolongation-dactivite-la-cnracl-change-de-position\/\" target=\"_blank\" rel=\"nofollow noopener noreferrer\" data-saferedirecturl=\"https:\/\/www.google.com\/url?q=http:\/\/www.fo-territoriaux42.fr\/2022\/07\/20\/limite-dage-et-prolongation-dactivite-la-cnracl-change-de-position\/&amp;source=gmail&amp;ust=1658994080519000&amp;usg=AOvVaw00c6qYdlAegELXvf9aHa0L\">LIMITE D\u2019\u00c2GE ET PROLONGATION D\u2019ACTIVIT\u00c9 : LA CNRACL CHANGE DE POSITION<\/a><\/strong><\/p>\n<p><strong>&#8211;\u00a0<a href=\"http:\/\/www.fo-territoriaux42.fr\/2022\/07\/21\/compte-rendu-fo-sps-du-conseil-superieur-de-la-fonction-publique-territoriale-du-20-juillet-2022\/\" target=\"_blank\" rel=\"nofollow noopener noreferrer\" data-saferedirecturl=\"https:\/\/www.google.com\/url?q=http:\/\/www.fo-territoriaux42.fr\/2022\/07\/21\/compte-rendu-fo-sps-du-conseil-superieur-de-la-fonction-publique-territoriale-du-20-juillet-2022\/&amp;source=gmail&amp;ust=1658994080519000&amp;usg=AOvVaw0w_u86QO4-1EwLB_72-YWp\">COMPTE RENDU FO SPS DU CONSEIL SUP\u00c9RIEUR DE LA FONCTION PUBLIQUE TERRITORIALE DU 20 JUILLET 2022<\/a><\/strong><b><br \/>\n<\/b><\/p>\n<\/div>\n<div><strong>&#8211;\u00a0<a href=\"http:\/\/www.fo-territoriaux42.fr\/2022\/07\/22\/securite-sociale-la-vraie-cause-du-deficit\/\" target=\"_blank\" rel=\"nofollow noopener noreferrer\" data-saferedirecturl=\"https:\/\/www.google.com\/url?q=http:\/\/www.fo-territoriaux42.fr\/2022\/07\/22\/securite-sociale-la-vraie-cause-du-deficit\/&amp;source=gmail&amp;ust=1658994080519000&amp;usg=AOvVaw32HaDIDk_3VzUfUSPfZkpT\">S\u00c9CURIT\u00c9 SOCIALE : LA VRAIE CAUSE DU D\u00c9FICIT<\/a><\/strong><\/div>\n<\/div>\n<\/div>\n<\/div>\n<\/div>\n<div>\n<div dir=\"ltr\"><\/div>\n<\/div>\n<\/div>\n<\/div>\n","protected":false},"excerpt":{"rendered":"<p>Comme chaque semaine, vous pourrez retrouver les articles publi\u00e9s\u00a0la\u00a0semaine 29\u00a0de l&rsquo;ann\u00e9e 2022\u00a0sur le site\u00a0fo-territoriaux42.fr en cliquant sur le lien de l\u2019article : &#8211;\u00a0BIENT\u00d4T UN TREIZI\u00c8ME [&#8230;]<\/p>\n","protected":false},"author":1,"featured_media":0,"comment_status":"closed","ping_status":"closed","sticky":false,"template":"","format":"standard","meta":{"jetpack_post_was_ever_published":false,"_jetpack_newsletter_access":"","_jetpack_dont_email_post_to_subs":false,"_jetpack_newsletter_tier_id":0,"_jetpack_memberships_contains_paywalled_content":false,"_jetpack_memberships_contains_paid_content":false,"footnotes":""},"categories":[17],"tags":[],"class_list":["post-1691","post","type-post","status-publish","format-standard","hentry","category-article"],"jetpack_featured_media_url":"","jetpack_sharing_enabled":true,"jetpack_shortlink":"https:\/\/wp.me\/p9roQz-rh","jetpack_likes_enabled":false,"publishpress_future_action":{"enabled":false,"date":"2026-05-07 23:45:37","action":"change-status","newStatus":"draft","terms":[],"taxonomy":"category","extraData":[]},"publishpress_future_workflow_manual_trigger":{"enabledWorkflows":[]},"_links":{"self":[{"href":"http:\/\/www.fo-saint-etienne.fr\/fomunvse\/index.php?rest_route=\/wp\/v2\/posts\/1691","targetHints":{"allow":["GET"]}}],"collection":[{"href":"http:\/\/www.fo-saint-etienne.fr\/fomunvse\/index.php?rest_route=\/wp\/v2\/posts"}],"about":[{"href":"http:\/\/www.fo-saint-etienne.fr\/fomunvse\/index.php?rest_route=\/wp\/v2\/types\/post"}],"author":[{"embeddable":true,"href":"http:\/\/www.fo-saint-etienne.fr\/fomunvse\/index.php?rest_route=\/wp\/v2\/users\/1"}],"replies":[{"embeddable":true,"href":"http:\/\/www.fo-saint-etienne.fr\/fomunvse\/index.php?rest_route=%2Fwp%2Fv2%2Fcomments&post=1691"}],"version-history":[{"count":4,"href":"http:\/\/www.fo-saint-etienne.fr\/fomunvse\/index.php?rest_route=\/wp\/v2\/posts\/1691\/revisions"}],"predecessor-version":[{"id":1695,"href":"http:\/\/www.fo-saint-etienne.fr\/fomunvse\/index.php?rest_route=\/wp\/v2\/posts\/1691\/revisions\/1695"}],"wp:attachment":[{"href":"http:\/\/www.fo-saint-etienne.fr\/fomunvse\/index.php?rest_route=%2Fwp%2Fv2%2Fmedia&parent=1691"}],"wp:term":[{"taxonomy":"category","embeddable":true,"href":"http:\/\/www.fo-saint-etienne.fr\/fomunvse\/index.php?rest_route=%2Fwp%2Fv2%2Fcategories&post=1691"},{"taxonomy":"post_tag","embeddable":true,"href":"http:\/\/www.fo-saint-etienne.fr\/fomunvse\/index.php?rest_route=%2Fwp%2Fv2%2Ftags&post=1691"}],"curies":[{"name":"wp","href":"https:\/\/api.w.org\/{rel}","templated":true}]}}