{"id":1722,"date":"2022-08-23T10:32:02","date_gmt":"2022-08-23T09:32:02","guid":{"rendered":"http:\/\/www.fo-saint-etienne.fr\/fomunvse\/?p=1722"},"modified":"2022-09-06T16:46:38","modified_gmt":"2022-09-06T15:46:38","slug":"info-force-ouvriere-de-la-semaine-33-2022","status":"publish","type":"post","link":"http:\/\/www.fo-saint-etienne.fr\/fomunvse\/?p=1722","title":{"rendered":"Info FORCE OUVRI\u00c8RE de la semaine 33 2022"},"content":{"rendered":"<p><span style=\"font-size: large;\">En esp\u00e9rant que vous ayez pass\u00e9 de bonnes vacances et pour continuer \u00e0 vous informer, vous retrouverez les articles publi\u00e9s\u00a0la\u00a0<b>semaine 33\u00a0<\/b>de l&rsquo;ann\u00e9e 2022 sur le site Internet\u00a0<u><b><a href=\"http:\/\/fo-territoriaux42.fr\/\" target=\"_blank\" rel=\"noopener\" data-saferedirecturl=\"https:\/\/www.google.com\/url?q=http:\/\/fo-territoriaux42.fr&amp;source=gmail&amp;ust=1661333048054000&amp;usg=AOvVaw0RcNACNDZBbZr8OfZCjW0E\">fo-territoriaux42.fr<\/a><\/b><\/u>\u00a0<\/span><span style=\"font-size: large;\"><wbr \/>en cliquant sur le lien de l\u2019article :<\/span><\/p>\n<div>\n<div>\n<div>\n<div><b>&#8211;\u00a0<a href=\"http:\/\/www.fo-territoriaux42.fr\/2022\/08\/01\/1-607-heures-le-conseil-constitutionnel-valide-la-fin-des-regimes-derogatoires-dans-la-fpt\/\" target=\"_blank\" rel=\"noopener\" data-saferedirecturl=\"https:\/\/www.google.com\/url?q=http:\/\/www.fo-territoriaux42.fr\/2022\/08\/01\/1-607-heures-le-conseil-constitutionnel-valide-la-fin-des-regimes-derogatoires-dans-la-fpt\/&amp;source=gmail&amp;ust=1661333048054000&amp;usg=AOvVaw0BbhogOJMIOI5Bj2laLK8M\">1 607 HEURES : LE CONSEIL CONSTITUTIONNEL VALIDE LA FIN DES R\u00c9GIMES D\u00c9ROGATOIRES DANS LA FPT<\/a><\/p>\n<p>&#8211;\u00a0<a href=\"http:\/\/www.fo-territoriaux42.fr\/2022\/08\/01\/covid-19-point-dindice-smic-tout-ce-qui-change-au-1er-aout-2022-pour-la-fonction-publique\/\" target=\"_blank\" rel=\"noopener\" data-saferedirecturl=\"https:\/\/www.google.com\/url?q=http:\/\/www.fo-territoriaux42.fr\/2022\/08\/01\/covid-19-point-dindice-smic-tout-ce-qui-change-au-1er-aout-2022-pour-la-fonction-publique\/&amp;source=gmail&amp;ust=1661333048054000&amp;usg=AOvVaw0XFR-aDYfoonrfM65_JauP\">COVID 19, POINT D\u2019INDICE, SMIC : TOUT CE QUI CHANGE AU 1er AO\u00dbT 2022 POUR LA FONCTION PUBLIQUE<\/a><\/p>\n<p>&#8211;\u00a0<a href=\"http:\/\/www.fo-territoriaux42.fr\/2022\/08\/03\/gipa-2022-ou-comment-ne-pas-augmenter-la-valeur-du-point-dindice-a-la-hauteur-reelle-de-linflation\/\" target=\"_blank\" rel=\"noopener\" data-saferedirecturl=\"https:\/\/www.google.com\/url?q=http:\/\/www.fo-territoriaux42.fr\/2022\/08\/03\/gipa-2022-ou-comment-ne-pas-augmenter-la-valeur-du-point-dindice-a-la-hauteur-reelle-de-linflation\/&amp;source=gmail&amp;ust=1661333048054000&amp;usg=AOvVaw03K_Bw1wQdQnMUn6vNxetL\">GIPA 2022 OU COMMENT NE PAS AUGMENTER LA VALEUR DU POINT D\u2019INDICE \u00c0 LA HAUTEUR R\u00c9ELLE DE L\u2019INFLATION<\/a><\/p>\n<p>&#8211;\u00a0<a href=\"http:\/\/www.fo-territoriaux42.fr\/2022\/08\/03\/reponse-du-ministre-de-la-transformation-et-de-la-fonction-publique-au-courrier-fo-sur-le-pouvoir-dachat\/\" target=\"_blank\" rel=\"noopener\" data-saferedirecturl=\"https:\/\/www.google.com\/url?q=http:\/\/www.fo-territoriaux42.fr\/2022\/08\/03\/reponse-du-ministre-de-la-transformation-et-de-la-fonction-publique-au-courrier-fo-sur-le-pouvoir-dachat\/&amp;source=gmail&amp;ust=1661333048054000&amp;usg=AOvVaw1zf_wwyVHKc2E5kaD4Ib7U\">R\u00c9PONSE DU MINISTRE DE LA TRANSFORMATION ET DE LA FONCTION PUBLIQUE AU COURRIER FO SUR LE POUVOIR D\u2019ACHAT<\/a><\/p>\n<p>&#8211;\u00a0<a href=\"http:\/\/www.fo-territoriaux42.fr\/2022\/08\/17\/contractuels-harmonisation-des-droits-temps-de-travail-et-de-conges-sur-ceux-des-agents-titulaires\/\" target=\"_blank\" rel=\"noopener\" data-saferedirecturl=\"https:\/\/www.google.com\/url?q=http:\/\/www.fo-territoriaux42.fr\/2022\/08\/17\/contractuels-harmonisation-des-droits-temps-de-travail-et-de-conges-sur-ceux-des-agents-titulaires\/&amp;source=gmail&amp;ust=1661333048054000&amp;usg=AOvVaw0PxHGZpTcgwb568Hi117WC\">CONTRACTUELS : HARMONISATION DES DROITS (TEMPS DE TRAVAIL ET DE CONG\u00c9S) SUR CEUX DES AGENTS TITULAIRES<\/a><\/p>\n<p>&#8211;\u00a0<a href=\"http:\/\/www.fo-territoriaux42.fr\/2022\/08\/17\/pourquoi-le-conseil-constitutionnel-a-valide-les-35-heures-dans-les-collectivites\/\" target=\"_blank\" rel=\"noopener\" data-saferedirecturl=\"https:\/\/www.google.com\/url?q=http:\/\/www.fo-territoriaux42.fr\/2022\/08\/17\/pourquoi-le-conseil-constitutionnel-a-valide-les-35-heures-dans-les-collectivites\/&amp;source=gmail&amp;ust=1661333048054000&amp;usg=AOvVaw3ZZgGYCSXAZ3wyDWX54V6z\">POURQUOI LE CONSEIL CONSTITUTIONNEL A VALID\u00c9 LES 35 HEURES DANS LES COLLECTIVIT\u00c9S<\/a><\/p>\n<p>&#8211;\u00a0<a href=\"http:\/\/www.fo-territoriaux42.fr\/2022\/08\/18\/un-plan-pour-muscler-laccompagnement-des-agents-dans-leur-evolution-professionnelle\/\" target=\"_blank\" rel=\"noopener\" data-saferedirecturl=\"https:\/\/www.google.com\/url?q=http:\/\/www.fo-territoriaux42.fr\/2022\/08\/18\/un-plan-pour-muscler-laccompagnement-des-agents-dans-leur-evolution-professionnelle\/&amp;source=gmail&amp;ust=1661333048054000&amp;usg=AOvVaw3X7zH_m0q7sU3MGLrENBJU\">UN PLAN POUR MUSCLER L\u2019ACCOMPAGNEMENT DES AGENTS DANS LEUR \u00c9VOLUTION PROFESSIONNELLE<\/a><\/b><\/div>\n<\/div>\n<\/div>\n<\/div>\n","protected":false},"excerpt":{"rendered":"<p>En esp\u00e9rant que vous ayez pass\u00e9 de bonnes vacances et pour continuer \u00e0 vous informer, vous retrouverez les articles publi\u00e9s\u00a0la\u00a0semaine 33\u00a0de l&rsquo;ann\u00e9e 2022 sur le [&#8230;]<\/p>\n","protected":false},"author":1,"featured_media":0,"comment_status":"closed","ping_status":"closed","sticky":false,"template":"","format":"standard","meta":{"jetpack_post_was_ever_published":false,"_jetpack_newsletter_access":"","_jetpack_dont_email_post_to_subs":false,"_jetpack_newsletter_tier_id":0,"_jetpack_memberships_contains_paywalled_content":false,"_jetpack_memberships_contains_paid_content":false,"footnotes":""},"categories":[17],"tags":[],"class_list":["post-1722","post","type-post","status-publish","format-standard","hentry","category-article"],"jetpack_featured_media_url":"","jetpack_sharing_enabled":true,"jetpack_shortlink":"https:\/\/wp.me\/p9roQz-rM","jetpack_likes_enabled":false,"publishpress_future_action":{"enabled":false,"date":"2026-05-07 23:41:44","action":"change-status","newStatus":"draft","terms":[],"taxonomy":"category","extraData":[]},"publishpress_future_workflow_manual_trigger":{"enabledWorkflows":[]},"_links":{"self":[{"href":"http:\/\/www.fo-saint-etienne.fr\/fomunvse\/index.php?rest_route=\/wp\/v2\/posts\/1722","targetHints":{"allow":["GET"]}}],"collection":[{"href":"http:\/\/www.fo-saint-etienne.fr\/fomunvse\/index.php?rest_route=\/wp\/v2\/posts"}],"about":[{"href":"http:\/\/www.fo-saint-etienne.fr\/fomunvse\/index.php?rest_route=\/wp\/v2\/types\/post"}],"author":[{"embeddable":true,"href":"http:\/\/www.fo-saint-etienne.fr\/fomunvse\/index.php?rest_route=\/wp\/v2\/users\/1"}],"replies":[{"embeddable":true,"href":"http:\/\/www.fo-saint-etienne.fr\/fomunvse\/index.php?rest_route=%2Fwp%2Fv2%2Fcomments&post=1722"}],"version-history":[{"count":1,"href":"http:\/\/www.fo-saint-etienne.fr\/fomunvse\/index.php?rest_route=\/wp\/v2\/posts\/1722\/revisions"}],"predecessor-version":[{"id":1723,"href":"http:\/\/www.fo-saint-etienne.fr\/fomunvse\/index.php?rest_route=\/wp\/v2\/posts\/1722\/revisions\/1723"}],"wp:attachment":[{"href":"http:\/\/www.fo-saint-etienne.fr\/fomunvse\/index.php?rest_route=%2Fwp%2Fv2%2Fmedia&parent=1722"}],"wp:term":[{"taxonomy":"category","embeddable":true,"href":"http:\/\/www.fo-saint-etienne.fr\/fomunvse\/index.php?rest_route=%2Fwp%2Fv2%2Fcategories&post=1722"},{"taxonomy":"post_tag","embeddable":true,"href":"http:\/\/www.fo-saint-etienne.fr\/fomunvse\/index.php?rest_route=%2Fwp%2Fv2%2Ftags&post=1722"}],"curies":[{"name":"wp","href":"https:\/\/api.w.org\/{rel}","templated":true}]}}