{"id":1724,"date":"2022-08-29T10:07:34","date_gmt":"2022-08-29T09:07:34","guid":{"rendered":"http:\/\/www.fo-saint-etienne.fr\/fomunvse\/?p=1724"},"modified":"2022-09-06T16:46:52","modified_gmt":"2022-09-06T15:46:52","slug":"info-force-ouvriere-de-la-semaine-34-2022","status":"publish","type":"post","link":"http:\/\/www.fo-saint-etienne.fr\/fomunvse\/?p=1724","title":{"rendered":"Info FORCE OUVRI\u00c8RE de la semaine 34 2022"},"content":{"rendered":"<p><span style=\"font-size: large;\">Comme chaque semaine, vous retrouverez les articles publi\u00e9s\u00a0la\u00a0<b>semaine 34\u00a0<\/b>de l&rsquo;ann\u00e9e 2022 sur le site Internet <u><b><a href=\"http:\/\/fo-territoriaux42.fr\/\" target=\"_blank\" rel=\"noopener\" data-saferedirecturl=\"https:\/\/www.google.com\/url?q=http:\/\/fo-territoriaux42.fr&amp;source=gmail&amp;ust=1661850335217000&amp;usg=AOvVaw1opS841D_iJ3EhNCzmaT4A\">fo-territoriaux42.fr<\/a><\/b><\/u>\u00a0<\/span><span style=\"font-size: large;\"><wbr \/>en cliquant sur le lien de l\u2019article :<\/span><\/p>\n<div>\n<div>\n<div>\n<div><b>&#8211;\u00a0<a href=\"http:\/\/www.fo-territoriaux42.fr\/2022\/08\/21\/loi-du-16-aout-2022-portant-mesures-durgence-pour-la-protection-du-pouvoir-dachat\/\" target=\"_blank\" rel=\"noopener\" data-saferedirecturl=\"https:\/\/www.google.com\/url?q=http:\/\/www.fo-territoriaux42.fr\/2022\/08\/21\/loi-du-16-aout-2022-portant-mesures-durgence-pour-la-protection-du-pouvoir-dachat\/&amp;source=gmail&amp;ust=1661850335217000&amp;usg=AOvVaw0Bi63iYed3B9iElxysWNmk\">LOI DU 16 AO\u00dbT 2022 PORTANT MESURES D\u2019URGENCE POUR LA PROTECTION DU POUVOIR D\u2019ACHAT<\/a><\/p>\n<p>&#8211;\u00a0<a href=\"http:\/\/www.fo-territoriaux42.fr\/2022\/08\/23\/nouvelles-instances-de-dialogue-social-lineligibilite-des-certains-agents-validee\/\" target=\"_blank\" rel=\"noopener\" data-saferedirecturl=\"https:\/\/www.google.com\/url?q=http:\/\/www.fo-territoriaux42.fr\/2022\/08\/23\/nouvelles-instances-de-dialogue-social-lineligibilite-des-certains-agents-validee\/&amp;source=gmail&amp;ust=1661850335217000&amp;usg=AOvVaw1PYTb57RZJw_Zg35RKy1tz\">NOUVELLES INSTANCES DE DIALOGUE SOCIAL : L\u2019IN\u00c9LIGIBILIT\u00c9 DES CERTAINS AGENTS VALID\u00c9E<\/a><\/p>\n<p>&#8211;\u00a0<a href=\"http:\/\/www.fo-territoriaux42.fr\/2022\/08\/23\/fo-appelle-les-atsem-et-faisant-fonction-a-la-greve-jeudi-1er-septembre-2022\/\" target=\"_blank\" rel=\"noopener\" data-saferedirecturl=\"https:\/\/www.google.com\/url?q=http:\/\/www.fo-territoriaux42.fr\/2022\/08\/23\/fo-appelle-les-atsem-et-faisant-fonction-a-la-greve-jeudi-1er-septembre-2022\/&amp;source=gmail&amp;ust=1661850335217000&amp;usg=AOvVaw03hbBG92l4kWc-6Zs-ZmA3\">FO APPELLE LES ATSEM (ET FAISANT FONCTION) \u00c0 LA GR\u00c8VE JEUDI 1er SEPTEMBRE 2022<\/a><\/p>\n<p>&#8211;\u00a0<a href=\"http:\/\/www.fo-territoriaux42.fr\/2022\/08\/24\/fonctionnaires-territoriaux-une-hausse-des-salaires-portee-par-les-primes\/\" target=\"_blank\" rel=\"noopener\" data-saferedirecturl=\"https:\/\/www.google.com\/url?q=http:\/\/www.fo-territoriaux42.fr\/2022\/08\/24\/fonctionnaires-territoriaux-une-hausse-des-salaires-portee-par-les-primes\/&amp;source=gmail&amp;ust=1661850335217000&amp;usg=AOvVaw2elN6DkJ4RCrRN3sZnaMZK\">FONCTIONNAIRES TERRITORIAUX : UNE HAUSSE DES SALAIRES PORT\u00c9E PAR LES PRIMES<\/a><\/p>\n<p>&#8211;\u00a0<a href=\"http:\/\/www.fo-territoriaux42.fr\/2022\/08\/25\/titres-restaurants-utilisation-etendue-a-lachat-de-tout-produit-alimentaire\/\" target=\"_blank\" rel=\"noopener\" data-saferedirecturl=\"https:\/\/www.google.com\/url?q=http:\/\/www.fo-territoriaux42.fr\/2022\/08\/25\/titres-restaurants-utilisation-etendue-a-lachat-de-tout-produit-alimentaire\/&amp;source=gmail&amp;ust=1661850335217000&amp;usg=AOvVaw343adR4mpfjZaYUu4lWg-P\">TITRES-RESTAURANTS : UTILISATION \u00c9TENDUE \u00c0 L\u2019ACHAT DE TOUT PRODUIT ALIMENTAIRE<\/a><\/p>\n<p>&#8211;\u00a0<a href=\"http:\/\/www.fo-territoriaux42.fr\/2022\/08\/26\/covid-19-les-autorisations-dabsence-pour-garde-denfants-cest-fini\/\" target=\"_blank\" rel=\"noopener\" data-saferedirecturl=\"https:\/\/www.google.com\/url?q=http:\/\/www.fo-territoriaux42.fr\/2022\/08\/26\/covid-19-les-autorisations-dabsence-pour-garde-denfants-cest-fini\/&amp;source=gmail&amp;ust=1661850335217000&amp;usg=AOvVaw0_67nxNc0p4BWY64m3eOKF\">COVID-19 : LES AUTORISATIONS D\u2019ABSENCE POUR GARDE D\u2019ENFANT, C\u2019EST FINI !<\/a><\/b><\/div>\n<\/div>\n<\/div>\n<\/div>\n","protected":false},"excerpt":{"rendered":"<p>Comme chaque semaine, vous retrouverez les articles publi\u00e9s\u00a0la\u00a0semaine 34\u00a0de l&rsquo;ann\u00e9e 2022 sur le site Internet fo-territoriaux42.fr\u00a0en cliquant sur le lien de l\u2019article : &#8211;\u00a0LOI DU [&#8230;]<\/p>\n","protected":false},"author":1,"featured_media":0,"comment_status":"closed","ping_status":"closed","sticky":false,"template":"","format":"standard","meta":{"jetpack_post_was_ever_published":false,"_jetpack_newsletter_access":"","_jetpack_dont_email_post_to_subs":false,"_jetpack_newsletter_tier_id":0,"_jetpack_memberships_contains_paywalled_content":false,"_jetpack_memberships_contains_paid_content":false,"footnotes":""},"categories":[17],"tags":[],"class_list":["post-1724","post","type-post","status-publish","format-standard","hentry","category-article"],"jetpack_featured_media_url":"","jetpack_sharing_enabled":true,"jetpack_shortlink":"https:\/\/wp.me\/p9roQz-rO","jetpack_likes_enabled":false,"publishpress_future_action":{"enabled":false,"date":"2026-05-07 23:47:42","action":"change-status","newStatus":"draft","terms":[],"taxonomy":"category","extraData":[]},"publishpress_future_workflow_manual_trigger":{"enabledWorkflows":[]},"_links":{"self":[{"href":"http:\/\/www.fo-saint-etienne.fr\/fomunvse\/index.php?rest_route=\/wp\/v2\/posts\/1724","targetHints":{"allow":["GET"]}}],"collection":[{"href":"http:\/\/www.fo-saint-etienne.fr\/fomunvse\/index.php?rest_route=\/wp\/v2\/posts"}],"about":[{"href":"http:\/\/www.fo-saint-etienne.fr\/fomunvse\/index.php?rest_route=\/wp\/v2\/types\/post"}],"author":[{"embeddable":true,"href":"http:\/\/www.fo-saint-etienne.fr\/fomunvse\/index.php?rest_route=\/wp\/v2\/users\/1"}],"replies":[{"embeddable":true,"href":"http:\/\/www.fo-saint-etienne.fr\/fomunvse\/index.php?rest_route=%2Fwp%2Fv2%2Fcomments&post=1724"}],"version-history":[{"count":1,"href":"http:\/\/www.fo-saint-etienne.fr\/fomunvse\/index.php?rest_route=\/wp\/v2\/posts\/1724\/revisions"}],"predecessor-version":[{"id":1725,"href":"http:\/\/www.fo-saint-etienne.fr\/fomunvse\/index.php?rest_route=\/wp\/v2\/posts\/1724\/revisions\/1725"}],"wp:attachment":[{"href":"http:\/\/www.fo-saint-etienne.fr\/fomunvse\/index.php?rest_route=%2Fwp%2Fv2%2Fmedia&parent=1724"}],"wp:term":[{"taxonomy":"category","embeddable":true,"href":"http:\/\/www.fo-saint-etienne.fr\/fomunvse\/index.php?rest_route=%2Fwp%2Fv2%2Fcategories&post=1724"},{"taxonomy":"post_tag","embeddable":true,"href":"http:\/\/www.fo-saint-etienne.fr\/fomunvse\/index.php?rest_route=%2Fwp%2Fv2%2Ftags&post=1724"}],"curies":[{"name":"wp","href":"https:\/\/api.w.org\/{rel}","templated":true}]}}