{"id":2512,"date":"2025-01-21T10:35:00","date_gmt":"2025-01-21T09:35:00","guid":{"rendered":"http:\/\/www.fo-saint-etienne.fr\/fomunvse\/?p=2512"},"modified":"2025-02-04T19:06:46","modified_gmt":"2025-02-04T18:06:46","slug":"arrets-maladie-des-fonctionnaires-le-senat-assouplit-sa-position-et-saligne-sur-le-gouvernement","status":"publish","type":"post","link":"http:\/\/www.fo-saint-etienne.fr\/fomunvse\/?p=2512","title":{"rendered":"Arr\u00eats maladie des fonctionnaires\u00a0: le S\u00e9nat assouplit sa position et s\u2019aligne sur le gouvernement"},"content":{"rendered":"<p class=\"western\"><span style=\"color: #993366;\"><span style=\"font-family: Arial, sans-serif;\"><span style=\"font-size: large;\">Le S\u00e9nat vient d\u2019adopter l\u2019amendement du gouvernement Bayrou visant \u00e0 baisser la r\u00e9mun\u00e9ration des agents publics durant leurs <\/span><\/span><span style=\"font-family: Arial, sans-serif;\"><span style=\"font-size: large;\"><b>arr\u00eats maladie de courte dur\u00e9e<\/b><\/span><\/span><span style=\"font-family: Arial, sans-serif;\"><span style=\"font-size: large;\">. Mais pour la premi\u00e8re fois depuis des\u00a0ann\u00e9es, la droite s\u00e9natoriale n\u2019a pas r\u00e9ussi \u00e0 faire passer l\u2019augmentation du nombre de jours de carence dans la fonction publique, ses alli\u00e9s centristes ayant fait d\u00e9fection.<\/span><\/span><\/span><\/p>\n<p><a href=\"https:\/\/i0.wp.com\/www.fo-saint-etienne.fr\/fomunvse\/wp-content\/uploads\/2025\/01\/arret_maladie.jpg\"><img data-recalc-dims=\"1\" loading=\"lazy\" decoding=\"async\" data-attachment-id=\"2513\" data-permalink=\"http:\/\/www.fo-saint-etienne.fr\/fomunvse\/?attachment_id=2513\" data-orig-file=\"https:\/\/i0.wp.com\/www.fo-saint-etienne.fr\/fomunvse\/wp-content\/uploads\/2025\/01\/arret_maladie.jpg?fit=920%2C520\" data-orig-size=\"920,520\" data-comments-opened=\"1\" data-image-meta=\"{&quot;aperture&quot;:&quot;0&quot;,&quot;credit&quot;:&quot;&quot;,&quot;camera&quot;:&quot;&quot;,&quot;caption&quot;:&quot;&quot;,&quot;created_timestamp&quot;:&quot;0&quot;,&quot;copyright&quot;:&quot;&quot;,&quot;focal_length&quot;:&quot;0&quot;,&quot;iso&quot;:&quot;0&quot;,&quot;shutter_speed&quot;:&quot;0&quot;,&quot;title&quot;:&quot;&quot;,&quot;orientation&quot;:&quot;0&quot;}\" data-image-title=\"arret_maladie\" data-image-description=\"\" data-image-caption=\"\" data-medium-file=\"https:\/\/i0.wp.com\/www.fo-saint-etienne.fr\/fomunvse\/wp-content\/uploads\/2025\/01\/arret_maladie.jpg?fit=300%2C170\" data-large-file=\"https:\/\/i0.wp.com\/www.fo-saint-etienne.fr\/fomunvse\/wp-content\/uploads\/2025\/01\/arret_maladie.jpg?fit=860%2C486\" class=\"size-medium wp-image-2513 aligncenter\" src=\"https:\/\/i0.wp.com\/www.fo-saint-etienne.fr\/fomunvse\/wp-content\/uploads\/2025\/01\/arret_maladie.jpg?resize=300%2C170\" alt=\"\" width=\"300\" height=\"170\" srcset=\"https:\/\/i0.wp.com\/www.fo-saint-etienne.fr\/fomunvse\/wp-content\/uploads\/2025\/01\/arret_maladie.jpg?resize=300%2C170 300w, https:\/\/i0.wp.com\/www.fo-saint-etienne.fr\/fomunvse\/wp-content\/uploads\/2025\/01\/arret_maladie.jpg?resize=768%2C434 768w, https:\/\/i0.wp.com\/www.fo-saint-etienne.fr\/fomunvse\/wp-content\/uploads\/2025\/01\/arret_maladie.jpg?w=920 920w\" sizes=\"auto, (max-width: 300px) 100vw, 300px\" \/><\/a><\/p>\n<p class=\"western\"><span style=\"color: #212121;\"><span style=\"font-family: Arial, sans-serif;\"><span style=\"font-size: large;\">Les arr\u00eats maladie des agents publics en d\u00e9bat au S\u00e9nat. \u00c0 l&rsquo;occasion de l&rsquo;examen du projet de loi de finances (PLF) pour 2025, samedi 18\u00a0janvier, <\/span><\/span><\/span><span style=\"color: #212121;\"><span style=\"font-family: Arial, sans-serif;\"><span style=\"font-size: large;\"><b>les s\u00e9nateurs, en majorit\u00e9 de droite, ont adopt\u00e9 un amendement du gouvernement Bayrou r\u00e9duisant l&rsquo;indemnisation des agents publics <\/b><\/span><\/span><\/span><span style=\"color: #ff0000;\"><span style=\"font-family: Arial, sans-serif;\"><span style=\"font-size: large;\"><b>durant leurs arr\u00eats maladie de courte dur\u00e9e<\/b><\/span><\/span><\/span><span style=\"color: #212121;\"><span style=\"font-family: Arial, sans-serif;\"><span style=\"font-size: large;\"><b>. Plus pr\u00e9cis\u00e9ment, cette mesure abaisse de 100\u00a0\u00e0 90% le \u201c<\/b><\/span><\/span><\/span><span style=\"color: #ff0000;\"><span style=\"font-family: Arial, sans-serif;\"><span style=\"font-size: large;\"><b>taux de remplacement<\/b><\/span><\/span><\/span><span style=\"color: #212121;\"><span style=\"font-family: Arial, sans-serif;\"><span style=\"font-size: large;\"><b>\u201d de leur r\u00e9mun\u00e9ration durant leurs trois premiers mois d&rsquo;arr\u00eat maladie<\/b><\/span><\/span><\/span><span style=\"color: #212121;\"><span style=\"font-family: Arial, sans-serif;\"><span style=\"font-size: large;\">. <\/span><\/span><\/span><\/p>\n<p class=\"western\"><span style=\"color: #212121;\"><span style=\"font-family: Arial, sans-serif;\"><span style=\"font-size: large;\">Neuf cents millions d&rsquo;euros d&rsquo;\u00e9conomies sont ainsi esp\u00e9r\u00e9s par l&rsquo;ex\u00e9cutif.\u00a0<\/span><\/span><\/span><\/p>\n<p class=\"western\"><span style=\"color: #212121;\"><span style=\"font-family: Arial, sans-serif;\"><span style=\"font-size: large;\">Cette mesure est\u00a0<\/span><\/span><\/span><span style=\"color: #212121;\"><span style=\"font-family: Arial, sans-serif;\"><span style=\"font-size: large;\"><i>\u201cdifficile\u201d,\u00a0<\/i><\/span><\/span><\/span><span style=\"color: #212121;\"><span style=\"font-family: Arial, sans-serif;\"><span style=\"font-size: large;\">a reconnu le ministre de la Fonction publique, Laurent Marcangeli. Elle est malgr\u00e9 tout<\/span><\/span><\/span><span style=\"color: #212121;\"><span style=\"font-family: Arial, sans-serif;\"><span style=\"font-size: large;\"><i>\u00a0\u201cindispensable au regard de la situation de nos finances publiques\u201d,\u00a0<\/i><\/span><\/span><\/span><span style=\"color: #212121;\"><span style=\"font-family: Arial, sans-serif;\"><span style=\"font-size: large;\">a-t-il ajout\u00e9 en s\u00e9ance, tout en mettant en avant l&rsquo;abandon des 3\u00a0jours de carence initialement envisag\u00e9s par le gouvernement Barnier en plus de cet abaissement de r\u00e9mun\u00e9ration. <\/span><\/span><\/span><\/p>\n<p class=\"western\"><span style=\"color: #212121;\"><span style=\"font-family: Arial, sans-serif;\"><span style=\"font-size: large;\">Cet abandon fait en effet partie des concessions de Fran\u00e7ois Bayrou \u00e0 l&rsquo;\u00e9gard du Parti socialiste afin d\u2019\u00e9viter la censure de son gouvernement.<\/span><\/span><\/span><\/p>\n<p class=\"western\"><span style=\"color: #212121;\"><span style=\"font-family: Arial, sans-serif;\"><span style=\"font-size: large;\">Devant les s\u00e9nateurs, le ministre a toutefois affirm\u00e9 avoir \u00e9t\u00e9\u00a0<\/span><\/span><\/span><span style=\"color: #212121;\"><span style=\"font-family: Arial, sans-serif;\"><span style=\"font-size: large;\"><i>\u201cplut\u00f4t favorable, au d\u00e9part\u201d,\u00a0<\/i><\/span><\/span><\/span><span style=\"color: #212121;\"><span style=\"font-family: Arial, sans-serif;\"><span style=\"font-size: large;\">\u00e0 l&rsquo;augmentation du nombre de jours de carence.<\/span><\/span><\/span><span style=\"color: #212121;\"><span style=\"font-family: Arial, sans-serif;\"><span style=\"font-size: large;\"><i>\u00a0\u201cMais apr\u00e8s consultations, je crois que nous avons besoin, en ce moment, de retrouver un dialogue social apais\u00e9 et serein\u201d,\u00a0<\/i><\/span><\/span><\/span><span style=\"color: #212121;\"><span style=\"font-family: Arial, sans-serif;\"><span style=\"font-size: large;\">a-t-il d\u00e9velopp\u00e9 en indiquant que l&rsquo;annonce de son pr\u00e9d\u00e9cesseur, Guillaume Kasbarian, sur les jours de carence<\/span><\/span><\/span><span style=\"color: #212121;\"><span style=\"font-family: Arial, sans-serif;\"><span style=\"font-size: large;\"><i>\u00a0\u201c<\/i><\/span><\/span><\/span><span style=\"color: #212121;\"><span style=\"font-family: Arial, sans-serif;\"><span style=\"font-size: large;\"><i><b>a suscit\u00e9 chez les syndicats une certaine forme de vexation et d&rsquo;incompr\u00e9hension<\/b><\/i><\/span><\/span><\/span><span style=\"color: #212121;\"><span style=\"font-family: Arial, sans-serif;\"><span style=\"font-size: large;\"><i>\u201d.\u00a0<\/i><\/span><\/span><\/span><\/p>\n<p class=\"western\" align=\"center\"><span style=\"color: #222222;\"><span style=\"font-family: Arial, sans-serif;\"><span style=\"font-size: large;\"><b>Volont\u00e9 d\u2019apaiser le dialogue social<\/b><\/span><\/span><\/span><\/p>\n<p class=\"western\"><span style=\"color: #212121;\"><span style=\"font-family: Arial, sans-serif;\"><span style=\"font-size: large;\">La journ\u00e9e de mobilisation du 5\u00a0d\u00e9cembre dernier, a-t-il d\u00e9velopp\u00e9,<\/span><\/span><\/span><span style=\"color: #212121;\"><span style=\"font-family: Arial, sans-serif;\"><span style=\"font-size: large;\"><i>\u00a0\u201c<\/i><\/span><\/span><\/span><span style=\"color: #212121;\"><span style=\"font-family: Arial, sans-serif;\"><span style=\"font-size: large;\"><i><b>a battu des records hors r\u00e9forme des retraites<\/b><\/i><\/span><\/span><\/span><span style=\"color: #212121;\"><span style=\"font-family: Arial, sans-serif;\"><span style=\"font-size: large;\"><i>\u201d\u00a0: \u201c<\/i><\/span><\/span><\/span><span style=\"color: #212121;\"><span style=\"font-family: Arial, sans-serif;\"><span style=\"font-size: large;\"><i><b>Il y a longtemps que l&rsquo;on n&rsquo;avait pas eu autant d&rsquo;agents publics dans la rue et un taux de gr\u00e8ve particuli\u00e8rement suivi<\/b><\/i><\/span><\/span><\/span><span style=\"color: #212121;\"><span style=\"font-family: Arial, sans-serif;\"><span style=\"font-size: large;\"><i>.\u201d \u201c<\/i><\/span><\/span><\/span><span style=\"color: #212121;\"><span style=\"font-family: Arial, sans-serif;\"><span style=\"font-size: large;\"><i><b>J&rsquo;ai trouv\u00e9 une situation de d\u00e9gradation du dialogue social, j&rsquo;ai voulu remettre un peu de calme<\/b><\/i><\/span><\/span><\/span><span style=\"color: #212121;\"><span style=\"font-family: Arial, sans-serif;\"><span style=\"font-size: large;\"><i>\u201d,<\/i><\/span><\/span><\/span><span style=\"color: #212121;\"><span style=\"font-family: Arial, sans-serif;\"><span style=\"font-size: large;\">\u00a0a-t-il compl\u00e9t\u00e9, ce <\/span><\/span><\/span><span style=\"color: #212121;\"><span style=\"font-family: Arial, sans-serif;\"><span style=\"font-size: large;\"><b>dimanche 19\u00a0janvier sur LCI, en r\u00e9f\u00e9rence \u00e0 l&rsquo;abandon des 3\u00a0jours de carence<\/b><\/span><\/span><\/span><span style=\"color: #212121;\"><span style=\"font-family: Arial, sans-serif;\"><span style=\"font-size: large;\">.\u00a0<\/span><\/span><\/span><\/p>\n<p class=\"western\"><span style=\"color: #212121;\"><span style=\"font-family: Arial, sans-serif;\"><span style=\"font-size: large;\">\u00c0 ce propos, l&rsquo;examen au S\u00e9nat du budget de la fonction publique a donn\u00e9 lieu \u00e0 un fait notable puisque, pour la premi\u00e8re fois depuis une dizaine d&rsquo;ann\u00e9es, les s\u00e9nateurs ont refus\u00e9 d&rsquo;augmenter le nombre de jours de carence dans la fonction publique. <\/span><\/span><\/span><\/p>\n<p class=\"western\"><span style=\"color: #ff0000;\"><span style=\"font-family: Arial, sans-serif;\"><span style=\"font-size: large;\"><b>L&rsquo;amendement d\u00e9pos\u00e9 en ce sens par le s\u00e9nateur LR<\/b><\/span><\/span><\/span><span style=\"color: #212121;\"><span style=\"font-family: Arial, sans-serif;\"><span style=\"font-size: large;\"> Claude Nougein a en effet \u00e9t\u00e9 rejet\u00e9 par la Chambre haute <\/span><\/span><\/span><span style=\"color: #212121;\"><span style=\"font-family: Arial, sans-serif;\"><span style=\"font-size: large;\"><b>avec un avis d\u00e9favorable du gouvernement<\/b><\/span><\/span><\/span><span style=\"color: #212121;\"><span style=\"font-family: Arial, sans-serif;\"><span style=\"font-size: large;\">. Ce qui n&rsquo;a pas manqu\u00e9 de susciter certains remous au sein de la majorit\u00e9 s\u00e9natoriale de droite et du centre.\u00a0<\/span><\/span><\/span><\/p>\n<p class=\"western\"><span style=\"color: #212121;\"><span style=\"font-family: Arial, sans-serif;\"><span style=\"font-size: large;\">Ces 3\u00a0jours de carence constituent un\u00a0<\/span><\/span><\/span><span style=\"color: #212121;\"><span style=\"font-family: Arial, sans-serif;\"><span style=\"font-size: large;\"><i>\u201cmarronnier vot\u00e9 chaque ann\u00e9e au S\u00e9nat\u201d,<\/i><\/span><\/span><\/span><span style=\"color: #212121;\"><span style=\"font-family: Arial, sans-serif;\"><span style=\"font-size: large;\">\u00a0a d\u00e9fendu le s\u00e9nateur.\u00a0<\/span><\/span><\/span><span style=\"color: #212121;\"><span style=\"font-family: Arial, sans-serif;\"><span style=\"font-size: large;\"><i>\u201c<\/i><\/span><\/span><\/span><span style=\"color: #212121;\"><span style=\"font-family: Arial, sans-serif;\"><span style=\"font-size: large;\"><i><b>Jusqu&rsquo;\u00e0 il y a trois jours, nous pensions \u00eatre suivis par le gouvernement, mais il y a eu un changement de pied<\/b><\/i><\/span><\/span><\/span><span style=\"color: #212121;\"><span style=\"font-family: Arial, sans-serif;\"><span style=\"font-size: large;\"><i>\u201d,\u00a0<\/i><\/span><\/span><\/span><span style=\"color: #212121;\"><span style=\"font-family: Arial, sans-serif;\"><span style=\"font-size: large;\">a ensuite regrett\u00e9 Claude Nougein en appelant \u00e0 l&rsquo;alignement de la fonction publique sur le secteur priv\u00e9 concernant cette question des jours de carence.\u00a0<\/span><\/span><\/span><\/p>\n<p class=\"western\" align=\"center\"><span style=\"color: #222222;\"><span style=\"font-family: Arial, sans-serif;\"><span style=\"font-size: large;\"><b>D\u00e9fection des centristes<\/b><\/span><\/span><\/span><\/p>\n<p class=\"western\"><span style=\"color: #212121;\">\u201c<span style=\"font-family: Arial, sans-serif;\"><span style=\"font-size: large;\"><i>Le groupe LR n\u2019appr\u00e9cie pas les concessions et les reculades du gouvernement qui, si elles constituent pour lui une assurance-vie, n\u2019en demeurent pas moins une d\u00e9gradation tr\u00e8s cons\u00e9quente et inqui\u00e9tante de la trajectoire de r\u00e9duction de notre d\u00e9ficit\u201d,\u00a0<\/i><\/span><\/span><\/span><span style=\"color: #212121;\"><span style=\"font-family: Arial, sans-serif;\"><span style=\"font-size: large;\">s&rsquo;est agac\u00e9e la s\u00e9natrice LR Catherine Di Folco \u00e0 l&rsquo;adresse du gouvernement Bayrou.\u00a0<\/span><\/span><\/span><\/p>\n<p class=\"western\"><span style=\"color: #212121;\"><span style=\"font-family: Arial, sans-serif;\"><span style=\"font-size: large;\">En r\u00e9action, la ministre charg\u00e9e des Comptes publics, Am\u00e9lie de Montchalin, avait r\u00e9clam\u00e9 \u00e0 l&rsquo;auteur de l&rsquo;amendement de le retirer\u00a0<\/span><\/span><\/span><span style=\"color: #212121;\"><span style=\"font-family: Arial, sans-serif;\"><span style=\"font-size: large;\"><i>\u201c<\/i><\/span><\/span><\/span><span style=\"color: #ff0000;\"><span style=\"font-family: Arial, sans-serif;\"><span style=\"font-size: large;\"><i><b>au vu des annonces du Premier ministre et du compromis trouv\u00e9<\/b><\/i><\/span><\/span><\/span><span style=\"color: #212121;\"><span style=\"font-family: Arial, sans-serif;\"><span style=\"font-size: large;\"><i>\u201d\u00a0<\/i><\/span><\/span><\/span><span style=\"color: #212121;\"><span style=\"font-family: Arial, sans-serif;\"><span style=\"font-size: large;\">avec le Parti socialiste.\u00a0<\/span><\/span><\/span><span style=\"color: #212121;\"><span style=\"font-family: Arial, sans-serif;\"><span style=\"font-size: large;\"><i>\u201c<\/i><\/span><\/span><\/span><span style=\"color: #ff0000;\"><span style=\"font-family: Arial, sans-serif;\"><span style=\"font-size: large;\"><i><b>C&rsquo;est un budget en temps contraint,\u00a0<\/b><\/i><\/span><\/span><\/span><span style=\"color: #ff0000;\"><span style=\"font-family: Arial, sans-serif;\"><span style=\"font-size: large;\"><b>a-t-elle ajout\u00e9.\u00a0<\/b><\/span><\/span><\/span><span style=\"color: #ff0000;\"><span style=\"font-family: Arial, sans-serif;\"><span style=\"font-size: large;\"><i><b>C&rsquo;est aussi un budget de compromis\u00a0: il n&rsquo;est un id\u00e9al pour personne, mais chacun doit, le plus possible, y retrouver ses priorit\u00e9s<\/b><\/i><\/span><\/span><\/span><span style=\"color: #212121;\"><span style=\"font-family: Arial, sans-serif;\"><span style=\"font-size: large;\"><i>.\u201d\u00a0<\/i><\/span><\/span><\/span><span style=\"color: #212121;\"><span style=\"font-family: Arial, sans-serif;\"><span style=\"font-size: large;\">Claude Nougein n&rsquo;ayant pas retir\u00e9 son amendement, <\/span><\/span><\/span><span style=\"color: #212121;\"><span style=\"font-family: Arial, sans-serif;\"><span style=\"font-size: large;\"><u><b>la ministre a donc \u00e9mis un avis d\u00e9favorable au nom du gouvernement.<\/b><\/u><\/span><\/span><\/span><span style=\"color: #212121;\"><span style=\"font-family: Arial, sans-serif;\"><span style=\"font-size: large;\">\u00a0<\/span><\/span><\/span><\/p>\n<p class=\"western\"><span style=\"color: #212121;\"><span style=\"font-family: Arial, sans-serif;\"><span style=\"font-size: large;\">Si la droite n&rsquo;a pas r\u00e9ussi, cette fois, \u00e0 faire passer son amendement sur l&rsquo;augmentation du nombre de jours de carence, c\u2019est en raison de la d\u00e9fection de ses alli\u00e9s de l&rsquo;Union centriste qui, d&rsquo;ordinaire, votent en faveur de ces 3\u00a0jours de carence. <\/span><\/span><\/span><\/p>\n<p class=\"western\"><span style=\"color: #212121;\"><span style=\"font-family: Arial, sans-serif;\"><span style=\"font-size: large;\">Pour justifier ce revirement, le s\u00e9nateur centriste Vincent Capo-Canellas a a fait valoir que la baisse de 100\u00a0\u00e0 90\u00a0% du taux de remplacement\u00a0<\/span><\/span><\/span><span style=\"color: #212121;\"><span style=\"font-family: Arial, sans-serif;\"><span style=\"font-size: large;\"><i><b>\u201cremplit une partie de nos objectifs [\u2026] de ma\u00eetrise de la masse salariale<\/b><\/i><\/span><\/span><\/span><span style=\"color: #212121;\"><span style=\"font-family: Arial, sans-serif;\"><span style=\"font-size: large;\"><i>\u201d<\/i><\/span><\/span><\/span><span style=\"color: #212121;\"><span style=\"font-family: Arial, sans-serif;\"><span style=\"font-size: large;\">.<\/span><\/span><\/span><span style=\"color: #212121;\"><span style=\"font-family: Arial, sans-serif;\"><span style=\"font-size: large;\"><i>\u00a0\u201c<\/i><\/span><\/span><\/span><span style=\"color: #212121;\"><span style=\"font-family: Arial, sans-serif;\"><span style=\"font-size: large;\"><i><b>Des discussions ont eu lieu dans un objectif de stabilit\u00e9 et de non-censure,\u00a0<\/b><\/i><\/span><\/span><\/span><span style=\"color: #212121;\"><span style=\"font-family: Arial, sans-serif;\"><span style=\"font-size: large;\"><b>a-t-il d\u00e9velopp\u00e9.<\/b><\/span><\/span><\/span><span style=\"color: #212121;\"><span style=\"font-family: Arial, sans-serif;\"><span style=\"font-size: large;\"><i><b>\u00a0Nous voulons un budget et la modernisation de la fonction publique par le dialogue social. C&rsquo;est pourquoi la majorit\u00e9 du groupe UC ne votera pas, cette fois, cet amendement<\/b><\/i><\/span><\/span><\/span><span style=\"color: #212121;\"><span style=\"font-family: Arial, sans-serif;\"><span style=\"font-size: large;\"><i>.\u201d\u00a0<\/i><\/span><\/span><\/span><\/p>\n<p class=\"western\" align=\"center\"><span style=\"color: #212121;\"><span style=\"font-family: Arial, sans-serif;\"><span style=\"font-size: large;\"><b>Ce qui a \u00e9t\u00e9 fait et a conduit au rejet de l\u2019amendement des R\u00e9publicains.<\/b><\/span><\/span><\/span><\/p>\n","protected":false},"excerpt":{"rendered":"<p>Le S\u00e9nat vient d\u2019adopter l\u2019amendement du gouvernement Bayrou visant \u00e0 baisser la r\u00e9mun\u00e9ration des agents publics durant leurs arr\u00eats maladie de courte dur\u00e9e. Mais pour [&#8230;]<\/p>\n","protected":false},"author":1,"featured_media":2513,"comment_status":"closed","ping_status":"closed","sticky":false,"template":"","format":"standard","meta":{"jetpack_post_was_ever_published":false,"_jetpack_newsletter_access":"","_jetpack_dont_email_post_to_subs":false,"_jetpack_newsletter_tier_id":0,"_jetpack_memberships_contains_paywalled_content":false,"_jetpack_memberships_contains_paid_content":false,"footnotes":""},"categories":[17],"tags":[],"class_list":["post-2512","post","type-post","status-publish","format-standard","has-post-thumbnail","hentry","category-article"],"jetpack_featured_media_url":"https:\/\/i0.wp.com\/www.fo-saint-etienne.fr\/fomunvse\/wp-content\/uploads\/2025\/01\/arret_maladie.jpg?fit=920%2C520","jetpack_sharing_enabled":true,"jetpack_shortlink":"https:\/\/wp.me\/p9roQz-Ew","jetpack_likes_enabled":false,"publishpress_future_action":{"enabled":false,"date":"2026-05-06 22:39:10","action":"change-status","newStatus":"draft","terms":[],"taxonomy":"category"},"publishpress_future_workflow_manual_trigger":{"enabledWorkflows":[]},"_links":{"self":[{"href":"http:\/\/www.fo-saint-etienne.fr\/fomunvse\/index.php?rest_route=\/wp\/v2\/posts\/2512","targetHints":{"allow":["GET"]}}],"collection":[{"href":"http:\/\/www.fo-saint-etienne.fr\/fomunvse\/index.php?rest_route=\/wp\/v2\/posts"}],"about":[{"href":"http:\/\/www.fo-saint-etienne.fr\/fomunvse\/index.php?rest_route=\/wp\/v2\/types\/post"}],"author":[{"embeddable":true,"href":"http:\/\/www.fo-saint-etienne.fr\/fomunvse\/index.php?rest_route=\/wp\/v2\/users\/1"}],"replies":[{"embeddable":true,"href":"http:\/\/www.fo-saint-etienne.fr\/fomunvse\/index.php?rest_route=%2Fwp%2Fv2%2Fcomments&post=2512"}],"version-history":[{"count":2,"href":"http:\/\/www.fo-saint-etienne.fr\/fomunvse\/index.php?rest_route=\/wp\/v2\/posts\/2512\/revisions"}],"predecessor-version":[{"id":2515,"href":"http:\/\/www.fo-saint-etienne.fr\/fomunvse\/index.php?rest_route=\/wp\/v2\/posts\/2512\/revisions\/2515"}],"wp:featuredmedia":[{"embeddable":true,"href":"http:\/\/www.fo-saint-etienne.fr\/fomunvse\/index.php?rest_route=\/wp\/v2\/media\/2513"}],"wp:attachment":[{"href":"http:\/\/www.fo-saint-etienne.fr\/fomunvse\/index.php?rest_route=%2Fwp%2Fv2%2Fmedia&parent=2512"}],"wp:term":[{"taxonomy":"category","embeddable":true,"href":"http:\/\/www.fo-saint-etienne.fr\/fomunvse\/index.php?rest_route=%2Fwp%2Fv2%2Fcategories&post=2512"},{"taxonomy":"post_tag","embeddable":true,"href":"http:\/\/www.fo-saint-etienne.fr\/fomunvse\/index.php?rest_route=%2Fwp%2Fv2%2Ftags&post=2512"}],"curies":[{"name":"wp","href":"https:\/\/api.w.org\/{rel}","templated":true}]}}