{"id":2516,"date":"2025-01-21T10:42:52","date_gmt":"2025-01-21T09:42:52","guid":{"rendered":"http:\/\/www.fo-saint-etienne.fr\/fomunvse\/?p=2516"},"modified":"2025-02-04T19:06:45","modified_gmt":"2025-02-04T18:06:45","slug":"labandon-dune-partie-de-la-reforme-des-arrets-maladie-laisse-les-syndicats-de-la-fonction-publique-sur-leur-faim","status":"publish","type":"post","link":"http:\/\/www.fo-saint-etienne.fr\/fomunvse\/?p=2516","title":{"rendered":"L\u2019abandon d\u2019une partie de la r\u00e9forme des arr\u00eats maladie laisse les syndicats de la fonction publique sur leur faim"},"content":{"rendered":"<p class=\"western\"><span style=\"color: #993366;\"><span style=\"font-family: Arial, sans-serif;\"><span style=\"font-size: large;\">Si les syndicats se r\u00e9jouissent de l\u2019abandon de l\u2019augmentation du nombre de jours de carence dans la fonction publique, ils regrettent que le gouvernement Bayrou <\/span><\/span><span style=\"font-family: Arial, sans-serif;\"><span style=\"font-size: large;\"><b>compte toujours baisser le taux de remplacement de la r\u00e9mun\u00e9ration des agents publics durant leurs arr\u00eats maladie <\/b><\/span><\/span><span style=\"font-family: Arial, sans-serif;\"><span style=\"font-size: large;\"><b>de courte dur\u00e9e<\/b><\/span><\/span><span style=\"font-family: Arial, sans-serif;\"><span style=\"font-size: large;\">.<\/span><\/span><\/span><\/p>\n<p style=\"text-align: center;\"><a href=\"https:\/\/i0.wp.com\/www.fo-saint-etienne.fr\/fomunvse\/wp-content\/uploads\/2025\/01\/abandon_reforme.jpg\"><img data-recalc-dims=\"1\" loading=\"lazy\" decoding=\"async\" data-attachment-id=\"2517\" data-permalink=\"http:\/\/www.fo-saint-etienne.fr\/fomunvse\/?attachment_id=2517\" data-orig-file=\"https:\/\/i0.wp.com\/www.fo-saint-etienne.fr\/fomunvse\/wp-content\/uploads\/2025\/01\/abandon_reforme.jpg?fit=920%2C520\" data-orig-size=\"920,520\" data-comments-opened=\"1\" data-image-meta=\"{&quot;aperture&quot;:&quot;0&quot;,&quot;credit&quot;:&quot;&quot;,&quot;camera&quot;:&quot;&quot;,&quot;caption&quot;:&quot;&quot;,&quot;created_timestamp&quot;:&quot;0&quot;,&quot;copyright&quot;:&quot;&quot;,&quot;focal_length&quot;:&quot;0&quot;,&quot;iso&quot;:&quot;0&quot;,&quot;shutter_speed&quot;:&quot;0&quot;,&quot;title&quot;:&quot;&quot;,&quot;orientation&quot;:&quot;0&quot;}\" data-image-title=\"abandon_reforme\" data-image-description=\"\" data-image-caption=\"\" data-medium-file=\"https:\/\/i0.wp.com\/www.fo-saint-etienne.fr\/fomunvse\/wp-content\/uploads\/2025\/01\/abandon_reforme.jpg?fit=300%2C170\" data-large-file=\"https:\/\/i0.wp.com\/www.fo-saint-etienne.fr\/fomunvse\/wp-content\/uploads\/2025\/01\/abandon_reforme.jpg?fit=860%2C486\" class=\"alignnone size-medium wp-image-2517\" src=\"https:\/\/i0.wp.com\/www.fo-saint-etienne.fr\/fomunvse\/wp-content\/uploads\/2025\/01\/abandon_reforme.jpg?resize=300%2C170\" alt=\"\" width=\"300\" height=\"170\" srcset=\"https:\/\/i0.wp.com\/www.fo-saint-etienne.fr\/fomunvse\/wp-content\/uploads\/2025\/01\/abandon_reforme.jpg?resize=300%2C170 300w, https:\/\/i0.wp.com\/www.fo-saint-etienne.fr\/fomunvse\/wp-content\/uploads\/2025\/01\/abandon_reforme.jpg?resize=768%2C434 768w, https:\/\/i0.wp.com\/www.fo-saint-etienne.fr\/fomunvse\/wp-content\/uploads\/2025\/01\/abandon_reforme.jpg?w=920 920w\" sizes=\"auto, (max-width: 300px) 100vw, 300px\" \/><\/a><\/p>\n<p class=\"western\"><span style=\"color: #212121;\"><span style=\"font-family: Arial, sans-serif;\"><span style=\"font-size: large;\">Une premi\u00e8re victoire pour les syndicats de la fonction publique, qui se r\u00e9jouissent de l&rsquo;abandon des 3\u00a0jours de carence pour les arr\u00eats maladie des agents publics. Dans un courrier adress\u00e9 au Parti socialiste, jeudi 16\u00a0janvier, le nouveau Premier ministre, Fran\u00e7ois Bayrou, a en effet confirm\u00e9 renoncer \u00e0 l&rsquo;augmentation du nombre de jours de carence initialement envisag\u00e9e par le gouvernement Barnier et l&rsquo;ex-ministre Guillaume Kasbarian.\u00a0<\/span><\/span><\/span><\/p>\n<p class=\"western\"><span style=\"color: #212121;\">\u201c<\/span><span style=\"color: #212121;\"><span style=\"font-family: Arial, sans-serif;\"><span style=\"font-size: large;\"><i><b>L&rsquo;annonce de l&rsquo;abandon de 2\u00a0jours de carence suppl\u00e9mentaires est un point positif<\/b><\/i><\/span><\/span><\/span><span style=\"color: #212121;\"><span style=\"font-family: Arial, sans-serif;\"><span style=\"font-size: large;\"><i>\u201d,\u00a0<\/i><\/span><\/span><\/span><span style=\"color: #212121;\"><span style=\"font-family: Arial, sans-serif;\"><span style=\"font-size: large;\">estime ainsi Luc Farr\u00e9, de l&rsquo;Unsa, en mettant en avant une\u00a0<\/span><\/span><\/span><span style=\"color: #212121;\"><span style=\"font-family: Arial, sans-serif;\"><span style=\"font-size: large;\"><i>\u201cpetite victoire syndicale\u201d.\u00a0<\/i><\/span><\/span><\/span><span style=\"color: #212121;\"><span style=\"font-family: Arial, sans-serif;\"><span style=\"font-size: large;\">Cette annonce\u00a0<\/span><\/span><\/span><span style=\"color: #212121;\"><span style=\"font-family: Arial, sans-serif;\"><span style=\"font-size: large;\"><i>\u201cest \u00e0 mettre au cr\u00e9dit de la forte mobilisation des agents publics\u201d\u00a0<\/i><\/span><\/span><\/span><span style=\"color: #212121;\"><span style=\"font-family: Arial, sans-serif;\"><span style=\"font-size: large;\">lors de la journ\u00e9e de gr\u00e8ve du 5\u00a0d\u00e9cembre dernier, estime Ga\u00eblle Martinez, de Solidaires.\u00a0<\/span><\/span><\/span><span style=\"color: #212121;\"><span style=\"font-family: Arial, sans-serif;\"><span style=\"font-size: large;\"><i>\u201cCe n&rsquo;est bien entendu pas suffisant\u201d,\u00a0<\/i><\/span><\/span><\/span><span style=\"color: #212121;\"><span style=\"font-family: Arial, sans-serif;\"><span style=\"font-size: large;\">ajoute-t-elle toutefois.\u00a0<\/span><\/span><\/span><\/p>\n<p class=\"western\"><span style=\"color: #212121;\">\u201c<span style=\"font-family: Arial, sans-serif;\"><span style=\"font-size: large;\"><i>Il faut aller beaucoup plus loin\u201d,<\/i><\/span><\/span><\/span><span style=\"color: #212121;\"><span style=\"font-family: Arial, sans-serif;\"><span style=\"font-size: large;\">\u00a0rench\u00e9rit Stanislas Gaudon, de la CFE-CGC, en ciblant, comme tous les autres repr\u00e9sentants du personnel, la baisse de 100\u00a0\u00e0 90\u00a0% du taux de remplacement de la r\u00e9mun\u00e9ration des agents durant leurs arr\u00eats maladie de courte dur\u00e9e (jusqu&rsquo;\u00e0 trois mois). Une mesure que le gouvernement Bayrou compte mettre en \u0153uvre, \u00e0 l&rsquo;inverse de la hausse du nombre de jours de carence.<\/span><\/span><\/span><\/p>\n<p class=\"western\" align=\"center\"><span style=\"color: #222222;\"><span style=\"font-family: Arial, sans-serif;\"><span style=\"font-size: large;\"><b>Une perte de r\u00e9mun\u00e9ration qui ne passe pas<\/b><\/span><\/span><\/span><\/p>\n<p class=\"western\"><span style=\"color: #212121;\"><span style=\"font-family: Arial, sans-serif;\"><span style=\"font-size: large;\">Les 3\u00a0jours de carence \u00e9taient la mesure\u00a0<\/span><\/span><\/span><span style=\"color: #212121;\"><span style=\"font-family: Arial, sans-serif;\"><span style=\"font-size: large;\"><i>\u201cla plus violente directement,\u00a0<\/i><\/span><\/span><\/span><span style=\"color: #212121;\"><span style=\"font-family: Arial, sans-serif;\"><span style=\"font-size: large;\">analyse Benoit Teste, de la FSU.\u00a0<\/span><\/span><\/span><span style=\"color: #212121;\"><span style=\"font-family: Arial, sans-serif;\"><span style=\"font-size: large;\"><i>C&rsquo;est donc bien qu&rsquo;elle ait \u00e9t\u00e9 supprim\u00e9e en priorit\u00e9, le gouvernement ayant certainement mesur\u00e9 le co\u00fbt politique qu&rsquo;aurait eu le maintien d&rsquo;une mesure qui est tr\u00e8s contest\u00e9e et tr\u00e8s mal ressentie par les personnels\u201d<\/i><\/span><\/span><\/span><span style=\"color: #212121;\"><span style=\"font-family: Arial, sans-serif;\"><span style=\"font-size: large;\">. Mais pour ce syndicaliste,\u00a0<\/span><\/span><\/span><span style=\"color: #212121;\"><span style=\"font-family: Arial, sans-serif;\"><span style=\"font-size: large;\"><i>\u201cil reste la baisse\u00a0<\/i><\/span><\/span><\/span><span style=\"color: #212121;\"><span style=\"font-family: Arial, sans-serif;\"><span style=\"font-size: large;\">(du taux de remplacement), qui\u00a0<\/span><\/span><\/span><span style=\"color: #212121;\"><span style=\"font-family: Arial, sans-serif;\"><span style=\"font-size: large;\"><i>va avoir un impact n\u00e9gatif tr\u00e8s fort, surtout sur les gens contraints de s&rsquo;arr\u00eater un peu longuement\u201d.\u00a0<\/i><\/span><\/span><\/span><\/p>\n<p class=\"western\"><span style=\"color: #212121;\"><span style=\"font-family: Arial, sans-serif;\"><span style=\"font-size: large;\">De son c\u00f4t\u00e9, Christian Grolier, de Force ouvri\u00e8re, parle d\u2019une\u00a0<\/span><\/span><\/span><span style=\"color: #212121;\"><span style=\"font-family: Arial, sans-serif;\"><span style=\"font-size: large;\"><i>\u201cdemi-avanc\u00e9e\u201d\u00a0<\/i><\/span><\/span><\/span><span style=\"color: #212121;\"><span style=\"font-family: Arial, sans-serif;\"><span style=\"font-size: large;\">et appelle au retrait de la deuxi\u00e8me mesure<\/span><\/span><\/span><span style=\"color: #212121;\"><span style=\"font-family: Arial, sans-serif;\"><span style=\"font-size: large;\"><i>\u00a0\u201cstigmatisante\u201d\u00a0<\/i><\/span><\/span><\/span><span style=\"color: #212121;\"><span style=\"font-family: Arial, sans-serif;\"><span style=\"font-size: large;\">du plan de \u201clutte contre l&rsquo;absent\u00e9isme\u201d \u00e9labor\u00e9 par l&rsquo;ex-ministre Guillaume Kasbarian. Car selon lui, elle\u00a0 impactera davantage les r\u00e9mun\u00e9rations des agents publics que des jours de carence suppl\u00e9mentaires.\u00a0<\/span><\/span><\/span><span style=\"color: #212121;\"><span style=\"font-family: Arial, sans-serif;\"><span style=\"font-size: large;\"><i>\u201cEn p\u00e9riode d&rsquo;aust\u00e9rit\u00e9, de gel du point d&rsquo;indice, de grilles smicardis\u00e9es, de baisse des enveloppes de primes, il est inacceptable d&rsquo;ajouter de la perte de r\u00e9mun\u00e9ration en cas d&rsquo;arr\u00eat maladie\u201d,\u00a0<\/i><\/span><\/span><\/span><span style=\"color: #212121;\"><span style=\"font-family: Arial, sans-serif;\"><span style=\"font-size: large;\">souligne-t-il, en rappelant que la baisse du taux de remplacement permettra de d\u00e9gager davantage d&rsquo;\u00e9conomies \u2013 quelque 900\u00a0millions d\u2019euros contre 300\u00a0millions environ, selon les calculs des inspections \u2013 que les 3\u00a0jours de carence.<\/span><\/span><\/span><span style=\"color: #212121;\"><span style=\"font-family: Arial, sans-serif;\"><span style=\"font-size: large;\"><i>\u00a0\u00ab\u00a0Si la baisse du taux de remplacement est confim\u00e9e, elle aura des cons\u00e9quences non n\u00e9gligeables pour les agents publics<\/i><\/span><\/span><\/span><span style=\"color: #212121;\"><span style=\"font-family: Arial, sans-serif;\"><span style=\"font-size: large;\">, rench\u00e9rit Pascal Kessler de la FA-FP.\u00a0<\/span><\/span><\/span><span style=\"color: #212121;\"><span style=\"font-family: Arial, sans-serif;\"><span style=\"font-size: large;\"><i>Certes, cette question parle moins au grand public que les jours de carence mais elle est extr\u00eamement nocive pour les personnels de la fonction publique\u00a0\u00bb<\/i><\/span><\/span><\/span><span style=\"color: #212121;\"><span style=\"font-family: Arial, sans-serif;\"><span style=\"font-size: large;\">.\u00a0<\/span><\/span><\/span><\/p>\n<p class=\"western\"><span style=\"color: #212121;\">\u201c<span style=\"font-family: Arial, sans-serif;\"><span style=\"font-size: large;\"><i>Nous ne nous lan\u00e7ons pas dans des concours entre mesures\u201d,\u00a0<\/i><\/span><\/span><\/span><span style=\"color: #212121;\"><span style=\"font-family: Arial, sans-serif;\"><span style=\"font-size: large;\">temp\u00e8re quant \u00e0 elle Myl\u00e8ne Jacquot, de la CFDT. Si elle acte\u00a0<\/span><\/span><\/span><span style=\"color: #212121;\"><span style=\"font-family: Arial, sans-serif;\"><span style=\"font-size: large;\"><i>\u201cpositivement\u201d\u00a0<\/i><\/span><\/span><\/span><span style=\"color: #212121;\"><span style=\"font-family: Arial, sans-serif;\"><span style=\"font-size: large;\">l&rsquo;abandon des 2\u00a0jours de carence suppl\u00e9mentaires, elle appelle, comme ses homologues, au retrait de la baisse de l&rsquo;indemnisation des arr\u00eats maladie des agents publics, tout comme \u00e0 la reconduction de leur prime de pouvoir d&rsquo;achat, la Gipa, supprim\u00e9e par Guillaume Kasbarian. Lors de ses \u00e9changes avec les syndicats, le nouveau ministre, Laurent Marcangeli, a \u00e9voqu\u00e9 l&rsquo;hypoth\u00e8se de revenir sur cette suppression et de recentrer la Gipa sur les seules cat\u00e9gories B et C. Les syndicats attendent d\u00e9sormais qu\u2019il pr\u00e9cise ses intentions.\u00a0<\/span><\/span><\/span><\/p>\n<p class=\"western\" align=\"center\"><span style=\"color: #212121;\"><span style=\"font-family: Arial, sans-serif;\"><span style=\"font-size: large;\"><b>L\u2019abandon des 3\u00a0jours de carence,\u00a0<\/b><\/span><\/span><\/span><span style=\"color: #212121;\"><span style=\"font-family: Arial, sans-serif;\"><span style=\"font-size: large;\"><i><b>\u201cune annonce en trompe-l&rsquo;\u0153il\u201d,\u00a0<\/b><\/i><\/span><\/span><\/span><span style=\"color: #212121;\"><span style=\"font-family: Arial, sans-serif;\"><span style=\"font-size: large;\"><b>selon Le Sens du service public<\/b><\/span><\/span><\/span><\/p>\n<p class=\"western\"><span style=\"color: #212121;\"><span style=\"font-family: Arial, sans-serif;\"><span style=\"font-size: large;\"><br \/>\n<\/span><\/span><\/span><span style=\"color: #212121;\"><span style=\"font-family: Arial, sans-serif;\"><span style=\"font-size: large;\"><i>\u201cCe qui semble \u00eatre une bonne nouvelle est, en r\u00e9alit\u00e9, une annonce en trompe-l&rsquo;\u0153il\u201d,<\/i><\/span><\/span><\/span><span style=\"color: #212121;\"><span style=\"font-family: Arial, sans-serif;\"><span style=\"font-size: large;\">\u00a0estime le\u00a0<\/span><\/span><\/span><span style=\"color: #212121;\"><span style=\"font-family: Arial, sans-serif;\"><span style=\"font-size: large;\"><i>think tank<\/i><\/span><\/span><\/span><span style=\"color: #212121;\"><span style=\"font-family: Arial, sans-serif;\"><span style=\"font-size: large;\">\u00a0de hauts fonctionnaires Le Sens du service public, apr\u00e8s l&rsquo;annonce de l&rsquo;abandon de l&rsquo;augmentation du nombre de jours de carence. Comme les syndicats, le collectif cible le maintien de la baisse du taux de remplacement de la r\u00e9mun\u00e9ration des agents publics en arr\u00eat maladie. Cette mesure\u00a0<\/span><\/span><\/span><span style=\"color: #212121;\"><span style=\"font-family: Arial, sans-serif;\"><span style=\"font-size: large;\"><i>\u201cviendra d&rsquo;abord p\u00e9naliser les agents publics et notamment ceux en arr\u00eats maladie ordinaire plus longs\u201d,\u00a0<\/i><\/span><\/span><\/span><span style=\"color: #212121;\"><span style=\"font-family: Arial, sans-serif;\"><span style=\"font-size: large;\">analyse-t-il dans un communiqu\u00e9, o\u00f9 il \u00e9value \u00e0 6,71\u00a0euros par jour d&rsquo;arr\u00eat la perte salariale pour un agent de cat\u00e9gorie C. \u00c0 cela viendraient s&rsquo;ajouter 67\u00a0euros de perte au titre du jour de carence existant, soit une perte salariale totale de 73,7\u00a0euros pour le premier jour de maladie ordinaire. Pour les cat\u00e9gorie B, cette perte serait en moyenne de 84\u00a0euros et pour les cat\u00e9gorie A, de 110\u00a0euros, a calcul\u00e9 Le Sens du service public.<\/span><\/span><\/span><\/p>\n","protected":false},"excerpt":{"rendered":"<p>Si les syndicats se r\u00e9jouissent de l\u2019abandon de l\u2019augmentation du nombre de jours de carence dans la fonction publique, ils regrettent que le gouvernement Bayrou [&#8230;]<\/p>\n","protected":false},"author":1,"featured_media":2517,"comment_status":"closed","ping_status":"closed","sticky":false,"template":"","format":"standard","meta":{"jetpack_post_was_ever_published":false,"_jetpack_newsletter_access":"","_jetpack_dont_email_post_to_subs":false,"_jetpack_newsletter_tier_id":0,"_jetpack_memberships_contains_paywalled_content":false,"_jetpack_memberships_contains_paid_content":false,"footnotes":""},"categories":[17],"tags":[],"class_list":["post-2516","post","type-post","status-publish","format-standard","has-post-thumbnail","hentry","category-article"],"jetpack_featured_media_url":"https:\/\/i0.wp.com\/www.fo-saint-etienne.fr\/fomunvse\/wp-content\/uploads\/2025\/01\/abandon_reforme.jpg?fit=920%2C520","jetpack_sharing_enabled":true,"jetpack_shortlink":"https:\/\/wp.me\/p9roQz-EA","jetpack_likes_enabled":false,"publishpress_future_action":{"enabled":false,"date":"2026-05-06 23:50:58","action":"change-status","newStatus":"draft","terms":[],"taxonomy":"category"},"publishpress_future_workflow_manual_trigger":{"enabledWorkflows":[]},"_links":{"self":[{"href":"http:\/\/www.fo-saint-etienne.fr\/fomunvse\/index.php?rest_route=\/wp\/v2\/posts\/2516","targetHints":{"allow":["GET"]}}],"collection":[{"href":"http:\/\/www.fo-saint-etienne.fr\/fomunvse\/index.php?rest_route=\/wp\/v2\/posts"}],"about":[{"href":"http:\/\/www.fo-saint-etienne.fr\/fomunvse\/index.php?rest_route=\/wp\/v2\/types\/post"}],"author":[{"embeddable":true,"href":"http:\/\/www.fo-saint-etienne.fr\/fomunvse\/index.php?rest_route=\/wp\/v2\/users\/1"}],"replies":[{"embeddable":true,"href":"http:\/\/www.fo-saint-etienne.fr\/fomunvse\/index.php?rest_route=%2Fwp%2Fv2%2Fcomments&post=2516"}],"version-history":[{"count":2,"href":"http:\/\/www.fo-saint-etienne.fr\/fomunvse\/index.php?rest_route=\/wp\/v2\/posts\/2516\/revisions"}],"predecessor-version":[{"id":2519,"href":"http:\/\/www.fo-saint-etienne.fr\/fomunvse\/index.php?rest_route=\/wp\/v2\/posts\/2516\/revisions\/2519"}],"wp:featuredmedia":[{"embeddable":true,"href":"http:\/\/www.fo-saint-etienne.fr\/fomunvse\/index.php?rest_route=\/wp\/v2\/media\/2517"}],"wp:attachment":[{"href":"http:\/\/www.fo-saint-etienne.fr\/fomunvse\/index.php?rest_route=%2Fwp%2Fv2%2Fmedia&parent=2516"}],"wp:term":[{"taxonomy":"category","embeddable":true,"href":"http:\/\/www.fo-saint-etienne.fr\/fomunvse\/index.php?rest_route=%2Fwp%2Fv2%2Fcategories&post=2516"},{"taxonomy":"post_tag","embeddable":true,"href":"http:\/\/www.fo-saint-etienne.fr\/fomunvse\/index.php?rest_route=%2Fwp%2Fv2%2Ftags&post=2516"}],"curies":[{"name":"wp","href":"https:\/\/api.w.org\/{rel}","templated":true}]}}