{"id":5758,"date":"2026-03-14T10:22:32","date_gmt":"2026-03-14T09:22:32","guid":{"rendered":"http:\/\/www.fo-saint-etienne.fr\/fomunvse\/?p=5758"},"modified":"2026-03-14T10:22:32","modified_gmt":"2026-03-14T09:22:32","slug":"le-jour-de-carence-dans-la-fonction-publique-territoriale","status":"publish","type":"post","link":"http:\/\/www.fo-saint-etienne.fr\/fomunvse\/?p=5758","title":{"rendered":"Le jour de carence dans la Fonction Publique Territoriale"},"content":{"rendered":"<blockquote>\n<h4 style=\"text-align: center;\"><span style=\"color: #ff0000; font-size: 1.25em;\">L\u2019article 115 de la loi n\u00b02017-1837 du 30 d\u00e9cembre 2017 a r\u00e9instaur\u00e9, \u00e0 compter du 1er janvier 2018, le jour de carence pour les agents publics en cas de maladie : l\u2019agent public ne per\u00e7oit pas sa r\u00e9mun\u00e9ration au titre du premier jour de maladie, sauf exceptions pr\u00e9vues par la loi&#8230;<\/span><\/h4>\n<\/blockquote>\n<h4 style=\"text-align: center;\"><span style=\"color: #008000;\"><a style=\"color: #008000;\" href=\"http:\/\/www.fo-saint-etienne.fr\/fomunvse\/wp-content\/uploads\/2026\/03\/Jour-de-carence-et-ALD.pdf\" target=\"_blank\" rel=\"noopener\">Cliquez pour lire ou t\u00e9l\u00e9charger le document<\/a><\/span><\/h4>\n<div class=\"df-element df-lite\"  data-slug=\"\" data-_slug=\"\" data-title=\"le-jour-de-carence-dans-la-fonction-publique-territoriale\" id=\"df_5757\" data-option=\"df_option_5757\" ><\/div><script class=\"df-shortcode-script\" type=\"application\/javascript\">window.df_option_5757 = {\"source\":\"http:\\\/\\\/www.fo-saint-etienne.fr\\\/fomunvse\\\/wp-content\\\/uploads\\\/2026\\\/03\\\/Jour-de-carence-et-ALD.pdf\",\"viewerType\":\"flipbook\",\"height\":\"auto\",\"slug\":\"\",\"id\":5757}; if(window.DEARPDF && window.DEARPDF.parseElements){window.DEARPDF.parseElements();}<\/script>\n","protected":false},"excerpt":{"rendered":"<p>L\u2019article 115 de la loi n\u00b02017-1837 du 30 d\u00e9cembre 2017 a r\u00e9instaur\u00e9, \u00e0 compter du 1er janvier 2018, le jour de carence pour les agents [&#8230;]<\/p>\n","protected":false},"author":8,"featured_media":3722,"comment_status":"open","ping_status":"open","sticky":false,"template":"","format":"standard","meta":{"jetpack_post_was_ever_published":false,"_jetpack_newsletter_access":"","_jetpack_dont_email_post_to_subs":false,"_jetpack_newsletter_tier_id":0,"_jetpack_memberships_contains_paywalled_content":false,"_jetpack_memberships_contains_paid_content":false,"footnotes":""},"categories":[17],"tags":[],"class_list":["post-5758","post","type-post","status-publish","format-standard","has-post-thumbnail","hentry","category-article"],"jetpack_featured_media_url":"https:\/\/i0.wp.com\/www.fo-saint-etienne.fr\/fomunvse\/wp-content\/uploads\/2025\/05\/faq.png?fit=950%2C322","jetpack_sharing_enabled":true,"jetpack_shortlink":"https:\/\/wp.me\/p9roQz-1uS","jetpack_likes_enabled":false,"publishpress_future_action":{"enabled":false,"date":"2026-05-05 17:15:55","action":"change-status","newStatus":"draft","terms":[],"taxonomy":"category"},"publishpress_future_workflow_manual_trigger":{"enabledWorkflows":[]},"_links":{"self":[{"href":"http:\/\/www.fo-saint-etienne.fr\/fomunvse\/index.php?rest_route=\/wp\/v2\/posts\/5758","targetHints":{"allow":["GET"]}}],"collection":[{"href":"http:\/\/www.fo-saint-etienne.fr\/fomunvse\/index.php?rest_route=\/wp\/v2\/posts"}],"about":[{"href":"http:\/\/www.fo-saint-etienne.fr\/fomunvse\/index.php?rest_route=\/wp\/v2\/types\/post"}],"author":[{"embeddable":true,"href":"http:\/\/www.fo-saint-etienne.fr\/fomunvse\/index.php?rest_route=\/wp\/v2\/users\/8"}],"replies":[{"embeddable":true,"href":"http:\/\/www.fo-saint-etienne.fr\/fomunvse\/index.php?rest_route=%2Fwp%2Fv2%2Fcomments&post=5758"}],"version-history":[{"count":1,"href":"http:\/\/www.fo-saint-etienne.fr\/fomunvse\/index.php?rest_route=\/wp\/v2\/posts\/5758\/revisions"}],"predecessor-version":[{"id":5760,"href":"http:\/\/www.fo-saint-etienne.fr\/fomunvse\/index.php?rest_route=\/wp\/v2\/posts\/5758\/revisions\/5760"}],"wp:featuredmedia":[{"embeddable":true,"href":"http:\/\/www.fo-saint-etienne.fr\/fomunvse\/index.php?rest_route=\/wp\/v2\/media\/3722"}],"wp:attachment":[{"href":"http:\/\/www.fo-saint-etienne.fr\/fomunvse\/index.php?rest_route=%2Fwp%2Fv2%2Fmedia&parent=5758"}],"wp:term":[{"taxonomy":"category","embeddable":true,"href":"http:\/\/www.fo-saint-etienne.fr\/fomunvse\/index.php?rest_route=%2Fwp%2Fv2%2Fcategories&post=5758"},{"taxonomy":"post_tag","embeddable":true,"href":"http:\/\/www.fo-saint-etienne.fr\/fomunvse\/index.php?rest_route=%2Fwp%2Fv2%2Ftags&post=5758"}],"curies":[{"name":"wp","href":"https:\/\/api.w.org\/{rel}","templated":true}]}}