{"id":6014,"date":"2026-04-25T17:54:58","date_gmt":"2026-04-25T16:54:58","guid":{"rendered":"http:\/\/www.fo-saint-etienne.fr\/fomunvse\/?p=6014"},"modified":"2026-04-25T17:54:58","modified_gmt":"2026-04-25T16:54:58","slug":"arrets-maladie-fo-denonce-des-mesures-stigmatisantes-pour-les-salaries","status":"publish","type":"post","link":"http:\/\/www.fo-saint-etienne.fr\/fomunvse\/?p=6014","title":{"rendered":"Arr\u00eats maladie : FO d\u00e9nonce des mesures stigmatisantes pour les salari\u00e9s"},"content":{"rendered":"<blockquote>\n<h4 style=\"text-align: center;\"><span style=\"color: #0000ff;\">Le gouvernement s\u2019en prend de nouveau aux arr\u00eats de travail. L\u2019augmentation rapide des arr\u00eats et donc des indemnit\u00e9s journali\u00e8res (17,9 milliards d\u2019euros, en hausse de 7 milliards d\u2019euros en dix ans) n\u2019est pas \u00ab soutenable \u00bb, argue l\u2019ex\u00e9cutif qui a annonc\u00e9 le 9 avril un plan contre l\u2019absent\u00e9isme au travail. Celui-ci pr\u00e9voit de renforcer le contr\u00f4le des arr\u00eats maladie des salari\u00e9s, en particulier pour ceux qui sont en arr\u00eat de longue dur\u00e9e (18 mois), en arr\u00eat AT-MP depuis plus de trois ans ou pour ceux ayant eu recours \u00e0 la t\u00e9l\u00e9consultation pour obtenir un arr\u00eat de travail&#8230;.<\/span><\/h4>\n<\/blockquote>\n<h4 style=\"text-align: center;\"><span style=\"color: #008000;\"><a style=\"color: #008000;\" href=\"http:\/\/www.fo-saint-etienne.fr\/fomunvse\/wp-content\/uploads\/2026\/04\/Arrets-maladie-FO-denonce-des-mesures-stigmatisantes-pour-les-salaries-Force.pdf\" target=\"_blank\" rel=\"noopener\">Cliquez pour lire ou t\u00e9l\u00e9charger le document<\/a><\/span><\/h4>\n<div class=\"df-element df-lite\"  data-slug=\"\" data-_slug=\"\" data-title=\"arrets-maladie-fo-denonce-des-mesures-stigmatisantes-pour-les-salaries\" id=\"df_6013\" data-option=\"df_option_6013\" ><\/div><script class=\"df-shortcode-script\" type=\"application\/javascript\">window.df_option_6013 = {\"source\":\"http:\\\/\\\/www.fo-saint-etienne.fr\\\/fomunvse\\\/wp-content\\\/uploads\\\/2026\\\/04\\\/Arrets-maladie-FO-denonce-des-mesures-stigmatisantes-pour-les-salaries-Force.pdf\",\"viewerType\":\"flipbook\",\"height\":\"auto\",\"slug\":\"\",\"id\":6013}; if(window.DEARPDF && window.DEARPDF.parseElements){window.DEARPDF.parseElements();}<\/script>\n","protected":false},"excerpt":{"rendered":"<p>Le gouvernement s\u2019en prend de nouveau aux arr\u00eats de travail. L\u2019augmentation rapide des arr\u00eats et donc des indemnit\u00e9s journali\u00e8res (17,9 milliards d\u2019euros, en hausse de [&#8230;]<\/p>\n","protected":false},"author":8,"featured_media":948,"comment_status":"closed","ping_status":"closed","sticky":false,"template":"","format":"standard","meta":{"jetpack_post_was_ever_published":true,"_jetpack_newsletter_access":"","_jetpack_dont_email_post_to_subs":false,"_jetpack_newsletter_tier_id":0,"_jetpack_memberships_contains_paywalled_content":false,"_jetpack_memberships_contains_paid_content":false,"footnotes":""},"categories":[17],"tags":[],"class_list":["post-6014","post","type-post","status-publish","format-standard","has-post-thumbnail","hentry","category-article"],"jetpack_featured_media_url":"https:\/\/i0.wp.com\/www.fo-saint-etienne.fr\/fomunvse\/wp-content\/uploads\/2017\/12\/logo_FO.jpg?fit=733%2C509","jetpack_sharing_enabled":true,"jetpack_shortlink":"https:\/\/wp.me\/p9roQz-1z0","jetpack_likes_enabled":false,"publishpress_future_action":{"enabled":false,"date":"2026-05-05 15:47:42","action":"change-status","newStatus":"draft","terms":[],"taxonomy":"category"},"publishpress_future_workflow_manual_trigger":{"enabledWorkflows":[]},"_links":{"self":[{"href":"http:\/\/www.fo-saint-etienne.fr\/fomunvse\/index.php?rest_route=\/wp\/v2\/posts\/6014","targetHints":{"allow":["GET"]}}],"collection":[{"href":"http:\/\/www.fo-saint-etienne.fr\/fomunvse\/index.php?rest_route=\/wp\/v2\/posts"}],"about":[{"href":"http:\/\/www.fo-saint-etienne.fr\/fomunvse\/index.php?rest_route=\/wp\/v2\/types\/post"}],"author":[{"embeddable":true,"href":"http:\/\/www.fo-saint-etienne.fr\/fomunvse\/index.php?rest_route=\/wp\/v2\/users\/8"}],"replies":[{"embeddable":true,"href":"http:\/\/www.fo-saint-etienne.fr\/fomunvse\/index.php?rest_route=%2Fwp%2Fv2%2Fcomments&post=6014"}],"version-history":[{"count":1,"href":"http:\/\/www.fo-saint-etienne.fr\/fomunvse\/index.php?rest_route=\/wp\/v2\/posts\/6014\/revisions"}],"predecessor-version":[{"id":6016,"href":"http:\/\/www.fo-saint-etienne.fr\/fomunvse\/index.php?rest_route=\/wp\/v2\/posts\/6014\/revisions\/6016"}],"wp:featuredmedia":[{"embeddable":true,"href":"http:\/\/www.fo-saint-etienne.fr\/fomunvse\/index.php?rest_route=\/wp\/v2\/media\/948"}],"wp:attachment":[{"href":"http:\/\/www.fo-saint-etienne.fr\/fomunvse\/index.php?rest_route=%2Fwp%2Fv2%2Fmedia&parent=6014"}],"wp:term":[{"taxonomy":"category","embeddable":true,"href":"http:\/\/www.fo-saint-etienne.fr\/fomunvse\/index.php?rest_route=%2Fwp%2Fv2%2Fcategories&post=6014"},{"taxonomy":"post_tag","embeddable":true,"href":"http:\/\/www.fo-saint-etienne.fr\/fomunvse\/index.php?rest_route=%2Fwp%2Fv2%2Ftags&post=6014"}],"curies":[{"name":"wp","href":"https:\/\/api.w.org\/{rel}","templated":true}]}}