{"id":6018,"date":"2026-04-25T17:54:58","date_gmt":"2026-04-25T16:54:58","guid":{"rendered":"http:\/\/www.fo-saint-etienne.fr\/fomunvse\/?p=6018"},"modified":"2026-04-25T17:54:58","modified_gmt":"2026-04-25T16:54:58","slug":"la-revue-strategique-de-la-fonction-publique-nouvelle-attaque-au-statut","status":"publish","type":"post","link":"http:\/\/www.fo-saint-etienne.fr\/fomunvse\/?p=6018","title":{"rendered":"La Revue strat\u00e9gique de la fonction publique, nouvelle attaque au statut?"},"content":{"rendered":"<blockquote>\n<h4 style=\"text-align: center;\"><span style=\"color: #0000ff;\">La Direction g\u00e9n\u00e9rale de l\u2019administration et de la fonction publique a lanc\u00e9 une Revue strat\u00e9gique de la fonction publique en f\u00e9vrier dernier. La FGF-FO et FO- PS, ainsi que deux autres organisations syndicales, ont refus\u00e9 de participer \u00e0 la premi\u00e8re r\u00e9union pr\u00e9vue pour \u00e9laborer cette r\u00e9flexion. \u00ab Pour nous la priorit\u00e9 n\u2019est pas de se projeter sur 2035-2050, mais d\u2019ouvrir des n\u00e9gociations salariales \u00bb, explique Christian Grolier, secr\u00e9taire g\u00e9n\u00e9ral de la FGF. \u00ab \u00c0 quoi il nous a \u00e9t\u00e9 r\u00e9pondu qu\u2019en l\u2019absence d\u2019un ministre de la Fonction publique, il n\u2019\u00e9tait pas possible de travailler sur les r\u00e9mun\u00e9rations [*]. \u00bb En revanche, cela ne semble pas emp\u00eacher de discuter de l\u2019avenir&#8230; L\u2019objectif affich\u00e9 de la Revue strat\u00e9gique : \u00ab Penser aujourd\u2019hui la fonction publique de demain\u00bb&#8230;<\/span><\/h4>\n<\/blockquote>\n<h4 style=\"text-align: center;\"><span style=\"color: #008000;\"><a style=\"color: #008000;\" href=\"http:\/\/www.fo-saint-etienne.fr\/fomunvse\/wp-content\/uploads\/2026\/04\/La-Revue-strategique-de-la-fonction-publique-nouvelle-attaque-au-statut-For.pdf\" target=\"_blank\" rel=\"noopener\">Cliquez pour lire ou t\u00e9l\u00e9charger le document<\/a><\/span><\/h4>\n<div class=\"df-element df-lite\"  data-slug=\"\" data-_slug=\"\" data-title=\"la-revue-strategique-de-la-fonction-publique-nouvelle-attaque-au-statut\" id=\"df_6017\" data-option=\"df_option_6017\" ><\/div><script class=\"df-shortcode-script\" type=\"application\/javascript\">window.df_option_6017 = {\"source\":\"http:\\\/\\\/www.fo-saint-etienne.fr\\\/fomunvse\\\/wp-content\\\/uploads\\\/2026\\\/04\\\/La-Revue-strategique-de-la-fonction-publique-nouvelle-attaque-au-statut-For.pdf\",\"viewerType\":\"flipbook\",\"height\":\"auto\",\"slug\":\"\",\"id\":6017}; if(window.DEARPDF && window.DEARPDF.parseElements){window.DEARPDF.parseElements();}<\/script>\n","protected":false},"excerpt":{"rendered":"<p>La Direction g\u00e9n\u00e9rale de l\u2019administration et de la fonction publique a lanc\u00e9 une Revue strat\u00e9gique de la fonction publique en f\u00e9vrier dernier. La FGF-FO et [&#8230;]<\/p>\n","protected":false},"author":8,"featured_media":948,"comment_status":"closed","ping_status":"closed","sticky":false,"template":"","format":"standard","meta":{"jetpack_post_was_ever_published":true,"_jetpack_newsletter_access":"","_jetpack_dont_email_post_to_subs":false,"_jetpack_newsletter_tier_id":0,"_jetpack_memberships_contains_paywalled_content":false,"_jetpack_memberships_contains_paid_content":false,"footnotes":""},"categories":[17],"tags":[],"class_list":["post-6018","post","type-post","status-publish","format-standard","has-post-thumbnail","hentry","category-article"],"jetpack_featured_media_url":"https:\/\/i0.wp.com\/www.fo-saint-etienne.fr\/fomunvse\/wp-content\/uploads\/2017\/12\/logo_FO.jpg?fit=733%2C509","jetpack_sharing_enabled":true,"jetpack_shortlink":"https:\/\/wp.me\/p9roQz-1z4","jetpack_likes_enabled":false,"publishpress_future_action":{"enabled":false,"date":"2026-05-05 15:45:13","action":"change-status","newStatus":"draft","terms":[],"taxonomy":"category"},"publishpress_future_workflow_manual_trigger":{"enabledWorkflows":[]},"_links":{"self":[{"href":"http:\/\/www.fo-saint-etienne.fr\/fomunvse\/index.php?rest_route=\/wp\/v2\/posts\/6018","targetHints":{"allow":["GET"]}}],"collection":[{"href":"http:\/\/www.fo-saint-etienne.fr\/fomunvse\/index.php?rest_route=\/wp\/v2\/posts"}],"about":[{"href":"http:\/\/www.fo-saint-etienne.fr\/fomunvse\/index.php?rest_route=\/wp\/v2\/types\/post"}],"author":[{"embeddable":true,"href":"http:\/\/www.fo-saint-etienne.fr\/fomunvse\/index.php?rest_route=\/wp\/v2\/users\/8"}],"replies":[{"embeddable":true,"href":"http:\/\/www.fo-saint-etienne.fr\/fomunvse\/index.php?rest_route=%2Fwp%2Fv2%2Fcomments&post=6018"}],"version-history":[{"count":1,"href":"http:\/\/www.fo-saint-etienne.fr\/fomunvse\/index.php?rest_route=\/wp\/v2\/posts\/6018\/revisions"}],"predecessor-version":[{"id":6020,"href":"http:\/\/www.fo-saint-etienne.fr\/fomunvse\/index.php?rest_route=\/wp\/v2\/posts\/6018\/revisions\/6020"}],"wp:featuredmedia":[{"embeddable":true,"href":"http:\/\/www.fo-saint-etienne.fr\/fomunvse\/index.php?rest_route=\/wp\/v2\/media\/948"}],"wp:attachment":[{"href":"http:\/\/www.fo-saint-etienne.fr\/fomunvse\/index.php?rest_route=%2Fwp%2Fv2%2Fmedia&parent=6018"}],"wp:term":[{"taxonomy":"category","embeddable":true,"href":"http:\/\/www.fo-saint-etienne.fr\/fomunvse\/index.php?rest_route=%2Fwp%2Fv2%2Fcategories&post=6018"},{"taxonomy":"post_tag","embeddable":true,"href":"http:\/\/www.fo-saint-etienne.fr\/fomunvse\/index.php?rest_route=%2Fwp%2Fv2%2Ftags&post=6018"}],"curies":[{"name":"wp","href":"https:\/\/api.w.org\/{rel}","templated":true}]}}