{"id":6028,"date":"2026-04-25T17:54:57","date_gmt":"2026-04-25T16:54:57","guid":{"rendered":"http:\/\/www.fo-saint-etienne.fr\/fomunvse\/?p=6028"},"modified":"2026-04-25T17:54:57","modified_gmt":"2026-04-25T16:54:57","slug":"crise-des-prix-de-lenergie-fo-propose-elle-des-mesures-immediates","status":"publish","type":"post","link":"http:\/\/www.fo-saint-etienne.fr\/fomunvse\/?p=6028","title":{"rendered":"Crise des prix de l\u2019\u00e9nergie : FO propose, elle, des mesures imm\u00e9diates !"},"content":{"rendered":"<blockquote>\n<h4 style=\"text-align: center;\"><span style=\"color: #0000ff;\">Les sp\u00e9cialistes le murmurent d\u00e9j\u00e0, la crise des prix des \u00e9nergies p\u00e9troli\u00e8res, cons\u00e9quence de la guerre men\u00e9e au Moyen-Orient, d\u00e9clench\u00e9e le 28 f\u00e9vrier, menace d\u2019\u00eatre largement plus rude que celle due au choc p\u00e9trolier de 1973. Alors que la plan\u00e8te vit au rythme de l\u2019envol\u00e9e des prix du baril de p\u00e9trole et que les prix \u00e0 la pompe pulv\u00e9risent des records, le gouvernement a d\u00e9cid\u00e9 fin mars d\u2019un plan d\u2019aides cibl\u00e9es de 70 millions d\u2019euros \u2013 pour la p\u00eache, l\u2019agriculture et certains transports \u2015, ainsi que d\u2019un \u00e9largissement de l\u2019octroi du ch\u00e8que \u00e9nergie. Aucune mesure g\u00e9n\u00e9rale n\u2019a toutefois \u00e9t\u00e9 annonc\u00e9e, alors que le co\u00fbt des \u00e9nergies p\u00e8se sur les porte-monnaie, cela dans un contexte de pouvoir d\u2019achat d\u00e9j\u00e0 mal en point&#8230;<\/span><\/h4>\n<\/blockquote>\n<h4 style=\"text-align: center;\"><span style=\"color: #008000;\"><a style=\"color: #008000;\" href=\"http:\/\/www.fo-saint-etienne.fr\/fomunvse\/wp-content\/uploads\/2026\/04\/Crise-des-prix-de-lenergie-FO-propose-elle-des-mesures-immediates-Force.pdf\" target=\"_blank\" rel=\"noopener\">Cliquez pour lire ou t\u00e9l\u00e9charger le document<\/a><\/span><\/h4>\n<div class=\"df-element df-lite\"  data-slug=\"\" data-_slug=\"\" data-title=\"crise-des-prix-de-lenergie-fo-propose-elle-des-mesures-immediates\" id=\"df_6027\" data-option=\"df_option_6027\" ><\/div><script class=\"df-shortcode-script\" type=\"application\/javascript\">window.df_option_6027 = {\"source\":\"http:\\\/\\\/www.fo-saint-etienne.fr\\\/fomunvse\\\/wp-content\\\/uploads\\\/2026\\\/04\\\/Crise-des-prix-de-lenergie-FO-propose-elle-des-mesures-immediates-Force.pdf\",\"viewerType\":\"flipbook\",\"height\":\"auto\",\"slug\":\"\",\"id\":6027}; if(window.DEARPDF && window.DEARPDF.parseElements){window.DEARPDF.parseElements();}<\/script>\n","protected":false},"excerpt":{"rendered":"<p>Les sp\u00e9cialistes le murmurent d\u00e9j\u00e0, la crise des prix des \u00e9nergies p\u00e9troli\u00e8res, cons\u00e9quence de la guerre men\u00e9e au Moyen-Orient, d\u00e9clench\u00e9e le 28 f\u00e9vrier, menace d\u2019\u00eatre [&#8230;]<\/p>\n","protected":false},"author":8,"featured_media":948,"comment_status":"closed","ping_status":"closed","sticky":false,"template":"","format":"standard","meta":{"jetpack_post_was_ever_published":true,"_jetpack_newsletter_access":"","_jetpack_dont_email_post_to_subs":false,"_jetpack_newsletter_tier_id":0,"_jetpack_memberships_contains_paywalled_content":false,"_jetpack_memberships_contains_paid_content":false,"footnotes":""},"categories":[17],"tags":[],"class_list":["post-6028","post","type-post","status-publish","format-standard","has-post-thumbnail","hentry","category-article"],"jetpack_featured_media_url":"https:\/\/i0.wp.com\/www.fo-saint-etienne.fr\/fomunvse\/wp-content\/uploads\/2017\/12\/logo_FO.jpg?fit=733%2C509","jetpack_sharing_enabled":true,"jetpack_shortlink":"https:\/\/wp.me\/p9roQz-1ze","jetpack_likes_enabled":false,"publishpress_future_action":{"enabled":false,"date":"2026-05-05 15:44:00","action":"change-status","newStatus":"draft","terms":[],"taxonomy":"category"},"publishpress_future_workflow_manual_trigger":{"enabledWorkflows":[]},"_links":{"self":[{"href":"http:\/\/www.fo-saint-etienne.fr\/fomunvse\/index.php?rest_route=\/wp\/v2\/posts\/6028","targetHints":{"allow":["GET"]}}],"collection":[{"href":"http:\/\/www.fo-saint-etienne.fr\/fomunvse\/index.php?rest_route=\/wp\/v2\/posts"}],"about":[{"href":"http:\/\/www.fo-saint-etienne.fr\/fomunvse\/index.php?rest_route=\/wp\/v2\/types\/post"}],"author":[{"embeddable":true,"href":"http:\/\/www.fo-saint-etienne.fr\/fomunvse\/index.php?rest_route=\/wp\/v2\/users\/8"}],"replies":[{"embeddable":true,"href":"http:\/\/www.fo-saint-etienne.fr\/fomunvse\/index.php?rest_route=%2Fwp%2Fv2%2Fcomments&post=6028"}],"version-history":[{"count":1,"href":"http:\/\/www.fo-saint-etienne.fr\/fomunvse\/index.php?rest_route=\/wp\/v2\/posts\/6028\/revisions"}],"predecessor-version":[{"id":6030,"href":"http:\/\/www.fo-saint-etienne.fr\/fomunvse\/index.php?rest_route=\/wp\/v2\/posts\/6028\/revisions\/6030"}],"wp:featuredmedia":[{"embeddable":true,"href":"http:\/\/www.fo-saint-etienne.fr\/fomunvse\/index.php?rest_route=\/wp\/v2\/media\/948"}],"wp:attachment":[{"href":"http:\/\/www.fo-saint-etienne.fr\/fomunvse\/index.php?rest_route=%2Fwp%2Fv2%2Fmedia&parent=6028"}],"wp:term":[{"taxonomy":"category","embeddable":true,"href":"http:\/\/www.fo-saint-etienne.fr\/fomunvse\/index.php?rest_route=%2Fwp%2Fv2%2Fcategories&post=6028"},{"taxonomy":"post_tag","embeddable":true,"href":"http:\/\/www.fo-saint-etienne.fr\/fomunvse\/index.php?rest_route=%2Fwp%2Fv2%2Ftags&post=6028"}],"curies":[{"name":"wp","href":"https:\/\/api.w.org\/{rel}","templated":true}]}}