{"id":1064,"date":"2018-05-29T17:24:41","date_gmt":"2018-05-29T16:24:41","guid":{"rendered":"http:\/\/www.fo-saint-etienne.fr\/fomunvse\/?p=1064"},"modified":"2019-05-18T15:24:13","modified_gmt":"2019-05-18T14:24:13","slug":"communique-cfdt-cftc-cgt-fo-ctp-du-28-mai-2018","status":"publish","type":"post","link":"https:\/\/www.fo-saint-etienne.fr\/fomunvse\/?p=1064","title":{"rendered":"Communiqu\u00e9 CFDT CFTC CGT FO \/ CTP du 28 Mai 2018"},"content":{"rendered":"<p align=\"JUSTIFY\">Madame la Pr\u00e9sidente, Mesdames et Messieurs les \u00c9lus,<\/p>\n<p align=\"JUSTIFY\">Les Organisations Syndicales CGT, FO, CFDT, CFTC ont d\u00e9cid\u00e9 de ne pas participer au CTP de ce lundi 28 mai 2018.<\/p>\n<p align=\"JUSTIFY\">Plusieurs raisons nous ont conduits \u00e0 faire ce choix.<\/p>\n<p align=\"JUSTIFY\">Tout d&rsquo;abord, nous tenons \u00e0 d\u00e9noncer les propos allusifs, caricaturaux et d\u00e9nigrants, tenus une nouvelle fois lors du Conseil Municipal du 23 Avril 2018 \u00e0 l\u2019encontre des Syndicats et donc \u00e0 l&rsquo;encontre des agents que nous repr\u00e9sentons.<\/p>\n<p align=\"JUSTIFY\">OUI, les Organisations Syndicales n\u2019ont pas valid\u00e9 le poste de l\u2019ex directeur du Mus\u00e9e du Vieux Saint-\u00c9tienne, et elles s\u2019\u00e9tonnent que les \u00e9lus n\u2019aient pas la m\u00eame consid\u00e9ration pour l\u2019ensemble des CDD non renouvel\u00e9s \u00e0 la ville et qui se retrouvent sans emploi, malgr\u00e9 de bons et loyaux services.<\/p>\n<p align=\"JUSTIFY\">Ne vous en d\u00e9plaise, en tant que d\u00e9fenseurs des droits des agents, l&rsquo;ensemble des d\u00e9cisions prises par nos Organisations Syndicales le sont en toute coh\u00e9rence et en toute responsabilit\u00e9.<\/p>\n<p align=\"JUSTIFY\">Nous vous rappelons qu&rsquo;elles r\u00e9pondent \u00e0 l&rsquo;attente des agents qui nous ont \u00e9lus et avec qui nous travaillons en totale co-gestion.<\/p>\n<p align=\"JUSTIFY\">Concernant le dialogue social, nous le r\u00e9affirmons, il ne s&rsquo;est jamais aussi mal port\u00e9 \u00e0 ville de Saint \u00c9tienne contrairement \u00e0 ce qui est dit et que l&rsquo;on veut nous faire croire.<\/p>\n<p align=\"JUSTIFY\">Pourtant, ce n\u2019est pas faute d\u2019avoir tent\u00e9 \u00e0 maintes reprises de le faire entendre aux \u00e9lus et \u00e0 Monsieur le Maire.<\/p>\n<p align=\"JUSTIFY\">Le CTP (comme la CAP ou le CHSCT) est une instance o\u00f9 la libre expression doit \u00eatre de mise, sans que les intervenants soient la cible de remarques d\u00e9plac\u00e9es, de railleries, de sarcasmes \u2026.<\/p>\n<p align=\"JUSTIFY\">Les repr\u00e9sentants du personnel n&rsquo;ont jamais \u00e9t\u00e9 aussi d\u00e9consid\u00e9r\u00e9s, d\u00e9nigr\u00e9s et m\u00e9pris\u00e9s sous une mandature municipale.<\/p>\n<p align=\"JUSTIFY\">Ce m\u00e9pris se traduit notamment aujourd\u2019hui, par la volont\u00e9 municipale de r\u00e9duire le nombre de repr\u00e9sentants du personnel de cette instance de 12 si\u00e8ges \u00e0 10 si\u00e8ges.<\/p>\n<p align=\"JUSTIFY\">En effet, la suppression de ces si\u00e8ges va ind\u00e9niablement r\u00e9duire la repr\u00e9sentativit\u00e9 syndicale et la parole l\u00e9gitime des agents, en \u00e9cartant les Organisations Syndicales les moins repr\u00e9sentatives, tout ceci, dans l&rsquo;unique but d&rsquo;affaiblir un peu plus l&rsquo;action syndicale dans notre collectivit\u00e9.<\/p>\n<p align=\"JUSTIFY\">Nous consid\u00e9rons donc que cette r\u00e9duction de si\u00e8ges est une nouvelle atteinte aux principes d\u00e9mocratiques, qui n&rsquo;a fait l&rsquo;objet d&rsquo;aucune concertation mais d&rsquo;une \u00abinformation\u00bb suite \u00e0 une d\u00e9cision politique.<\/p>\n<p align=\"JUSTIFY\">La majeure partie des dossiers nous est pr\u00e9sent\u00e9e \u00abPour information\u00bb et fait l&rsquo;objet de n\u00e9gociations qui n&rsquo;en portent que le nom!<\/p>\n<p align=\"JUSTIFY\">Les r\u00e9ponses qui nous sont apport\u00e9es le plus souvent sont \u00abLa loi\u00a0! Rien que la loi\u00a0!\u00bb ou bien alors \u00abnous avons \u00e9t\u00e9 \u00e9lus par les St\u00e9phanois et nous d\u00e9cidons et nous assumons!\u00bb;<\/p>\n<p align=\"JUSTIFY\">Nous ne nous \u00e9tendrons pas sur le dossier de la Direction Urbanisme o\u00f9 nous avons le sentiment de s&rsquo;\u00eatre clairement fait instrumentaliser par l&rsquo;administration et les politiques pour arriver \u00e0 leur fin.<\/p>\n<p align=\"JUSTIFY\">Aujourd\u2019hui, les agents du p\u00f4le d\u00e9veloppement urbain sont en souffrance et d\u00e9noncent un management toxique, une perte de la qualit\u00e9 du service rendu, une inflation de cadres dirigeants et une p\u00e9nurie d\u2019agents pour assurer les missions.<\/p>\n<p align=\"JUSTIFY\">Nous faisons donc le choix d\u2019\u00eatre \u00e0 leur c\u00f4t\u00e9.<\/p>\n<p align=\"JUSTIFY\"><b>OUI, Mesdames et Messieurs les \u00e9lus, NOUS, les Organisations Syndicales, nous sommes responsables, et contrairement \u00e0 ce que vous affirmez, tous les agents de la Ville de Saint Etienne travaillent et nous sommes l\u00e0 pour d\u00e9fendre leurs int\u00e9r\u00eats.<\/b><\/p>\n<p align=\"JUSTIFY\"><a href=\"http:\/\/www.fo-saint-etienne.fr\/fomunvse\/wp-content\/uploads\/2018\/05\/Declaration-CTP-28-mai.pdf\" target=\"_blank\" rel=\"noopener noreferrer\"><strong>Communiqu\u00e9 CFDT CFTC CGT FO \/ CTP du 28 Mai 2018 \u00e0 t\u00e9l\u00e9charger<\/strong><\/a><\/p>\n","protected":false},"excerpt":{"rendered":"<p>Madame la Pr\u00e9sidente, Mesdames et Messieurs les \u00c9lus, Les Organisations Syndicales CGT, FO, CFDT, CFTC ont d\u00e9cid\u00e9 de ne pas participer au CTP de ce [&#8230;]<\/p>\n","protected":false},"author":1,"featured_media":1072,"comment_status":"open","ping_status":"open","sticky":false,"template":"","format":"standard","meta":{"jetpack_post_was_ever_published":false,"_jetpack_newsletter_access":"","_jetpack_dont_email_post_to_subs":false,"_jetpack_newsletter_tier_id":0,"_jetpack_memberships_contains_paywalled_content":false,"_jetpack_memberships_contains_paid_content":false,"footnotes":""},"categories":[1],"tags":[],"class_list":["post-1064","post","type-post","status-publish","format-standard","has-post-thumbnail","hentry","category-non-classe"],"jetpack_featured_media_url":"https:\/\/i0.wp.com\/www.fo-saint-etienne.fr\/fomunvse\/wp-content\/uploads\/2018\/05\/logo_commun-2.png?fit=763%2C175&ssl=1","jetpack_sharing_enabled":true,"jetpack_shortlink":"https:\/\/wp.me\/p9roQz-ha","jetpack_likes_enabled":false,"publishpress_future_action":{"enabled":false,"date":"2026-05-09 14:02:09","action":"change-status","newStatus":"draft","terms":[],"taxonomy":"category","extraData":[]},"publishpress_future_workflow_manual_trigger":{"enabledWorkflows":[]},"_links":{"self":[{"href":"https:\/\/www.fo-saint-etienne.fr\/fomunvse\/index.php?rest_route=\/wp\/v2\/posts\/1064","targetHints":{"allow":["GET"]}}],"collection":[{"href":"https:\/\/www.fo-saint-etienne.fr\/fomunvse\/index.php?rest_route=\/wp\/v2\/posts"}],"about":[{"href":"https:\/\/www.fo-saint-etienne.fr\/fomunvse\/index.php?rest_route=\/wp\/v2\/types\/post"}],"author":[{"embeddable":true,"href":"https:\/\/www.fo-saint-etienne.fr\/fomunvse\/index.php?rest_route=\/wp\/v2\/users\/1"}],"replies":[{"embeddable":true,"href":"https:\/\/www.fo-saint-etienne.fr\/fomunvse\/index.php?rest_route=%2Fwp%2Fv2%2Fcomments&post=1064"}],"version-history":[{"count":4,"href":"https:\/\/www.fo-saint-etienne.fr\/fomunvse\/index.php?rest_route=\/wp\/v2\/posts\/1064\/revisions"}],"predecessor-version":[{"id":1112,"href":"https:\/\/www.fo-saint-etienne.fr\/fomunvse\/index.php?rest_route=\/wp\/v2\/posts\/1064\/revisions\/1112"}],"wp:featuredmedia":[{"embeddable":true,"href":"https:\/\/www.fo-saint-etienne.fr\/fomunvse\/index.php?rest_route=\/wp\/v2\/media\/1072"}],"wp:attachment":[{"href":"https:\/\/www.fo-saint-etienne.fr\/fomunvse\/index.php?rest_route=%2Fwp%2Fv2%2Fmedia&parent=1064"}],"wp:term":[{"taxonomy":"category","embeddable":true,"href":"https:\/\/www.fo-saint-etienne.fr\/fomunvse\/index.php?rest_route=%2Fwp%2Fv2%2Fcategories&post=1064"},{"taxonomy":"post_tag","embeddable":true,"href":"https:\/\/www.fo-saint-etienne.fr\/fomunvse\/index.php?rest_route=%2Fwp%2Fv2%2Ftags&post=1064"}],"curies":[{"name":"wp","href":"https:\/\/api.w.org\/{rel}","templated":true}]}}