{"id":1174,"date":"2020-06-22T14:21:45","date_gmt":"2020-06-22T13:21:45","guid":{"rendered":"http:\/\/www.fo-saint-etienne.fr\/fomunvse\/?p=1174"},"modified":"2021-06-27T08:52:57","modified_gmt":"2021-06-27T07:52:57","slug":"info-force-ouvriere-de-la-semaine-25","status":"publish","type":"post","link":"https:\/\/www.fo-saint-etienne.fr\/fomunvse\/?p=1174","title":{"rendered":"Info FORCE OUVRI\u00c8RE de la semaine 25"},"content":{"rendered":"<div class=\"gs\">\n<div class=\"\">\n<div id=\":r4\" class=\"ii gt\">\n<div id=\":r3\" class=\"a3s aXjCH \">\n<div>\n<p>Comme chaque semaine, retrouvez les articles publi\u00e9s sur le site Internet <strong><a href=\"http:\/\/www.fo-territoriaux42.fr\/\" target=\"_blank\" rel=\"noopener noreferrer\" data-saferedirecturl=\"https:\/\/www.google.com\/url?q=http:\/\/www.fo-territoriaux42.fr\/&amp;source=gmail&amp;ust=1592915254709000&amp;usg=AFQjCNHQpCdPdEfwX51SbxRSkRlUrPDgBw\">fo-territoriaux42.fr<\/a><\/strong>\u00a0<wbr \/>en cliquant sur le lien de l\u2019article\u00a0:<\/p>\n<p><strong>&#8211;\u00a0<a href=\"http:\/\/www.fo-territoriaux42.fr\/2020\/06\/15\/lengagement-des-policiers-municipaux-reconnu-par-decret\/\" target=\"_blank\" rel=\"noopener noreferrer\" data-saferedirecturl=\"https:\/\/www.google.com\/url?q=http:\/\/www.fo-territoriaux42.fr\/2020\/06\/15\/lengagement-des-policiers-municipaux-reconnu-par-decret\/&amp;source=gmail&amp;ust=1592915254709000&amp;usg=AFQjCNGaYKhDGcH-OV6UM11R8FXLMn205A\">L\u2019ENGAGEMENT DES POLICIERS MUNICIPAUX RECONNU PAR D\u00c9CRET<\/a><\/strong><\/p>\n<p><strong>&#8211;\u00a0<a href=\"http:\/\/www.fo-territoriaux42.fr\/2020\/06\/16\/modification-du-remboursement-des-frais-de-repas-des-economies-de-bout-de-chandelles-sur-le-dos-des-territoriaux\/\" target=\"_blank\" rel=\"noopener noreferrer\" data-saferedirecturl=\"https:\/\/www.google.com\/url?q=http:\/\/www.fo-territoriaux42.fr\/2020\/06\/16\/modification-du-remboursement-des-frais-de-repas-des-economies-de-bout-de-chandelles-sur-le-dos-des-territoriaux\/&amp;source=gmail&amp;ust=1592915254709000&amp;usg=AFQjCNH7A5wquk5ROkVtehIgQV9QJhM67A\">MODIFICATION DU REMBOURSEMENT DES FRAIS DE REPAS : DES \u00c9CONOMIES DE BOUT DE CHANDELLES SUR LE DOS DES TERRITORIAUX<\/a><\/strong><\/p>\n<p><strong>&#8211;\u00a0<a href=\"http:\/\/www.fo-territoriaux42.fr\/2020\/06\/16\/prime-covid-19-dans-les-services-medico-sociaux-quelques-elus-beaucoup-de-decus\/\" target=\"_blank\" rel=\"noopener noreferrer\" data-saferedirecturl=\"https:\/\/www.google.com\/url?q=http:\/\/www.fo-territoriaux42.fr\/2020\/06\/16\/prime-covid-19-dans-les-services-medico-sociaux-quelques-elus-beaucoup-de-decus\/&amp;source=gmail&amp;ust=1592915254709000&amp;usg=AFQjCNHLsVJ7Aa917lHomjvUL_dN5ZJMHg\">PRIME COVID-19 DANS LES SERVICES ME\u0301DICO-SOCIAUX \u00ab QUELQUES \u00c9LUS \u2026 BEAUCOUP DE D\u00c9\u00c7US \u00bb<\/a><\/strong><\/p>\n<p><strong>&#8211;\u00a0<a href=\"http:\/\/www.fo-territoriaux42.fr\/2020\/06\/16\/covid-19-et-compte-epargne-temps-le-compteur-maximum-de-depot-de-jours-sur-les-cet-passe-a-70-jours-pour-2020\/\" target=\"_blank\" rel=\"noopener noreferrer\" data-saferedirecturl=\"https:\/\/www.google.com\/url?q=http:\/\/www.fo-territoriaux42.fr\/2020\/06\/16\/covid-19-et-compte-epargne-temps-le-compteur-maximum-de-depot-de-jours-sur-les-cet-passe-a-70-jours-pour-2020\/&amp;source=gmail&amp;ust=1592915254709000&amp;usg=AFQjCNG2B62R92T49I_3KjwvDvU_R0YcWg\">COVID-19 ET COMPTE \u00c9PARGNE TEMPS : LE COMPTEUR MAXIMUM DE D\u00c9P\u00d4T DE JOURS SUR LES CET PASSE \u00c0 70 JOURS POUR 2020<\/a><\/strong><\/p>\n<p><strong>&#8211;\u00a0<a href=\"http:\/\/www.fo-territoriaux42.fr\/2020\/06\/17\/apres-la-reussite-de-la-mobilisation-du-16-juin-le-gouvernement-doit-repondre-a-nos-revendications\/\" target=\"_blank\" rel=\"noopener noreferrer\" data-saferedirecturl=\"https:\/\/www.google.com\/url?q=http:\/\/www.fo-territoriaux42.fr\/2020\/06\/17\/apres-la-reussite-de-la-mobilisation-du-16-juin-le-gouvernement-doit-repondre-a-nos-revendications\/&amp;source=gmail&amp;ust=1592915254709000&amp;usg=AFQjCNFbUviOOAHh5GAAZU8P2dHxgxbLgA\">APR\u00c8S LA R\u00c9USSITE DE LA MOBILISATION DU 16 JUIN, LE GOUVERNEMENT DOIT R\u00c9PONDRE \u00c0 NOS REVENDICATIONS<\/a><\/strong><\/p>\n<p><strong>&#8211;\u00a0<a href=\"http:\/\/www.fo-territoriaux42.fr\/2020\/06\/17\/services-publics-lurgence-dun-reinvestissement-densemble\/\" target=\"_blank\" rel=\"noopener noreferrer\" data-saferedirecturl=\"https:\/\/www.google.com\/url?q=http:\/\/www.fo-territoriaux42.fr\/2020\/06\/17\/services-publics-lurgence-dun-reinvestissement-densemble\/&amp;source=gmail&amp;ust=1592915254709000&amp;usg=AFQjCNEIDpEqpPfNSPR8a9MmBOeacnDMUQ\">SERVICES PUBLICS : L\u2019URGENCE D\u2019UN R\u00c9INVESTISSEMENT D\u2019ENSEMBLE<\/a><\/strong><\/p>\n<p><strong>&#8211;\u00a0<a href=\"http:\/\/www.fo-territoriaux42.fr\/2020\/06\/17\/accuse-de-faciliter-les-privatisations-le-detachement-doffice-des-fonctionnaires-devient-possible\/\" target=\"_blank\" rel=\"noopener noreferrer\" data-saferedirecturl=\"https:\/\/www.google.com\/url?q=http:\/\/www.fo-territoriaux42.fr\/2020\/06\/17\/accuse-de-faciliter-les-privatisations-le-detachement-doffice-des-fonctionnaires-devient-possible\/&amp;source=gmail&amp;ust=1592915254709000&amp;usg=AFQjCNGOYcmKOhdR9kflk8Xw9He7QLn0xg\">ACCUS\u00c9 DE FACILITER LES PRIVATISATIONS, LE D\u00c9TACHEMENT D\u2019OFFICE DES FONCTIONNAIRES DEVIENT POSSIBLE<\/a><\/strong><\/p>\n<p><strong>&#8211;\u00a0<a href=\"http:\/\/www.fo-territoriaux42.fr\/2020\/06\/18\/lexecutif-serait-decide-a-faire-adopter-la-reforme-des-retraites-avant-2022\/\" target=\"_blank\" rel=\"noopener noreferrer\" data-saferedirecturl=\"https:\/\/www.google.com\/url?q=http:\/\/www.fo-territoriaux42.fr\/2020\/06\/18\/lexecutif-serait-decide-a-faire-adopter-la-reforme-des-retraites-avant-2022\/&amp;source=gmail&amp;ust=1592915254709000&amp;usg=AFQjCNHToEoGJMdelulhNAxDWq3HIdCviA\">L\u2019EX\u00c9CUTIF SERAIT D\u00c9CID\u00c9 \u00c0 FAIRE ADOPTER LA R\u00c9FORME DES RETRAITES AVANT 2022<\/a><\/strong><\/p>\n<p><strong>&#8211;\u00a0<a href=\"http:\/\/www.fo-territoriaux42.fr\/2020\/06\/19\/allocation-chomage-de-nouvelles-conditions-dattribution-aux-agents-publics\/\" target=\"_blank\" rel=\"noopener noreferrer\" data-saferedirecturl=\"https:\/\/www.google.com\/url?q=http:\/\/www.fo-territoriaux42.fr\/2020\/06\/19\/allocation-chomage-de-nouvelles-conditions-dattribution-aux-agents-publics\/&amp;source=gmail&amp;ust=1592915254709000&amp;usg=AFQjCNGbZnOt4wAVBYftxMBnNnPYYwphWw\">ALLOCATION CH\u00d4MAGE : DE NOUVELLES CONDITIONS D\u2019ATTRIBUTION AUX AGENTS PUBLICS<\/a><\/strong><\/p>\n<div class=\"yj6qo\"><\/div>\n<div class=\"adL\"><\/div>\n<\/div>\n<div class=\"adL\"><\/div>\n<\/div>\n<\/div>\n<div class=\"hi\"><\/div>\n<\/div>\n<\/div>\n","protected":false},"excerpt":{"rendered":"<p>Comme chaque semaine, retrouvez les articles publi\u00e9s sur le site Internet fo-territoriaux42.fr\u00a0en cliquant sur le lien de l\u2019article\u00a0: &#8211;\u00a0L\u2019ENGAGEMENT DES POLICIERS MUNICIPAUX RECONNU PAR D\u00c9CRET [&#8230;]<\/p>\n","protected":false},"author":1,"featured_media":0,"comment_status":"closed","ping_status":"closed","sticky":false,"template":"","format":"standard","meta":{"jetpack_post_was_ever_published":false,"_jetpack_newsletter_access":"","_jetpack_dont_email_post_to_subs":false,"_jetpack_newsletter_tier_id":0,"_jetpack_memberships_contains_paywalled_content":false,"_jetpack_memberships_contains_paid_content":false,"footnotes":""},"categories":[1],"tags":[],"class_list":["post-1174","post","type-post","status-publish","format-standard","hentry","category-non-classe"],"jetpack_featured_media_url":"","jetpack_sharing_enabled":true,"jetpack_shortlink":"https:\/\/wp.me\/p9roQz-iW","jetpack_likes_enabled":false,"publishpress_future_action":{"enabled":false,"date":"2026-05-09 14:03:08","action":"change-status","newStatus":"draft","terms":[],"taxonomy":"category","extraData":[]},"publishpress_future_workflow_manual_trigger":{"enabledWorkflows":[]},"_links":{"self":[{"href":"https:\/\/www.fo-saint-etienne.fr\/fomunvse\/index.php?rest_route=\/wp\/v2\/posts\/1174","targetHints":{"allow":["GET"]}}],"collection":[{"href":"https:\/\/www.fo-saint-etienne.fr\/fomunvse\/index.php?rest_route=\/wp\/v2\/posts"}],"about":[{"href":"https:\/\/www.fo-saint-etienne.fr\/fomunvse\/index.php?rest_route=\/wp\/v2\/types\/post"}],"author":[{"embeddable":true,"href":"https:\/\/www.fo-saint-etienne.fr\/fomunvse\/index.php?rest_route=\/wp\/v2\/users\/1"}],"replies":[{"embeddable":true,"href":"https:\/\/www.fo-saint-etienne.fr\/fomunvse\/index.php?rest_route=%2Fwp%2Fv2%2Fcomments&post=1174"}],"version-history":[{"count":1,"href":"https:\/\/www.fo-saint-etienne.fr\/fomunvse\/index.php?rest_route=\/wp\/v2\/posts\/1174\/revisions"}],"predecessor-version":[{"id":1175,"href":"https:\/\/www.fo-saint-etienne.fr\/fomunvse\/index.php?rest_route=\/wp\/v2\/posts\/1174\/revisions\/1175"}],"wp:attachment":[{"href":"https:\/\/www.fo-saint-etienne.fr\/fomunvse\/index.php?rest_route=%2Fwp%2Fv2%2Fmedia&parent=1174"}],"wp:term":[{"taxonomy":"category","embeddable":true,"href":"https:\/\/www.fo-saint-etienne.fr\/fomunvse\/index.php?rest_route=%2Fwp%2Fv2%2Fcategories&post=1174"},{"taxonomy":"post_tag","embeddable":true,"href":"https:\/\/www.fo-saint-etienne.fr\/fomunvse\/index.php?rest_route=%2Fwp%2Fv2%2Ftags&post=1174"}],"curies":[{"name":"wp","href":"https:\/\/api.w.org\/{rel}","templated":true}]}}