{"id":1180,"date":"2020-07-05T08:36:16","date_gmt":"2020-07-05T07:36:16","guid":{"rendered":"http:\/\/www.fo-saint-etienne.fr\/fomunvse\/?p=1180"},"modified":"2021-06-27T08:52:57","modified_gmt":"2021-06-27T07:52:57","slug":"info-force-ouvriere-de-la-semaine-27","status":"publish","type":"post","link":"https:\/\/www.fo-saint-etienne.fr\/fomunvse\/?p=1180","title":{"rendered":"Info FORCE OUVRI\u00c8RE de la semaine 27"},"content":{"rendered":"<div class=\"gs\">\n<div class=\"\">\n<div id=\":4is\" class=\"ii gt\">\n<div id=\":4ir\" class=\"a3s aXjCH \">\n<div>\n<p>Retrouvez les articles publi\u00e9s sur le site Internet <strong><a href=\"http:\/\/www.fo-territoriaux42.fr\/\" target=\"_blank\" rel=\"noopener noreferrer\" data-saferedirecturl=\"https:\/\/www.google.com\/url?q=http:\/\/www.fo-territoriaux42.fr\/&amp;source=gmail&amp;ust=1594020500534000&amp;usg=AFQjCNEqKgTpF4LlO9-aZjCJHYb5uowAxw\">fo-territoriaux42.fr<\/a><\/strong>\u00a0<wbr \/>en cliquant sur le lien de l\u2019article\u00a0:<\/p>\n<p><strong>&#8211;\u00a0<a href=\"http:\/\/www.fo-territoriaux42.fr\/2020\/06\/30\/ce-que-le-gouvernement-veut-mettre-dans-son-ordonnance-sur-la-negociation-collective-dans-la-fonction-publique\/\" target=\"_blank\" rel=\"noopener noreferrer\" data-saferedirecturl=\"https:\/\/www.google.com\/url?q=http:\/\/www.fo-territoriaux42.fr\/2020\/06\/30\/ce-que-le-gouvernement-veut-mettre-dans-son-ordonnance-sur-la-negociation-collective-dans-la-fonction-publique\/&amp;source=gmail&amp;ust=1594020500534000&amp;usg=AFQjCNFON-AqBQWPl20Z3xrZS4ECREc0Fg\">CE QUE LE GOUVERNEMENT VEUT METTRE DANS SON ORDONNANCE SUR LA N\u00c9GOCIATION COLLECTIVE DANS LA FONCTION PUBLIQUE<\/a><\/strong><\/p>\n<p><strong>&#8211;\u00a0<a href=\"http:\/\/www.fo-territoriaux42.fr\/2020\/06\/30\/le-recours-abusif-aux-agents-contractuels-est-il-desormais-favorise-par-la-loi-fonction-publique\/\" target=\"_blank\" rel=\"noopener noreferrer\" data-saferedirecturl=\"https:\/\/www.google.com\/url?q=http:\/\/www.fo-territoriaux42.fr\/2020\/06\/30\/le-recours-abusif-aux-agents-contractuels-est-il-desormais-favorise-par-la-loi-fonction-publique\/&amp;source=gmail&amp;ust=1594020500534000&amp;usg=AFQjCNEpHN284I2da8H2iDcycfT95kqMpg\">LE RECOURS ABUSIF AUX AGENTS CONTRACTUELS EST-IL D\u00c9SORMAIS FAVORIS\u00c9 PAR LA LOI FONCTION PUBLIQUE ?<\/a><\/strong><\/p>\n<p><strong>&#8211;\u00a0<a href=\"http:\/\/www.fo-territoriaux42.fr\/2020\/07\/02\/compte-rendu-succinct-du-conseil-dadministration-du-c-n-f-p-t-du-24-juin-2020\/\" target=\"_blank\" rel=\"noopener noreferrer\" data-saferedirecturl=\"https:\/\/www.google.com\/url?q=http:\/\/www.fo-territoriaux42.fr\/2020\/07\/02\/compte-rendu-succinct-du-conseil-dadministration-du-c-n-f-p-t-du-24-juin-2020\/&amp;source=gmail&amp;ust=1594020500534000&amp;usg=AFQjCNE6jBXd702UyFS3jC2-Fu4iksPxaw\">COMPTE RENDU SUCCINCT DU CONSEIL D\u2019ADMINISTRATION DU C.N.F.P.T. DU 24 JUIN 2020<\/a><\/strong><\/p>\n<p><strong>&#8211;\u00a0<a href=\"http:\/\/www.fo-territoriaux42.fr\/2020\/07\/02\/informations-autorisation-speciale-dabsence-coronavirus\/\" target=\"_blank\" rel=\"noopener noreferrer\" data-saferedirecturl=\"https:\/\/www.google.com\/url?q=http:\/\/www.fo-territoriaux42.fr\/2020\/07\/02\/informations-autorisation-speciale-dabsence-coronavirus\/&amp;source=gmail&amp;ust=1594020500534000&amp;usg=AFQjCNF9mPM0wnaySz5_4WoXf-BHkLXa2w\">INFORMATIONS AUTORISATION SP\u00c9CIALE D\u2019ABSENCE CORONAVIRUS<\/a><\/strong><\/p>\n<p><strong>&#8211;\u00a0<a href=\"http:\/\/www.fo-territoriaux42.fr\/2020\/07\/02\/covid-19-le-service-public-en-premiere-ligne\/\" target=\"_blank\" rel=\"noopener noreferrer\" data-saferedirecturl=\"https:\/\/www.google.com\/url?q=http:\/\/www.fo-territoriaux42.fr\/2020\/07\/02\/covid-19-le-service-public-en-premiere-ligne\/&amp;source=gmail&amp;ust=1594020500534000&amp;usg=AFQjCNGv5TLkqJ9LVDbKa5N_ds3c1bXDsA\">COVID- 19 : LE SERVICE PUBLIC EN PREMI\u00c8RE LIGNE<\/a><\/strong><\/p>\n<p><strong>&#8211;\u00a0<a href=\"http:\/\/www.fo-territoriaux42.fr\/2020\/07\/03\/pourquoi-emmanuel-macron-decongele-sa-reforme-des-retraites\/\" target=\"_blank\" rel=\"noopener noreferrer\" data-saferedirecturl=\"https:\/\/www.google.com\/url?q=http:\/\/www.fo-territoriaux42.fr\/2020\/07\/03\/pourquoi-emmanuel-macron-decongele-sa-reforme-des-retraites\/&amp;source=gmail&amp;ust=1594020500534000&amp;usg=AFQjCNGSC9UylMhO0KAP0BXr3MLZV3C6cw\">POURQUOI EMMANUEL MACRON D\u00c9CONG\u00c8LE SA R\u00c9FORME DES RETRAITES<\/a><\/strong><\/p>\n<p><strong>&#8211;\u00a0<a href=\"http:\/\/www.fo-territoriaux42.fr\/2020\/07\/04\/la-possibilite-dune-prime-grand-age-va-etre-etendue-a-la-territoriale\/\" target=\"_blank\" rel=\"noopener noreferrer\" data-saferedirecturl=\"https:\/\/www.google.com\/url?q=http:\/\/www.fo-territoriaux42.fr\/2020\/07\/04\/la-possibilite-dune-prime-grand-age-va-etre-etendue-a-la-territoriale\/&amp;source=gmail&amp;ust=1594020500534000&amp;usg=AFQjCNEZ3rHfYKYzrgKMYYedURx53kfXzQ\">LA POSSIBILIT\u00c9 D\u2019UNE PRIME \u00ab\u00a0GRAND \u00c2GE\u00a0\u00bb VA \u00caTRE \u00c9TENDUE \u00c0 LA TERRITORIALE<\/a><\/strong><\/p>\n<p><strong>&#8211;\u00a0<a href=\"http:\/\/www.fo-territoriaux42.fr\/2020\/07\/04\/compte-rendu-conseil-superieur-de-la-fonction-publique-territoriale-du-1er-juillet-2020\/\" target=\"_blank\" rel=\"noopener noreferrer\" data-saferedirecturl=\"https:\/\/www.google.com\/url?q=http:\/\/www.fo-territoriaux42.fr\/2020\/07\/04\/compte-rendu-conseil-superieur-de-la-fonction-publique-territoriale-du-1er-juillet-2020\/&amp;source=gmail&amp;ust=1594020500534000&amp;usg=AFQjCNES8QECdtSiRZUcBDsp5hUHob30pQ\">COMPTE RENDU DU CONSEIL SUP\u00c9RIEUR DE LA FONCTION PUBLIQUE TERRITORIALE DU 1ER JUILLET 2020<\/a><\/strong><\/p>\n<\/div>\n<div class=\"yj6qo\"><\/div>\n<div class=\"adL\"><\/div>\n<\/div>\n<\/div>\n<div class=\"hi\"><\/div>\n<\/div>\n<\/div>\n","protected":false},"excerpt":{"rendered":"<p>Retrouvez les articles publi\u00e9s sur le site Internet fo-territoriaux42.fr\u00a0en cliquant sur le lien de l\u2019article\u00a0: &#8211;\u00a0CE QUE LE GOUVERNEMENT VEUT METTRE DANS SON ORDONNANCE SUR [&#8230;]<\/p>\n","protected":false},"author":1,"featured_media":0,"comment_status":"closed","ping_status":"closed","sticky":false,"template":"","format":"standard","meta":{"jetpack_post_was_ever_published":false,"_jetpack_newsletter_access":"","_jetpack_dont_email_post_to_subs":false,"_jetpack_newsletter_tier_id":0,"_jetpack_memberships_contains_paywalled_content":false,"_jetpack_memberships_contains_paid_content":false,"footnotes":""},"categories":[1],"tags":[],"class_list":["post-1180","post","type-post","status-publish","format-standard","hentry","category-non-classe"],"jetpack_featured_media_url":"","jetpack_sharing_enabled":true,"jetpack_shortlink":"https:\/\/wp.me\/p9roQz-j2","jetpack_likes_enabled":false,"publishpress_future_action":{"enabled":false,"date":"2026-05-09 14:12:45","action":"change-status","newStatus":"draft","terms":[],"taxonomy":"category","extraData":[]},"publishpress_future_workflow_manual_trigger":{"enabledWorkflows":[]},"_links":{"self":[{"href":"https:\/\/www.fo-saint-etienne.fr\/fomunvse\/index.php?rest_route=\/wp\/v2\/posts\/1180","targetHints":{"allow":["GET"]}}],"collection":[{"href":"https:\/\/www.fo-saint-etienne.fr\/fomunvse\/index.php?rest_route=\/wp\/v2\/posts"}],"about":[{"href":"https:\/\/www.fo-saint-etienne.fr\/fomunvse\/index.php?rest_route=\/wp\/v2\/types\/post"}],"author":[{"embeddable":true,"href":"https:\/\/www.fo-saint-etienne.fr\/fomunvse\/index.php?rest_route=\/wp\/v2\/users\/1"}],"replies":[{"embeddable":true,"href":"https:\/\/www.fo-saint-etienne.fr\/fomunvse\/index.php?rest_route=%2Fwp%2Fv2%2Fcomments&post=1180"}],"version-history":[{"count":1,"href":"https:\/\/www.fo-saint-etienne.fr\/fomunvse\/index.php?rest_route=\/wp\/v2\/posts\/1180\/revisions"}],"predecessor-version":[{"id":1181,"href":"https:\/\/www.fo-saint-etienne.fr\/fomunvse\/index.php?rest_route=\/wp\/v2\/posts\/1180\/revisions\/1181"}],"wp:attachment":[{"href":"https:\/\/www.fo-saint-etienne.fr\/fomunvse\/index.php?rest_route=%2Fwp%2Fv2%2Fmedia&parent=1180"}],"wp:term":[{"taxonomy":"category","embeddable":true,"href":"https:\/\/www.fo-saint-etienne.fr\/fomunvse\/index.php?rest_route=%2Fwp%2Fv2%2Fcategories&post=1180"},{"taxonomy":"post_tag","embeddable":true,"href":"https:\/\/www.fo-saint-etienne.fr\/fomunvse\/index.php?rest_route=%2Fwp%2Fv2%2Ftags&post=1180"}],"curies":[{"name":"wp","href":"https:\/\/api.w.org\/{rel}","templated":true}]}}