{"id":1202,"date":"2020-09-13T18:34:30","date_gmt":"2020-09-13T17:34:30","guid":{"rendered":"http:\/\/www.fo-saint-etienne.fr\/fomunvse\/?p=1202"},"modified":"2021-06-27T08:49:14","modified_gmt":"2021-06-27T07:49:14","slug":"info-force-ouvriere-de-la-semaine-37","status":"publish","type":"post","link":"https:\/\/www.fo-saint-etienne.fr\/fomunvse\/?p=1202","title":{"rendered":"Info FORCE OUVRI\u00c8RE de la semaine 37"},"content":{"rendered":"<p>Retrouvez les articles publi\u00e9s la semaine 37 sur le site Internet fo-territoriaux42.fr en cliquant sur le lien de l\u2019article :<\/p>\n<p><strong>&#8211;\u00a0<a href=\"http:\/\/www.fo-territoriaux42.fr\/2020\/09\/08\/derogation-aux-obligations-de-formation-en-vue-de-la-titularisation-le-decret-enfin-publie\/\" target=\"_blank\" rel=\"noopener noreferrer\" data-saferedirecturl=\"https:\/\/www.google.com\/url?q=http:\/\/www.fo-territoriaux42.fr\/2020\/09\/08\/derogation-aux-obligations-de-formation-en-vue-de-la-titularisation-le-decret-enfin-publie\/&amp;source=gmail&amp;ust=1600104692189000&amp;usg=AFQjCNEEDuaruOdvklW2TFeBxfbGVCFyFw\">D\u00c9ROGATION AUX OBLIGATIONS DE FORMATION EN VUE DE LA TITULARISATION : LE D\u00c9CRET ENFIN PUBLI\u00c9<\/a><\/strong><\/p>\n<p><strong>&#8211;\u00a0<a href=\"http:\/\/www.fo-territoriaux42.fr\/2020\/09\/08\/action-logement-fo-proteste-contre-les-annonces-de-ponction-du-gouvernement\/\" target=\"_blank\" rel=\"noopener noreferrer\" data-saferedirecturl=\"https:\/\/www.google.com\/url?q=http:\/\/www.fo-territoriaux42.fr\/2020\/09\/08\/action-logement-fo-proteste-contre-les-annonces-de-ponction-du-gouvernement\/&amp;source=gmail&amp;ust=1600104692189000&amp;usg=AFQjCNHe9bxgL0zjUZdzCfZBIs868fn9Dw\">ACTION LOGEMENT : FO PROTESTE CONTRE LES ANNONCES DE PONCTION DU GOUVERNEMENT<\/a><\/strong><\/p>\n<p><strong>&#8211;\u00a0<a href=\"http:\/\/www.fo-territoriaux42.fr\/2020\/09\/08\/communique-de-soutien-fo-contre-lopa-sur-suez-eaux\/\" target=\"_blank\" rel=\"noopener noreferrer\" data-saferedirecturl=\"https:\/\/www.google.com\/url?q=http:\/\/www.fo-territoriaux42.fr\/2020\/09\/08\/communique-de-soutien-fo-contre-lopa-sur-suez-eaux\/&amp;source=gmail&amp;ust=1600104692189000&amp;usg=AFQjCNFE1dAgDyYeR0cttGM9KecP18tTDw\">COMMUNIQU\u00c9 DE SOUTIEN FO CONTRE L\u2019OPA SUR SUEZ EAUX<\/a><\/strong><\/p>\n<p><strong>&#8211;\u00a0<a href=\"http:\/\/www.fo-territoriaux42.fr\/2020\/09\/09\/retour-de-la-polemique-sur-lapplication-du-jour-de-carence-dans-la-fonction-publique\/\" target=\"_blank\" rel=\"noopener noreferrer\" data-saferedirecturl=\"https:\/\/www.google.com\/url?q=http:\/\/www.fo-territoriaux42.fr\/2020\/09\/09\/retour-de-la-polemique-sur-lapplication-du-jour-de-carence-dans-la-fonction-publique\/&amp;source=gmail&amp;ust=1600104692189000&amp;usg=AFQjCNFsoIldsnzclJ4_AwyS25JvOIKeig\">RETOUR DE LA POL\u00c9MIQUE SUR L\u2019APPLICATION DU JOUR DE CARENCE DANS LA FONCTION PUBLIQUE<\/a><\/strong><\/p>\n<p><strong>&#8211;\u00a0<a href=\"http:\/\/www.fo-territoriaux42.fr\/2020\/09\/10\/covid-19-mesures-rh-a-mettre-en-oeuvre-au-1er-septembre-2020\/\" target=\"_blank\" rel=\"noopener noreferrer\" data-saferedirecturl=\"https:\/\/www.google.com\/url?q=http:\/\/www.fo-territoriaux42.fr\/2020\/09\/10\/covid-19-mesures-rh-a-mettre-en-oeuvre-au-1er-septembre-2020\/&amp;source=gmail&amp;ust=1600104692189000&amp;usg=AFQjCNEsEDIFjGBr0w967_LA1gMM1QeLvQ\">COVID-19 : MESURES RH \u00c0 METTRE EN \u0152UVRE AU 1ER SEPTEMBRE 2020<\/a><\/strong><\/p>\n<p><strong>&#8211;\u00a0<a href=\"http:\/\/www.fo-territoriaux42.fr\/2020\/09\/11\/les-drh-des-grandes-collectivites-demandent-la-suspension-du-jour-de-carence\/\" target=\"_blank\" rel=\"noopener noreferrer\" data-saferedirecturl=\"https:\/\/www.google.com\/url?q=http:\/\/www.fo-territoriaux42.fr\/2020\/09\/11\/les-drh-des-grandes-collectivites-demandent-la-suspension-du-jour-de-carence\/&amp;source=gmail&amp;ust=1600104692189000&amp;usg=AFQjCNHOsJIX4oDFVuou0sZQmSnGB-70Bg\">LES DRH DES GRANDES COLLECTIVIT\u00c9S DEMANDENT LA SUSPENSION DU JOUR DE CARENCE<\/a><\/strong><\/p>\n<p><strong>&#8211;\u00a0<a href=\"http:\/\/www.fo-territoriaux42.fr\/2020\/09\/11\/tout-ce-qui-attend-les-fonctionnaires-dici-la-fin-de-lannee\/\" target=\"_blank\" rel=\"noopener noreferrer\" data-saferedirecturl=\"https:\/\/www.google.com\/url?q=http:\/\/www.fo-territoriaux42.fr\/2020\/09\/11\/tout-ce-qui-attend-les-fonctionnaires-dici-la-fin-de-lannee\/&amp;source=gmail&amp;ust=1600104692189000&amp;usg=AFQjCNEZ_BwPYrDBGAeITXPgkVbQsxFwUw\">TOUT CE QUI ATTEND LES FONCTIONNAIRES D\u2019ICI LA FIN DE L\u2019ANN\u00c9E<\/a><\/strong><\/p>\n<p><strong>&#8211;\u00a0<a href=\"http:\/\/www.fo-territoriaux42.fr\/2020\/09\/11\/covid-19-le-gouvernement-sengage-pour-apporter-des-solutions-aux-parents-qui-doivent-garder-leurs-enfants\/\" target=\"_blank\" rel=\"noopener noreferrer\" data-saferedirecturl=\"https:\/\/www.google.com\/url?q=http:\/\/www.fo-territoriaux42.fr\/2020\/09\/11\/covid-19-le-gouvernement-sengage-pour-apporter-des-solutions-aux-parents-qui-doivent-garder-leurs-enfants\/&amp;source=gmail&amp;ust=1600104692189000&amp;usg=AFQjCNFoAMUAiKPNJvRRM2ZRmWlRaeK0yQ\">COVID-19 : LE GOUVERNEMENT S\u2019ENGAGE POUR APPORTER DES SOLUTIONS AUX PARENTS QUI DOIVENT GARDER LEURS ENFANTS<\/a><\/strong><\/p>\n<p><strong>&#8211;\u00a0<a href=\"http:\/\/www.fo-territoriaux42.fr\/2020\/09\/11\/inegalites-redistribuer-les-richesses-par-les-salaires\/\" target=\"_blank\" rel=\"noopener noreferrer\" data-saferedirecturl=\"https:\/\/www.google.com\/url?q=http:\/\/www.fo-territoriaux42.fr\/2020\/09\/11\/inegalites-redistribuer-les-richesses-par-les-salaires\/&amp;source=gmail&amp;ust=1600104692189000&amp;usg=AFQjCNE8zXhiU3IGWYJvQgQzNKXG_ECO_w\">IN\u00c9GALIT\u00c9S : REDISTRIBUER LES RICHESSES PAR LES SALAIRES<\/a><\/strong><\/p>\n<p><strong>&#8211;\u00a0<a href=\"http:\/\/www.fo-territoriaux42.fr\/2020\/09\/12\/le-covid-reconnu-automatiquement-comme-maladie-professionnelle-pour-certains-personnels-de-sante-et-medico-sociaux\/\" target=\"_blank\" rel=\"noopener noreferrer\" data-saferedirecturl=\"https:\/\/www.google.com\/url?q=http:\/\/www.fo-territoriaux42.fr\/2020\/09\/12\/le-covid-reconnu-automatiquement-comme-maladie-professionnelle-pour-certains-personnels-de-sante-et-medico-sociaux\/&amp;source=gmail&amp;ust=1600104692189000&amp;usg=AFQjCNH070QrKuKQkUUH0WewD0a_-65Dig\">LE COVID RECONNU AUTOMATIQUEMENT COMME MALADIE PROFESSIONNELLE POUR CERTAINS PERSONNELS DE SANT\u00c9 ET M\u00c9DICO-SOCIAUX<\/a><\/strong><\/p>\n","protected":false},"excerpt":{"rendered":"<p>Retrouvez les articles publi\u00e9s la semaine 37 sur le site Internet fo-territoriaux42.fr en cliquant sur le lien de l\u2019article : &#8211;\u00a0D\u00c9ROGATION AUX OBLIGATIONS DE FORMATION [&#8230;]<\/p>\n","protected":false},"author":1,"featured_media":0,"comment_status":"closed","ping_status":"closed","sticky":false,"template":"","format":"standard","meta":{"jetpack_post_was_ever_published":false,"_jetpack_newsletter_access":"","_jetpack_dont_email_post_to_subs":false,"_jetpack_newsletter_tier_id":0,"_jetpack_memberships_contains_paywalled_content":false,"_jetpack_memberships_contains_paid_content":false,"footnotes":""},"categories":[17],"tags":[],"class_list":["post-1202","post","type-post","status-publish","format-standard","hentry","category-article"],"jetpack_featured_media_url":"","jetpack_sharing_enabled":true,"jetpack_shortlink":"https:\/\/wp.me\/p9roQz-jo","jetpack_likes_enabled":false,"publishpress_future_action":{"enabled":false,"date":"2026-05-09 14:08:01","action":"change-status","newStatus":"draft","terms":[],"taxonomy":"category","extraData":[]},"publishpress_future_workflow_manual_trigger":{"enabledWorkflows":[]},"_links":{"self":[{"href":"https:\/\/www.fo-saint-etienne.fr\/fomunvse\/index.php?rest_route=\/wp\/v2\/posts\/1202","targetHints":{"allow":["GET"]}}],"collection":[{"href":"https:\/\/www.fo-saint-etienne.fr\/fomunvse\/index.php?rest_route=\/wp\/v2\/posts"}],"about":[{"href":"https:\/\/www.fo-saint-etienne.fr\/fomunvse\/index.php?rest_route=\/wp\/v2\/types\/post"}],"author":[{"embeddable":true,"href":"https:\/\/www.fo-saint-etienne.fr\/fomunvse\/index.php?rest_route=\/wp\/v2\/users\/1"}],"replies":[{"embeddable":true,"href":"https:\/\/www.fo-saint-etienne.fr\/fomunvse\/index.php?rest_route=%2Fwp%2Fv2%2Fcomments&post=1202"}],"version-history":[{"count":1,"href":"https:\/\/www.fo-saint-etienne.fr\/fomunvse\/index.php?rest_route=\/wp\/v2\/posts\/1202\/revisions"}],"predecessor-version":[{"id":1203,"href":"https:\/\/www.fo-saint-etienne.fr\/fomunvse\/index.php?rest_route=\/wp\/v2\/posts\/1202\/revisions\/1203"}],"wp:attachment":[{"href":"https:\/\/www.fo-saint-etienne.fr\/fomunvse\/index.php?rest_route=%2Fwp%2Fv2%2Fmedia&parent=1202"}],"wp:term":[{"taxonomy":"category","embeddable":true,"href":"https:\/\/www.fo-saint-etienne.fr\/fomunvse\/index.php?rest_route=%2Fwp%2Fv2%2Fcategories&post=1202"},{"taxonomy":"post_tag","embeddable":true,"href":"https:\/\/www.fo-saint-etienne.fr\/fomunvse\/index.php?rest_route=%2Fwp%2Fv2%2Ftags&post=1202"}],"curies":[{"name":"wp","href":"https:\/\/api.w.org\/{rel}","templated":true}]}}