{"id":1205,"date":"2020-09-20T09:21:14","date_gmt":"2020-09-20T08:21:14","guid":{"rendered":"http:\/\/www.fo-saint-etienne.fr\/fomunvse\/?p=1205"},"modified":"2021-06-27T08:49:14","modified_gmt":"2021-06-27T07:49:14","slug":"info-force-ouvriere-de-la-semaine-38","status":"publish","type":"post","link":"https:\/\/www.fo-saint-etienne.fr\/fomunvse\/?p=1205","title":{"rendered":"Info FORCE OUVRI\u00c8RE de la semaine 38"},"content":{"rendered":"<p><strong>Rendez-vous hebdomadaire avec les derni\u00e8res informations de FORCE OUVRI\u00c8RE Territoriaux en cliquant sur le lien de l\u2019article :<\/strong><\/p>\n<p><strong>&#8211;\u00a0<a href=\"http:\/\/www.fo-territoriaux42.fr\/2020\/09\/14\/travail-education-sante-covid-19-la-rentree-de-tous-les-dangers\/\" target=\"_blank\" rel=\"noopener noreferrer\" data-saferedirecturl=\"https:\/\/www.google.com\/url?q=http:\/\/www.fo-territoriaux42.fr\/2020\/09\/14\/travail-education-sante-covid-19-la-rentree-de-tous-les-dangers\/&amp;source=gmail&amp;ust=1600674988269000&amp;usg=AFQjCNGhYQgiSKfJDyJDZSm2cCaujelBYA\">TRAVAIL, \u00c9DUCATION, SANT\u00c9 \u2026 COVID-19, LA RENTR\u00c9E DE TOUS LES DANGERS ?<\/a><\/strong><\/p>\n<p><strong>&#8211;\u00a0<a href=\"http:\/\/www.fo-territoriaux42.fr\/2020\/09\/15\/suspension-du-jour-de-carence-la-ministre-dit-non-aux-syndicats\/\" target=\"_blank\" rel=\"noopener noreferrer\" data-saferedirecturl=\"https:\/\/www.google.com\/url?q=http:\/\/www.fo-territoriaux42.fr\/2020\/09\/15\/suspension-du-jour-de-carence-la-ministre-dit-non-aux-syndicats\/&amp;source=gmail&amp;ust=1600674988269000&amp;usg=AFQjCNExILqmG3lgxJ4XmUNcUrShYJDBUw\">SUSPENSION DU JOUR DE CARENCE : LA MINISTRE DIT \u00ab\u00a0NON\u00a0\u00bb AUX SYNDICATS<\/a><\/strong><\/p>\n<p><strong>&#8211;\u00a0<a href=\"http:\/\/www.fo-territoriaux42.fr\/2020\/09\/15\/fonction-publique-covid-19-retour-des-jours-de-garde-denfant-mais-maintien-du-jour-de-carence\/\" target=\"_blank\" rel=\"noopener noreferrer\" data-saferedirecturl=\"https:\/\/www.google.com\/url?q=http:\/\/www.fo-territoriaux42.fr\/2020\/09\/15\/fonction-publique-covid-19-retour-des-jours-de-garde-denfant-mais-maintien-du-jour-de-carence\/&amp;source=gmail&amp;ust=1600674988269000&amp;usg=AFQjCNFNu3tngVNAHN4BhcxzM9NMnVaO3g\">FONCTION PUBLIQUE \u2013 COVID-19 : RETOUR DES JOURS DE \u00ab\u00a0GARDE D\u2019ENFANT\u00a0\u00bb MAIS MAINTIEN DU JOUR DE CARENCE<\/a><\/strong><\/p>\n<p><strong>&#8211;\u00a0<a href=\"http:\/\/www.fo-territoriaux42.fr\/2020\/09\/16\/reconnaissance-de-la-covid-19-en-maladie-professionnelle-fo-demande-au-gouvernement-de-revoir-sa-copie\/\" target=\"_blank\" rel=\"noopener noreferrer\" data-saferedirecturl=\"https:\/\/www.google.com\/url?q=http:\/\/www.fo-territoriaux42.fr\/2020\/09\/16\/reconnaissance-de-la-covid-19-en-maladie-professionnelle-fo-demande-au-gouvernement-de-revoir-sa-copie\/&amp;source=gmail&amp;ust=1600674988269000&amp;usg=AFQjCNHgpxBMceOh153F7xHUWpv6woG6fw\">RECONNAISSANCE DE LA COVID -19 EN MALADIE PROFESSIONNELLE : FO DEMANDE AU GOUVERNEMENT DE REVOIR SA COPIE<\/a><\/strong><\/p>\n<p><strong>&#8211;\u00a0<a href=\"http:\/\/www.fo-territoriaux42.fr\/2020\/09\/16\/covid-et-maladie-professionnelle-une-reconnaissance-au-rabais\/\" target=\"_blank\" rel=\"noopener noreferrer\" data-saferedirecturl=\"https:\/\/www.google.com\/url?q=http:\/\/www.fo-territoriaux42.fr\/2020\/09\/16\/covid-et-maladie-professionnelle-une-reconnaissance-au-rabais\/&amp;source=gmail&amp;ust=1600674988269000&amp;usg=AFQjCNGVzdVfohVBBCd_vY8LauDBUQdppg\">COVID ET MALADIE PROFESSIONNELLE : UNE RECONNAISSANCE AU RABAIS !<\/a><\/strong><\/p>\n<p><strong>&#8211;\u00a0<a href=\"http:\/\/www.fo-territoriaux42.fr\/2020\/09\/17\/sante-maintien-dans-lemploi-et-parentalite-ce-que-prevoit-le-projet-dordonnance-pour-la-fonction-publique\/\" target=\"_blank\" rel=\"noopener noreferrer\" data-saferedirecturl=\"https:\/\/www.google.com\/url?q=http:\/\/www.fo-territoriaux42.fr\/2020\/09\/17\/sante-maintien-dans-lemploi-et-parentalite-ce-que-prevoit-le-projet-dordonnance-pour-la-fonction-publique\/&amp;source=gmail&amp;ust=1600674988269000&amp;usg=AFQjCNGdaGleZq5i_-TmJO40SzrnS7N8bw\">SANT\u00c9, MAINTIEN DANS L\u2019EMPLOI ET PARENTALIT\u00c9 : CE QUE PR\u00c9VOIT LE PROJET D\u2019ORDONNANCE POUR LA FONCTION PUBLIQUE<\/a><\/strong><\/p>\n<p><strong>&#8211;\u00a0<a href=\"http:\/\/www.fo-territoriaux42.fr\/2020\/09\/18\/le-teletravail-generalise-est-source-de-fracture-numerique-et-de-nouvelles-pratiques-manageriales\/\" target=\"_blank\" rel=\"noopener noreferrer\" data-saferedirecturl=\"https:\/\/www.google.com\/url?q=http:\/\/www.fo-territoriaux42.fr\/2020\/09\/18\/le-teletravail-generalise-est-source-de-fracture-numerique-et-de-nouvelles-pratiques-manageriales\/&amp;source=gmail&amp;ust=1600674988269000&amp;usg=AFQjCNGKG66SiKxF0n9_WdE4mXlyXTCKqQ\">LE T\u00c9L\u00c9TRAVAIL G\u00c9N\u00c9RALIS\u00c9 EST SOURCE DE FRACTURE NUM\u00c9RIQUE ET DE NOUVELLES PRATIQUES MANAG\u00c9RIALES<\/a><\/strong><\/p>\n","protected":false},"excerpt":{"rendered":"<p>Rendez-vous hebdomadaire avec les derni\u00e8res informations de FORCE OUVRI\u00c8RE Territoriaux en cliquant sur le lien de l\u2019article : &#8211;\u00a0TRAVAIL, \u00c9DUCATION, SANT\u00c9 \u2026 COVID-19, LA RENTR\u00c9E [&#8230;]<\/p>\n","protected":false},"author":1,"featured_media":0,"comment_status":"closed","ping_status":"closed","sticky":false,"template":"","format":"standard","meta":{"jetpack_post_was_ever_published":false,"_jetpack_newsletter_access":"","_jetpack_dont_email_post_to_subs":false,"_jetpack_newsletter_tier_id":0,"_jetpack_memberships_contains_paywalled_content":false,"_jetpack_memberships_contains_paid_content":false,"footnotes":""},"categories":[17],"tags":[],"class_list":["post-1205","post","type-post","status-publish","format-standard","hentry","category-article"],"jetpack_featured_media_url":"","jetpack_sharing_enabled":true,"jetpack_shortlink":"https:\/\/wp.me\/p9roQz-jr","jetpack_likes_enabled":false,"publishpress_future_action":{"enabled":false,"date":"2026-05-09 14:13:37","action":"change-status","newStatus":"draft","terms":[],"taxonomy":"category","extraData":[]},"publishpress_future_workflow_manual_trigger":{"enabledWorkflows":[]},"_links":{"self":[{"href":"https:\/\/www.fo-saint-etienne.fr\/fomunvse\/index.php?rest_route=\/wp\/v2\/posts\/1205","targetHints":{"allow":["GET"]}}],"collection":[{"href":"https:\/\/www.fo-saint-etienne.fr\/fomunvse\/index.php?rest_route=\/wp\/v2\/posts"}],"about":[{"href":"https:\/\/www.fo-saint-etienne.fr\/fomunvse\/index.php?rest_route=\/wp\/v2\/types\/post"}],"author":[{"embeddable":true,"href":"https:\/\/www.fo-saint-etienne.fr\/fomunvse\/index.php?rest_route=\/wp\/v2\/users\/1"}],"replies":[{"embeddable":true,"href":"https:\/\/www.fo-saint-etienne.fr\/fomunvse\/index.php?rest_route=%2Fwp%2Fv2%2Fcomments&post=1205"}],"version-history":[{"count":1,"href":"https:\/\/www.fo-saint-etienne.fr\/fomunvse\/index.php?rest_route=\/wp\/v2\/posts\/1205\/revisions"}],"predecessor-version":[{"id":1206,"href":"https:\/\/www.fo-saint-etienne.fr\/fomunvse\/index.php?rest_route=\/wp\/v2\/posts\/1205\/revisions\/1206"}],"wp:attachment":[{"href":"https:\/\/www.fo-saint-etienne.fr\/fomunvse\/index.php?rest_route=%2Fwp%2Fv2%2Fmedia&parent=1205"}],"wp:term":[{"taxonomy":"category","embeddable":true,"href":"https:\/\/www.fo-saint-etienne.fr\/fomunvse\/index.php?rest_route=%2Fwp%2Fv2%2Fcategories&post=1205"},{"taxonomy":"post_tag","embeddable":true,"href":"https:\/\/www.fo-saint-etienne.fr\/fomunvse\/index.php?rest_route=%2Fwp%2Fv2%2Ftags&post=1205"}],"curies":[{"name":"wp","href":"https:\/\/api.w.org\/{rel}","templated":true}]}}