{"id":1208,"date":"2020-09-28T13:59:36","date_gmt":"2020-09-28T12:59:36","guid":{"rendered":"http:\/\/www.fo-saint-etienne.fr\/fomunvse\/?p=1208"},"modified":"2021-06-27T08:49:14","modified_gmt":"2021-06-27T07:49:14","slug":"info-force-ouvriere-de-la-semaine-39","status":"publish","type":"post","link":"https:\/\/www.fo-saint-etienne.fr\/fomunvse\/?p=1208","title":{"rendered":"Info FORCE OUVRI\u00c8RE de la semaine 39"},"content":{"rendered":"<div>\n<p>Retrouvez les informations de<strong><em>\u00a0FORCE OUVRI\u00c8RE Territoriaux<\/em>\u00a0<\/strong>publi\u00e9es la semaine 39 sur le site Internet\u00a0<strong><span id=\"m_795195359604748212OBJ_PREFIX_DWT262_com_zimbra_url\"><span id=\"m_795195359604748212OBJ_PREFIX_DWT139_com_zimbra_url\"><span id=\"m_795195359604748212OBJ_PREFIX_DWT151_com_zimbra_url\"><span id=\"m_795195359604748212OBJ_PREFIX_DWT1401_com_zimbra_url\"><span id=\"m_795195359604748212OBJ_PREFIX_DWT183_com_zimbra_url\"><span id=\"m_795195359604748212OBJ_PREFIX_DWT177_com_zimbra_url\"><span id=\"m_795195359604748212OBJ_PREFIX_DWT225_com_zimbra_url\"><span id=\"m_795195359604748212OBJ_PREFIX_DWT221_com_zimbra_url\"><span id=\"m_795195359604748212OBJ_PREFIX_DWT340_com_zimbra_url\"><span id=\"m_795195359604748212OBJ_PREFIX_DWT86_com_zimbra_url\"><span id=\"m_795195359604748212OBJ_PREFIX_DWT205_com_zimbra_url\"><span id=\"m_795195359604748212OBJ_PREFIX_DWT82_com_zimbra_url\"><span id=\"m_795195359604748212OBJ_PREFIX_DWT150_com_zimbra_url\"><span id=\"m_795195359604748212OBJ_PREFIX_DWT100_com_zimbra_url\"><span id=\"m_795195359604748212OBJ_PREFIX_DWT125_com_zimbra_url\"><span id=\"m_795195359604748212OBJ_PREFIX_DWT702_com_zimbra_url\"><span id=\"m_795195359604748212OBJ_PREFIX_DWT155_com_zimbra_url\"><span id=\"m_795195359604748212OBJ_PREFIX_DWT428_com_zimbra_url\"><span id=\"m_795195359604748212OBJ_PREFIX_DWT291_com_zimbra_url\"><a href=\"http:\/\/www.fo-territoriaux42.fr\/\" target=\"_blank\" rel=\"noopener noreferrer nofollow\" data-saferedirecturl=\"https:\/\/www.google.com\/url?q=http:\/\/www.fo-territoriaux42.fr\/&amp;source=gmail&amp;ust=1601384235584000&amp;usg=AFQjCNHW-KXEkC3TNhY3Yt-FRvXPJ0QSdQ\">fo-territoriaux42.fr<\/a><\/span><\/span><\/span><\/span><\/span><\/span><\/span><\/span><\/span><\/span><\/span><\/span><\/span><\/span><\/span><\/span><\/span><\/span><\/span><\/strong>\u00a0<wbr \/>en cliquant sur le lien de l\u2019article\u00a0:<\/p>\n<\/div>\n<div>\n<p><strong>&#8211;\u00a0<a href=\"http:\/\/www.fo-territoriaux42.fr\/2020\/09\/21\/comment-les-concours-et-examens-de-la-fonction-publique-sadaptent-a-la-reprise-epidemique\/\" target=\"_blank\" rel=\"noopener noreferrer nofollow\" data-saferedirecturl=\"https:\/\/www.google.com\/url?q=http:\/\/www.fo-territoriaux42.fr\/2020\/09\/21\/comment-les-concours-et-examens-de-la-fonction-publique-sadaptent-a-la-reprise-epidemique\/&amp;source=gmail&amp;ust=1601384235584000&amp;usg=AFQjCNEx1PrX8R2WBiUw1ZOgJHe4xiiGCg\">COMMENT LES CONCOURS ET EXAMENS DE LA FONCTION PUBLIQUE S\u2019ADAPTENT \u00c0 LA REPRISE \u00c9PID\u00c9MIQUE<\/a><\/strong><\/p>\n<p><strong>&#8211;\u00a0<a href=\"http:\/\/www.fo-territoriaux42.fr\/2020\/09\/23\/gestion-des-contractuels-la-cour-des-comptes-prone-une-serie-dajustements\/\" target=\"_blank\" rel=\"noopener noreferrer nofollow\" data-saferedirecturl=\"https:\/\/www.google.com\/url?q=http:\/\/www.fo-territoriaux42.fr\/2020\/09\/23\/gestion-des-contractuels-la-cour-des-comptes-prone-une-serie-dajustements\/&amp;source=gmail&amp;ust=1601384235584000&amp;usg=AFQjCNF5N-eOlWv-CTfqATcNDAHs-w7yFA\">GESTION DES CONTRACTUELS : LA COUR DES COMPTES PR\u00d4NE UNE S\u00c9RIE D\u2019AJUSTEMENTS<\/a><\/strong><\/p>\n<p><strong>&#8211;\u00a0<a href=\"http:\/\/www.fo-territoriaux42.fr\/2020\/09\/23\/coup-de-pression-des-employeurs-territoriaux-pour-la-suspension-du-jour-de-carence-dans-la-fonction-publique\/\" target=\"_blank\" rel=\"noopener noreferrer nofollow\" data-saferedirecturl=\"https:\/\/www.google.com\/url?q=http:\/\/www.fo-territoriaux42.fr\/2020\/09\/23\/coup-de-pression-des-employeurs-territoriaux-pour-la-suspension-du-jour-de-carence-dans-la-fonction-publique\/&amp;source=gmail&amp;ust=1601384235584000&amp;usg=AFQjCNEi4bNxRKZdH4tR4kVSrSvbABphYQ\">COUP DE PRESSION DES EMPLOYEURS TERRITORIAUX POUR LA SUSPENSION DU JOUR DE CARENCE DANS LA FONCTION PUBLIQUE<\/a><\/strong><\/p>\n<p><strong>&#8211;\u00a0<a href=\"http:\/\/www.fo-territoriaux42.fr\/2020\/09\/23\/reduction-des-cotisations-cnracl-pour-fait-de-greve-les-periodes-de-greve-non-prises-en-compte-dans-les-droits-a-pension\/\" target=\"_blank\" rel=\"noopener noreferrer nofollow\" data-saferedirecturl=\"https:\/\/www.google.com\/url?q=http:\/\/www.fo-territoriaux42.fr\/2020\/09\/23\/reduction-des-cotisations-cnracl-pour-fait-de-greve-les-periodes-de-greve-non-prises-en-compte-dans-les-droits-a-pension\/&amp;source=gmail&amp;ust=1601384235584000&amp;usg=AFQjCNEmKJv2mzGmpMhcCUyi6KuxSZw7Cg\">R\u00c9DUCTION DES COTISATIONS CNRACL POUR FAIT DE GR\u00c8VE : LES P\u00c9RIODES DE GR\u00c8VE NON PRISES EN COMPTE DANS LES DROITS \u00c0 PENSION<\/a><\/strong><\/p>\n<p><strong>&#8211;\u00a0<a href=\"http:\/\/www.fo-territoriaux42.fr\/2020\/09\/25\/allongement-du-conge-paternite\/\" target=\"_blank\" rel=\"noopener noreferrer nofollow\" data-saferedirecturl=\"https:\/\/www.google.com\/url?q=http:\/\/www.fo-territoriaux42.fr\/2020\/09\/25\/allongement-du-conge-paternite\/&amp;source=gmail&amp;ust=1601384235584000&amp;usg=AFQjCNGx76ZpneoNmZ8RXHRF3uw2HqVtOQ\">ALLONGEMENT DU CONG\u00c9 PATERNIT\u00c9<\/a><\/strong><\/p>\n<p><strong>&#8211;\u00a0<a href=\"http:\/\/www.fo-territoriaux42.fr\/2020\/09\/25\/csftp-dialogue-social-collectivite-dalsace-concours-des-pompiers-les-syndicats-votent-contre\/\" target=\"_blank\" rel=\"noopener noreferrer nofollow\" data-saferedirecturl=\"https:\/\/www.google.com\/url?q=http:\/\/www.fo-territoriaux42.fr\/2020\/09\/25\/csftp-dialogue-social-collectivite-dalsace-concours-des-pompiers-les-syndicats-votent-contre\/&amp;source=gmail&amp;ust=1601384235584000&amp;usg=AFQjCNHeRnwRyhPyVFQFxnklNruz01W_iA\">CSFTP DU 23 SEPTEMBRE 2020 : DIALOGUE SOCIAL, COLLECTIVIT\u00c9 D\u2019ALSACE, CONCOURS DES POMPIERS\u2026 LES SYNDICATS VOTENT CONTRE<\/a><\/strong><\/p>\n<p><strong>&#8211;\u00a0<a href=\"http:\/\/www.fo-territoriaux42.fr\/2020\/09\/25\/reconnaissance-du-covid-comme-maladie-professionnelle-le-dispositif-envisage-pour-les-fonctionnaires\/\" target=\"_blank\" rel=\"noopener noreferrer nofollow\" data-saferedirecturl=\"https:\/\/www.google.com\/url?q=http:\/\/www.fo-territoriaux42.fr\/2020\/09\/25\/reconnaissance-du-covid-comme-maladie-professionnelle-le-dispositif-envisage-pour-les-fonctionnaires\/&amp;source=gmail&amp;ust=1601384235584000&amp;usg=AFQjCNGml-iHi9JhEjEdrrFeyHq7Jwy8Ww\">RECONNAISSANCE DU COVID COMME MALADIE PROFESSIONNELLE : LE DISPOSITIF ENVISAG\u00c9 POUR LES FONCTIONNAIRES<\/a><\/strong><\/p>\n<p><strong>&#8211;\u00a0<a href=\"http:\/\/www.fo-territoriaux42.fr\/2020\/09\/25\/restrictions-aux-motifs-sanitaires-reaction-de-fo\/\" target=\"_blank\" rel=\"noopener noreferrer nofollow\" data-saferedirecturl=\"https:\/\/www.google.com\/url?q=http:\/\/www.fo-territoriaux42.fr\/2020\/09\/25\/restrictions-aux-motifs-sanitaires-reaction-de-fo\/&amp;source=gmail&amp;ust=1601384235584000&amp;usg=AFQjCNG_-Rp_a2gbGdSAQ_ej9cANBNICSA\">RESTRICTIONS AUX MOTIFS SANITAIRES : R\u00c9ACTION DE FO<\/a><\/strong><\/p>\n<p><strong>&#8211;\u00a0<a href=\"http:\/\/www.fo-territoriaux42.fr\/2020\/09\/25\/dispositions-a-mettre-en-oeuvre-dans-les-collectivites-au-regard-de-levolution-du-covid\/\" target=\"_blank\" rel=\"noopener noreferrer nofollow\" data-saferedirecturl=\"https:\/\/www.google.com\/url?q=http:\/\/www.fo-territoriaux42.fr\/2020\/09\/25\/dispositions-a-mettre-en-oeuvre-dans-les-collectivites-au-regard-de-levolution-du-covid\/&amp;source=gmail&amp;ust=1601384235584000&amp;usg=AFQjCNGGNSJmZm1ya7YqBST8CICNPgGg2w\">DISPOSITIONS \u00c0 METTRE EN \u0152UVRE DANS LES COLLECTIVIT\u00c9S AU REGARD DE L\u2019\u00c9VOLUTION DU COVID<\/a><\/strong><\/p>\n<p><strong>&#8211;\u00a0<a href=\"http:\/\/www.fo-territoriaux42.fr\/2020\/09\/25\/fo-ne-participera-pas-au-groupe-de-travail-du-25-septembre-2020-sur-la-reconnaissance-en-maladies-professionnelles-des-pathologies-liees-covid\/\" target=\"_blank\" rel=\"noopener noreferrer nofollow\" data-saferedirecturl=\"https:\/\/www.google.com\/url?q=http:\/\/www.fo-territoriaux42.fr\/2020\/09\/25\/fo-ne-participera-pas-au-groupe-de-travail-du-25-septembre-2020-sur-la-reconnaissance-en-maladies-professionnelles-des-pathologies-liees-covid\/&amp;source=gmail&amp;ust=1601384235584000&amp;usg=AFQjCNGW3u9R_1m8Eaz097yKFI6KFTnLKA\">FO NE PARTICIPERA PAS AU GROUPE DE TRAVAIL DU 25 SEPTEMBRE 2020 SUR LA RECONNAISSANCE EN MALADIES PROFESSIONNELLES DES PATHOLOGIES LI\u00c9ES COVID<\/a><\/strong><\/p>\n<p><strong>&#8211;\u00a0<a href=\"http:\/\/www.fo-territoriaux42.fr\/2020\/09\/26\/resolution-adoptee-au-comite-confederal-national-fo-des-23-et-24-septembre-2020\/\" target=\"_blank\" rel=\"noopener noreferrer nofollow\" data-saferedirecturl=\"https:\/\/www.google.com\/url?q=http:\/\/www.fo-territoriaux42.fr\/2020\/09\/26\/resolution-adoptee-au-comite-confederal-national-fo-des-23-et-24-septembre-2020\/&amp;source=gmail&amp;ust=1601384235584000&amp;usg=AFQjCNFv66_GdyoRV15TQmEicH1bvbfKHQ\">R\u00c9SOLUTION ADOPT\u00c9E AU COMIT\u00c9 CONF\u00c9D\u00c9RAL NATIONAL FO DES 23 ET 24 SEPTEMBRE 2020<\/a><\/strong><\/p>\n<\/div>\n","protected":false},"excerpt":{"rendered":"<p>Retrouvez les informations de\u00a0FORCE OUVRI\u00c8RE Territoriaux\u00a0publi\u00e9es la semaine 39 sur le site Internet\u00a0fo-territoriaux42.fr\u00a0en cliquant sur le lien de l\u2019article\u00a0: &#8211;\u00a0COMMENT LES CONCOURS ET EXAMENS DE [&#8230;]<\/p>\n","protected":false},"author":1,"featured_media":0,"comment_status":"closed","ping_status":"closed","sticky":false,"template":"","format":"standard","meta":{"jetpack_post_was_ever_published":false,"_jetpack_newsletter_access":"","_jetpack_dont_email_post_to_subs":false,"_jetpack_newsletter_tier_id":0,"_jetpack_memberships_contains_paywalled_content":false,"_jetpack_memberships_contains_paid_content":false,"footnotes":""},"categories":[17],"tags":[],"class_list":["post-1208","post","type-post","status-publish","format-standard","hentry","category-article"],"jetpack_featured_media_url":"","jetpack_sharing_enabled":true,"jetpack_shortlink":"https:\/\/wp.me\/p9roQz-ju","jetpack_likes_enabled":false,"publishpress_future_action":{"enabled":false,"date":"2026-05-09 12:54:10","action":"change-status","newStatus":"draft","terms":[],"taxonomy":"category","extraData":[]},"publishpress_future_workflow_manual_trigger":{"enabledWorkflows":[]},"_links":{"self":[{"href":"https:\/\/www.fo-saint-etienne.fr\/fomunvse\/index.php?rest_route=\/wp\/v2\/posts\/1208","targetHints":{"allow":["GET"]}}],"collection":[{"href":"https:\/\/www.fo-saint-etienne.fr\/fomunvse\/index.php?rest_route=\/wp\/v2\/posts"}],"about":[{"href":"https:\/\/www.fo-saint-etienne.fr\/fomunvse\/index.php?rest_route=\/wp\/v2\/types\/post"}],"author":[{"embeddable":true,"href":"https:\/\/www.fo-saint-etienne.fr\/fomunvse\/index.php?rest_route=\/wp\/v2\/users\/1"}],"replies":[{"embeddable":true,"href":"https:\/\/www.fo-saint-etienne.fr\/fomunvse\/index.php?rest_route=%2Fwp%2Fv2%2Fcomments&post=1208"}],"version-history":[{"count":1,"href":"https:\/\/www.fo-saint-etienne.fr\/fomunvse\/index.php?rest_route=\/wp\/v2\/posts\/1208\/revisions"}],"predecessor-version":[{"id":1209,"href":"https:\/\/www.fo-saint-etienne.fr\/fomunvse\/index.php?rest_route=\/wp\/v2\/posts\/1208\/revisions\/1209"}],"wp:attachment":[{"href":"https:\/\/www.fo-saint-etienne.fr\/fomunvse\/index.php?rest_route=%2Fwp%2Fv2%2Fmedia&parent=1208"}],"wp:term":[{"taxonomy":"category","embeddable":true,"href":"https:\/\/www.fo-saint-etienne.fr\/fomunvse\/index.php?rest_route=%2Fwp%2Fv2%2Fcategories&post=1208"},{"taxonomy":"post_tag","embeddable":true,"href":"https:\/\/www.fo-saint-etienne.fr\/fomunvse\/index.php?rest_route=%2Fwp%2Fv2%2Ftags&post=1208"}],"curies":[{"name":"wp","href":"https:\/\/api.w.org\/{rel}","templated":true}]}}