{"id":1218,"date":"2020-10-11T13:58:19","date_gmt":"2020-10-11T12:58:19","guid":{"rendered":"http:\/\/www.fo-saint-etienne.fr\/fomunvse\/?p=1218"},"modified":"2021-06-27T08:49:14","modified_gmt":"2021-06-27T07:49:14","slug":"info-force-ouvriere-de-la-semaine-41","status":"publish","type":"post","link":"https:\/\/www.fo-saint-etienne.fr\/fomunvse\/?p=1218","title":{"rendered":"Info FORCE OUVRI\u00c8RE de la semaine 41"},"content":{"rendered":"<p>Retrouvez les articles publi\u00e9s\u00a0la\u00a0<strong>semaine 41<\/strong>\u00a0sur votre site Internet\u00a0<strong><a href=\"http:\/\/www.fo-territoriaux42.fr\/\" target=\"_blank\" rel=\"noopener noreferrer\" data-saferedirecturl=\"https:\/\/www.google.com\/url?q=http:\/\/www.fo-territoriaux42.fr\/&amp;source=gmail&amp;ust=1602507335632000&amp;usg=AFQjCNEE3G_nXMs37e8cOzO4cND8RiaMnQ\">fo-territoriaux42.fr<\/a><\/strong>\u00a0<wbr \/>en cliquant sur le lien de l\u2019article :<\/p>\n<p><strong>&#8211;\u00a0<a href=\"http:\/\/www.fo-territoriaux42.fr\/2020\/10\/04\/la-securite-sociale-fete-ses-75-ans-preserver-notre-plus-grande-conquete-sociale\/\" target=\"_blank\" rel=\"noopener noreferrer\" data-saferedirecturl=\"https:\/\/www.google.com\/url?q=http:\/\/www.fo-territoriaux42.fr\/2020\/10\/04\/la-securite-sociale-fete-ses-75-ans-preserver-notre-plus-grande-conquete-sociale\/&amp;source=gmail&amp;ust=1602507335632000&amp;usg=AFQjCNFvbQeWd5HgID9E0EpmXi4dimLCzg\">LA S\u00c9CURIT\u00c9 SOCIALE F\u00caTE SES 75 ANS : PR\u00c9SERVER NOTRE PLUS GRANDE CONQU\u00caTE SOCIALE<\/a><\/strong><\/p>\n<p><strong>&#8211;\u00a0<a href=\"http:\/\/www.fo-territoriaux42.fr\/2020\/10\/06\/pascal-naud-president-de-lassociation-naudrh-com-demande-la-suspension-du-jour-de-carence-pendant-lepidemie-de-covid-19\/\" target=\"_blank\" rel=\"noopener noreferrer\" data-saferedirecturl=\"https:\/\/www.google.com\/url?q=http:\/\/www.fo-territoriaux42.fr\/2020\/10\/06\/pascal-naud-president-de-lassociation-naudrh-com-demande-la-suspension-du-jour-de-carence-pendant-lepidemie-de-covid-19\/&amp;source=gmail&amp;ust=1602507335632000&amp;usg=AFQjCNG6kvnRMcCjNrmCcMNmkoKAWcBN6w\">PASCAL NAUD, PR\u00c9SIDENT DE L\u2019ASSOCIATION \u00ab\u00a0NAUDRH.COM\u00a0\u00bb DEMANDE LA SUSPENSION DU JOUR DE CARENCE PENDANT L\u2019\u00c9PID\u00c9MIE DE COVID-19<\/a><\/strong><\/p>\n<p><strong>&#8211;\u00a0<a href=\"http:\/\/www.fo-territoriaux42.fr\/2020\/10\/06\/allocation-journaliere-du-proche-aidant-et-allocation-journaliere-de-presence-parentale\/\" target=\"_blank\" rel=\"noopener noreferrer\" data-saferedirecturl=\"https:\/\/www.google.com\/url?q=http:\/\/www.fo-territoriaux42.fr\/2020\/10\/06\/allocation-journaliere-du-proche-aidant-et-allocation-journaliere-de-presence-parentale\/&amp;source=gmail&amp;ust=1602507335632000&amp;usg=AFQjCNGWmZZ3DhlZ4fcfXNMIngf7IB94OA\">ALLOCATION JOURNALI\u00c8RE DU PROCHE AIDANT ET ALLOCATION JOURNALI\u00c8RE DE PR\u00c9SENCE PARENTALE<\/a><\/strong><\/p>\n<p><strong>&#8211;\u00a0<a href=\"http:\/\/www.fo-territoriaux42.fr\/2020\/10\/06\/le-statut-des-fonctionnaires-prend-desormais-en-compte-la-qualite-de-proche-aidant\/\" target=\"_blank\" rel=\"noopener noreferrer\" data-saferedirecturl=\"https:\/\/www.google.com\/url?q=http:\/\/www.fo-territoriaux42.fr\/2020\/10\/06\/le-statut-des-fonctionnaires-prend-desormais-en-compte-la-qualite-de-proche-aidant\/&amp;source=gmail&amp;ust=1602507335632000&amp;usg=AFQjCNH_0HHeQZSkTw5wb5opqIaoil8zDg\">LE STATUT DES FONCTIONNAIRES PREND D\u00c9SORMAIS EN COMPTE LA QUALIT\u00c9 DE PROCHE AIDANT<\/a><\/strong><\/p>\n<p><strong>&#8211;\u00a0<a href=\"http:\/\/www.fo-territoriaux42.fr\/2020\/10\/07\/protection-sociale-complementaire-des-agents-un-dispositif-souple-mais-perfectible\/\" target=\"_blank\" rel=\"noopener noreferrer\" data-saferedirecturl=\"https:\/\/www.google.com\/url?q=http:\/\/www.fo-territoriaux42.fr\/2020\/10\/07\/protection-sociale-complementaire-des-agents-un-dispositif-souple-mais-perfectible\/&amp;source=gmail&amp;ust=1602507335632000&amp;usg=AFQjCNHs6NgMRgOizIjhlpPCz6NaGARKsg\">PROTECTION SOCIALE COMPL\u00c9MENTAIRE DES AGENTS : UN DISPOSITIF \u00ab\u00a0SOUPLE\u00a0\u00bb MAIS PERFECTIBLE<\/a><\/strong><\/p>\n<p><strong>&#8211;\u00a0<a href=\"http:\/\/www.fo-territoriaux42.fr\/2020\/10\/07\/2-a-3-jours-de-teletravail-par-semaine-preconises-dans-les-administrations-en-zones-dalerte\/\" target=\"_blank\" rel=\"noopener noreferrer\" data-saferedirecturl=\"https:\/\/www.google.com\/url?q=http:\/\/www.fo-territoriaux42.fr\/2020\/10\/07\/2-a-3-jours-de-teletravail-par-semaine-preconises-dans-les-administrations-en-zones-dalerte\/&amp;source=gmail&amp;ust=1602507335632000&amp;usg=AFQjCNF00oGoGRYwzqtChpO9WfLCqneguA\">2 \u00c0 3 JOURS DE T\u00c9L\u00c9TRAVAIL PAR SEMAINE PR\u00c9CONIS\u00c9S DANS LES ADMINISTRATIONS EN ZONES D\u2019ALERTE<\/a><\/strong><\/p>\n<p><strong>&#8211;\u00a0<a href=\"http:\/\/www.fo-territoriaux42.fr\/2020\/10\/07\/aide-a-lembauche-des-travailleurs-handicapes\/\" target=\"_blank\" rel=\"noopener noreferrer\" data-saferedirecturl=\"https:\/\/www.google.com\/url?q=http:\/\/www.fo-territoriaux42.fr\/2020\/10\/07\/aide-a-lembauche-des-travailleurs-handicapes\/&amp;source=gmail&amp;ust=1602507335632000&amp;usg=AFQjCNFCQMA87qt6qL6jg-BrfycmR8r7jQ\">AIDE \u00c0 L\u2019EMBAUCHE DES TRAVAILLEURS HANDICAP\u00c9S<\/a><\/strong><\/p>\n<p><strong>&#8211;\u00a0<a href=\"http:\/\/www.fo-territoriaux42.fr\/2020\/10\/08\/le-champ-des-contractuels-beneficaires-de-la-prime-de-precarite-eleargi\/\" target=\"_blank\" rel=\"noopener noreferrer\" data-saferedirecturl=\"https:\/\/www.google.com\/url?q=http:\/\/www.fo-territoriaux42.fr\/2020\/10\/08\/le-champ-des-contractuels-beneficaires-de-la-prime-de-precarite-eleargi\/&amp;source=gmail&amp;ust=1602507335632000&amp;usg=AFQjCNGReGYYHKFKh3Bd1RoFozWbZqS64A\">LE CHAMP DES CONTRACTUELS B\u00c9N\u00c9FICAIRES DE LA PRIME DE PR\u00c9CARIT\u00c9 \u00c9L\u00c9ARGI<\/a><\/strong><\/p>\n<p><strong>&#8211;\u00a0<a href=\"http:\/\/www.fo-territoriaux42.fr\/2020\/10\/08\/la-crise-du-covid-a-renforce-les-liens-entre-la-communication-interne-et-les-syndicats\/\" target=\"_blank\" rel=\"noopener noreferrer\" data-saferedirecturl=\"https:\/\/www.google.com\/url?q=http:\/\/www.fo-territoriaux42.fr\/2020\/10\/08\/la-crise-du-covid-a-renforce-les-liens-entre-la-communication-interne-et-les-syndicats\/&amp;source=gmail&amp;ust=1602507335632000&amp;usg=AFQjCNHN0jb2UXyViEkRIizmNfbl36I7Zw\">LA CRISE DU COVID A RENFORC\u00c9 LES LIENS ENTRE LA COMMUNICATION INTERNE ET LES SYNDICATS<\/a><\/strong><\/p>\n<p><strong>&#8211;\u00a0<a href=\"http:\/\/www.fo-territoriaux42.fr\/2020\/10\/09\/bientot-de-nouvelles-regles-pour-lindemnite-compensatrice-de-csg-dans-la-fonction-publique\/\" target=\"_blank\" rel=\"noopener noreferrer\" data-saferedirecturl=\"https:\/\/www.google.com\/url?q=http:\/\/www.fo-territoriaux42.fr\/2020\/10\/09\/bientot-de-nouvelles-regles-pour-lindemnite-compensatrice-de-csg-dans-la-fonction-publique\/&amp;source=gmail&amp;ust=1602507335632000&amp;usg=AFQjCNEBHj0WZnUjqLx5e0P0FqF1WtZkiw\">BIENT\u00d4T DE NOUVELLES R\u00c8GLES POUR L\u2019INDEMNIT\u00c9 COMPENSATRICE DE CSG DANS LA FONCTION PUBLIQUE<\/a><\/strong><\/p>\n<p><strong>&#8211;\u00a0<a href=\"http:\/\/www.fo-territoriaux42.fr\/2020\/10\/09\/legalite-de-remuneration-femmes-hommes-ne-peut-attendre-1000-ans\/\" target=\"_blank\" rel=\"noopener noreferrer\" data-saferedirecturl=\"https:\/\/www.google.com\/url?q=http:\/\/www.fo-territoriaux42.fr\/2020\/10\/09\/legalite-de-remuneration-femmes-hommes-ne-peut-attendre-1000-ans\/&amp;source=gmail&amp;ust=1602507335632000&amp;usg=AFQjCNG5oCfyLggxC4CU1Ps5ApAZrx2IMw\">L\u2019\u00c9GALIT\u00c9 DE R\u00c9MUN\u00c9RATION FEMMES-HOMMES NE PEUT ATTENDRE 1000 ANS !<\/a><\/strong><\/p>\n","protected":false},"excerpt":{"rendered":"<p>Retrouvez les articles publi\u00e9s\u00a0la\u00a0semaine 41\u00a0sur votre site Internet\u00a0fo-territoriaux42.fr\u00a0en cliquant sur le lien de l\u2019article : &#8211;\u00a0LA S\u00c9CURIT\u00c9 SOCIALE F\u00caTE SES 75 ANS : PR\u00c9SERVER NOTRE [&#8230;]<\/p>\n","protected":false},"author":1,"featured_media":0,"comment_status":"closed","ping_status":"closed","sticky":false,"template":"","format":"standard","meta":{"jetpack_post_was_ever_published":false,"_jetpack_newsletter_access":"","_jetpack_dont_email_post_to_subs":false,"_jetpack_newsletter_tier_id":0,"_jetpack_memberships_contains_paywalled_content":false,"_jetpack_memberships_contains_paid_content":false,"footnotes":""},"categories":[17],"tags":[],"class_list":["post-1218","post","type-post","status-publish","format-standard","hentry","category-article"],"jetpack_featured_media_url":"","jetpack_sharing_enabled":true,"jetpack_shortlink":"https:\/\/wp.me\/p9roQz-jE","jetpack_likes_enabled":false,"publishpress_future_action":{"enabled":false,"date":"2026-05-09 12:47:07","action":"change-status","newStatus":"draft","terms":[],"taxonomy":"category","extraData":[]},"publishpress_future_workflow_manual_trigger":{"enabledWorkflows":[]},"_links":{"self":[{"href":"https:\/\/www.fo-saint-etienne.fr\/fomunvse\/index.php?rest_route=\/wp\/v2\/posts\/1218","targetHints":{"allow":["GET"]}}],"collection":[{"href":"https:\/\/www.fo-saint-etienne.fr\/fomunvse\/index.php?rest_route=\/wp\/v2\/posts"}],"about":[{"href":"https:\/\/www.fo-saint-etienne.fr\/fomunvse\/index.php?rest_route=\/wp\/v2\/types\/post"}],"author":[{"embeddable":true,"href":"https:\/\/www.fo-saint-etienne.fr\/fomunvse\/index.php?rest_route=\/wp\/v2\/users\/1"}],"replies":[{"embeddable":true,"href":"https:\/\/www.fo-saint-etienne.fr\/fomunvse\/index.php?rest_route=%2Fwp%2Fv2%2Fcomments&post=1218"}],"version-history":[{"count":1,"href":"https:\/\/www.fo-saint-etienne.fr\/fomunvse\/index.php?rest_route=\/wp\/v2\/posts\/1218\/revisions"}],"predecessor-version":[{"id":1219,"href":"https:\/\/www.fo-saint-etienne.fr\/fomunvse\/index.php?rest_route=\/wp\/v2\/posts\/1218\/revisions\/1219"}],"wp:attachment":[{"href":"https:\/\/www.fo-saint-etienne.fr\/fomunvse\/index.php?rest_route=%2Fwp%2Fv2%2Fmedia&parent=1218"}],"wp:term":[{"taxonomy":"category","embeddable":true,"href":"https:\/\/www.fo-saint-etienne.fr\/fomunvse\/index.php?rest_route=%2Fwp%2Fv2%2Fcategories&post=1218"},{"taxonomy":"post_tag","embeddable":true,"href":"https:\/\/www.fo-saint-etienne.fr\/fomunvse\/index.php?rest_route=%2Fwp%2Fv2%2Ftags&post=1218"}],"curies":[{"name":"wp","href":"https:\/\/api.w.org\/{rel}","templated":true}]}}