{"id":1222,"date":"2020-10-16T14:41:31","date_gmt":"2020-10-16T13:41:31","guid":{"rendered":"http:\/\/www.fo-saint-etienne.fr\/fomunvse\/?p=1222"},"modified":"2021-06-27T08:52:57","modified_gmt":"2021-06-27T07:52:57","slug":"communique-intersyndicale","status":"publish","type":"post","link":"https:\/\/www.fo-saint-etienne.fr\/fomunvse\/?p=1222","title":{"rendered":"Communiqu\u00e9 de l&rsquo;Intersyndicale"},"content":{"rendered":"<p style=\"text-align: center;\"><span style=\"color: #800080;\"><em><strong>Ville de Saint-\u00c9tienne \u2013 Saint-\u00c9tienne M\u00e9tropole<\/strong><\/em><\/span><br \/>\n<span style=\"color: #800080;\"><em><strong>PROTECTION SOCIALE COMPL\u00c9MENTAIRE : PR\u00c9VOYANCE SOLIMUT<\/strong><\/em><\/span><\/p>\n<p style=\"text-align: left;\"><strong>Par courrier dat\u00e9 du 26 juin 2020, la mutuelle SOLIMUT se fondant sur des comptes de r\u00e9sultat fortement d\u00e9grad\u00e9s, a inform\u00e9 les deux\u00a0collectivit\u00e9s de la r\u00e9siliation du contrat de pr\u00e9voyance\u00a0\u00e0 compter du 31 d\u00e9cembre 2020.<br \/>\n<span style=\"color: #008000;\">T\u00e9l\u00e9charger le communiqu\u00e9 ci-dessous suite \u00e0 cette r\u00e9siliation.<\/span><br \/>\n<\/strong><\/p>\n<p><a href=\"http:\/\/www.fo-saint-etienne.fr\/fomunvse\/wp-content\/uploads\/2020\/10\/communicationintersyndicaleprevoyance_v3.pdf\" target=\"_blank\" rel=\"noopener noreferrer\"><img data-recalc-dims=\"1\" loading=\"lazy\" decoding=\"async\" data-attachment-id=\"1220\" data-permalink=\"https:\/\/www.fo-saint-etienne.fr\/fomunvse\/?attachment_id=1220\" data-orig-file=\"https:\/\/i0.wp.com\/www.fo-saint-etienne.fr\/fomunvse\/wp-content\/uploads\/2020\/10\/communique_prevoyance.png?fit=399%2C570&amp;ssl=1\" data-orig-size=\"399,570\" data-comments-opened=\"1\" data-image-meta=\"{&quot;aperture&quot;:&quot;0&quot;,&quot;credit&quot;:&quot;&quot;,&quot;camera&quot;:&quot;&quot;,&quot;caption&quot;:&quot;&quot;,&quot;created_timestamp&quot;:&quot;0&quot;,&quot;copyright&quot;:&quot;&quot;,&quot;focal_length&quot;:&quot;0&quot;,&quot;iso&quot;:&quot;0&quot;,&quot;shutter_speed&quot;:&quot;0&quot;,&quot;title&quot;:&quot;&quot;,&quot;orientation&quot;:&quot;0&quot;}\" data-image-title=\"communiqu\u00e9_prevoyance\" data-image-description=\"\" data-image-caption=\"\" data-large-file=\"https:\/\/i0.wp.com\/www.fo-saint-etienne.fr\/fomunvse\/wp-content\/uploads\/2020\/10\/communique_prevoyance.png?fit=399%2C570&amp;ssl=1\" class=\"aligncenter wp-image-1220 size-full\" src=\"https:\/\/i0.wp.com\/www.fo-saint-etienne.fr\/fomunvse\/wp-content\/uploads\/2020\/10\/communique_prevoyance.png?resize=399%2C570\" alt=\"\" width=\"399\" height=\"570\" srcset=\"https:\/\/i0.wp.com\/www.fo-saint-etienne.fr\/fomunvse\/wp-content\/uploads\/2020\/10\/communique_prevoyance.png?w=399&amp;ssl=1 399w, https:\/\/i0.wp.com\/www.fo-saint-etienne.fr\/fomunvse\/wp-content\/uploads\/2020\/10\/communique_prevoyance.png?resize=210%2C300&amp;ssl=1 210w\" sizes=\"auto, (max-width: 399px) 100vw, 399px\" \/><\/a><\/p>\n<div><span style=\"color: #003300;\">Suite \u00e0 d\u2019\u00e2pres n\u00e9gociations depuis pr\u00e8s de 15 jours, l&rsquo;intersyndicale VSE-SEM a r\u00e9ussi \u00e0 faire entendre \u00e0 l&rsquo;Administration et aux Politiques, qu&rsquo;il \u00e9tait plus avantageux et s\u00e9curitaire pour les agents, de garder le contrat de groupe SOLIMUT pour l&rsquo;ann\u00e9e prochaine et ce malgr\u00e9 l&rsquo;augmentation.<\/span><\/div>\n<div><\/div>\n<div><span style=\"color: #003300;\">Nous avons aussi r\u00e9ussi \u00e0 n\u00e9gocier une augmentation de la participation de\u00a0<strong>5<\/strong>\u20ac\/mois.<\/span><\/div>\n<div><\/div>\n<div><span style=\"color: #003300;\"><strong>De ce fait, il n&rsquo;est donc plus imp\u00e9ratif de rechercher une Pr\u00e9voyance labellis\u00e9e pour 2021, merci de bien vouloir faire passer le message \u00e0 vos coll\u00e8gues.<\/strong><\/span><\/div>\n<div><\/div>\n<div><span style=\"color: #003300;\">Une communication en intersyndicale est pr\u00e9vue apr\u00e8s le CTP du 3 Novembre, mais nous aurons l&rsquo;occasion d&rsquo;en parler au CS du 2 Novembre.<\/span><\/div>\n<p>&nbsp;<\/p>\n","protected":false},"excerpt":{"rendered":"<p>Ville de Saint-\u00c9tienne \u2013 Saint-\u00c9tienne M\u00e9tropole PROTECTION SOCIALE COMPL\u00c9MENTAIRE : PR\u00c9VOYANCE SOLIMUT Par courrier dat\u00e9 du 26 juin 2020, la mutuelle SOLIMUT se fondant sur [&#8230;]<\/p>\n","protected":false},"author":1,"featured_media":0,"comment_status":"closed","ping_status":"closed","sticky":false,"template":"","format":"standard","meta":{"jetpack_post_was_ever_published":false,"_jetpack_newsletter_access":"","_jetpack_dont_email_post_to_subs":false,"_jetpack_newsletter_tier_id":0,"_jetpack_memberships_contains_paywalled_content":false,"_jetpack_memberships_contains_paid_content":false,"footnotes":""},"categories":[10],"tags":[],"class_list":["post-1222","post","type-post","status-publish","format-standard","hentry","category-communique"],"jetpack_featured_media_url":"","jetpack_sharing_enabled":true,"jetpack_shortlink":"https:\/\/wp.me\/p9roQz-jI","jetpack_likes_enabled":false,"publishpress_future_action":{"enabled":false,"date":"2026-05-09 14:04:46","action":"change-status","newStatus":"draft","terms":[],"taxonomy":"category","extraData":[]},"publishpress_future_workflow_manual_trigger":{"enabledWorkflows":[]},"_links":{"self":[{"href":"https:\/\/www.fo-saint-etienne.fr\/fomunvse\/index.php?rest_route=\/wp\/v2\/posts\/1222","targetHints":{"allow":["GET"]}}],"collection":[{"href":"https:\/\/www.fo-saint-etienne.fr\/fomunvse\/index.php?rest_route=\/wp\/v2\/posts"}],"about":[{"href":"https:\/\/www.fo-saint-etienne.fr\/fomunvse\/index.php?rest_route=\/wp\/v2\/types\/post"}],"author":[{"embeddable":true,"href":"https:\/\/www.fo-saint-etienne.fr\/fomunvse\/index.php?rest_route=\/wp\/v2\/users\/1"}],"replies":[{"embeddable":true,"href":"https:\/\/www.fo-saint-etienne.fr\/fomunvse\/index.php?rest_route=%2Fwp%2Fv2%2Fcomments&post=1222"}],"version-history":[{"count":5,"href":"https:\/\/www.fo-saint-etienne.fr\/fomunvse\/index.php?rest_route=\/wp\/v2\/posts\/1222\/revisions"}],"predecessor-version":[{"id":1240,"href":"https:\/\/www.fo-saint-etienne.fr\/fomunvse\/index.php?rest_route=\/wp\/v2\/posts\/1222\/revisions\/1240"}],"wp:attachment":[{"href":"https:\/\/www.fo-saint-etienne.fr\/fomunvse\/index.php?rest_route=%2Fwp%2Fv2%2Fmedia&parent=1222"}],"wp:term":[{"taxonomy":"category","embeddable":true,"href":"https:\/\/www.fo-saint-etienne.fr\/fomunvse\/index.php?rest_route=%2Fwp%2Fv2%2Fcategories&post=1222"},{"taxonomy":"post_tag","embeddable":true,"href":"https:\/\/www.fo-saint-etienne.fr\/fomunvse\/index.php?rest_route=%2Fwp%2Fv2%2Ftags&post=1222"}],"curies":[{"name":"wp","href":"https:\/\/api.w.org\/{rel}","templated":true}]}}