{"id":1232,"date":"2020-10-18T14:13:24","date_gmt":"2020-10-18T13:13:24","guid":{"rendered":"http:\/\/www.fo-saint-etienne.fr\/fomunvse\/?p=1232"},"modified":"2021-06-27T08:49:13","modified_gmt":"2021-06-27T07:49:13","slug":"info-force-ouvriere-de-la-semaine-42","status":"publish","type":"post","link":"https:\/\/www.fo-saint-etienne.fr\/fomunvse\/?p=1232","title":{"rendered":"Info FORCE OUVRI\u00c8RE de la semaine 42"},"content":{"rendered":"<p><strong>Rendez-vous hebdomadaire avec les derni\u00e8res informations de FORCE OUVRI\u00c8RE Territoriaux en cliquant sur le lien de l\u2019article :<\/strong><\/p>\n<div class=\"gs\">\n<div class=\"\">\n<div id=\":1g5\" class=\"ii gt\">\n<div id=\":1g4\" class=\"a3s aiL \">\n<div>\n<p><strong>&#8211;\u00a0<a href=\"http:\/\/www.fo-territoriaux42.fr\/2020\/10\/12\/covid-19-un-cas-contact-ne-peut-etre-place-en-asa-que-sur-justificatif-de-lassurance-maladie\/\" target=\"_blank\" rel=\"noopener noreferrer\" data-saferedirecturl=\"https:\/\/www.google.com\/url?q=http:\/\/www.fo-territoriaux42.fr\/2020\/10\/12\/covid-19-un-cas-contact-ne-peut-etre-place-en-asa-que-sur-justificatif-de-lassurance-maladie\/&amp;source=gmail&amp;ust=1603111773593000&amp;usg=AFQjCNHr3qpM6gJknQPVvyrzjKkYB5gvbA\">COVID-19 : UN \u00ab\u00a0CAS CONTACT\u00a0\u00bb NE PEUT \u00caTRE PLAC\u00c9 EN ASA QUE SUR JUSTIFICATIF DE L\u2019ASSURANCE MALADIE<\/a><\/strong><\/p>\n<p><strong>&#8211;\u00a0<a href=\"http:\/\/www.fo-territoriaux42.fr\/2020\/10\/12\/lignes-directrices-de-gestion-portant-promotion-des-agents-un-travail-difficile-a-mener-pendant-la-covid_19\/\" target=\"_blank\" rel=\"noopener noreferrer\" data-saferedirecturl=\"https:\/\/www.google.com\/url?q=http:\/\/www.fo-territoriaux42.fr\/2020\/10\/12\/lignes-directrices-de-gestion-portant-promotion-des-agents-un-travail-difficile-a-mener-pendant-la-covid_19\/&amp;source=gmail&amp;ust=1603111773593000&amp;usg=AFQjCNFwJ1624YSnW2CEZBJt1tUj_qbrzw\">LIGNES DIRECTRICES DE GESTION PORTANT PROMOTION DES AGENTS : UN TRAVAIL DIFFICILE \u00c0 MENER PENDANT LA COVID-19<\/a><\/strong><\/p>\n<p><strong>&#8211;\u00a0<a href=\"http:\/\/www.fo-territoriaux42.fr\/2020\/10\/12\/compte-rendu-de-laudience-au-cabinet-du-1er-ministre-du-6-octobre-2020\/\" target=\"_blank\" rel=\"noopener noreferrer\" data-saferedirecturl=\"https:\/\/www.google.com\/url?q=http:\/\/www.fo-territoriaux42.fr\/2020\/10\/12\/compte-rendu-de-laudience-au-cabinet-du-1er-ministre-du-6-octobre-2020\/&amp;source=gmail&amp;ust=1603111773593000&amp;usg=AFQjCNEn_YKLSXZupiOi2x8wI0oAv70o3A\">COMPTE RENDU DE L\u2019AUDIENCE AU CABINET DU 1ER MINISTRE DU 6 OCTOBRE 2020<\/a><\/strong><\/p>\n<p><strong>&#8211;\u00a0<a href=\"http:\/\/www.fo-territoriaux42.fr\/2020\/10\/14\/lefficacite-de-la-reintroduction-du-jour-de-carence-dans-la-fonction-publique-mise-en-doute\/\" target=\"_blank\" rel=\"noopener noreferrer\" data-saferedirecturl=\"https:\/\/www.google.com\/url?q=http:\/\/www.fo-territoriaux42.fr\/2020\/10\/14\/lefficacite-de-la-reintroduction-du-jour-de-carence-dans-la-fonction-publique-mise-en-doute\/&amp;source=gmail&amp;ust=1603111773593000&amp;usg=AFQjCNEepKHzcwBdatij56v-ofiLHuvQlQ\">L\u2019EFFICACIT\u00c9 DE LA R\u00c9INTRODUCTION DU JOUR DE CARENCE DANS LA FONCTION PUBLIQUE MISE EN DOUTE<\/a><\/strong><\/p>\n<p><strong>&#8211;\u00a0<a href=\"http:\/\/www.fo-territoriaux42.fr\/2020\/10\/14\/circulaire-federale-dexplication-des-lignes-directrices-de-gestion-ldg\/\" target=\"_blank\" rel=\"noopener noreferrer\" data-saferedirecturl=\"https:\/\/www.google.com\/url?q=http:\/\/www.fo-territoriaux42.fr\/2020\/10\/14\/circulaire-federale-dexplication-des-lignes-directrices-de-gestion-ldg\/&amp;source=gmail&amp;ust=1603111773593000&amp;usg=AFQjCNF0FC8lVLFV3dnLGdGFU4X8XG-Gkg\">CIRCULAIRE F\u00c9D\u00c9RALE D\u2019EXPLICATION DES LIGNES DIRECTRICES DE GESTION (LDG)<\/a><\/strong><\/p>\n<p><strong>&#8211;\u00a0<a href=\"http:\/\/www.fo-territoriaux42.fr\/2020\/10\/14\/courrier-du-13-octobre-2020-au-premier-ministre-des-5-organisations-syndicales\/\" target=\"_blank\" rel=\"noopener noreferrer\" data-saferedirecturl=\"https:\/\/www.google.com\/url?q=http:\/\/www.fo-territoriaux42.fr\/2020\/10\/14\/courrier-du-13-octobre-2020-au-premier-ministre-des-5-organisations-syndicales\/&amp;source=gmail&amp;ust=1603111773593000&amp;usg=AFQjCNEsrCAARVbKedPgGARGFs2T7ydp_A\">COURRIER DU 13 OCTOBRE 2020 AU PREMIER MINISTRE DES 5 ORGANISATIONS SYNDICALES<\/a><\/strong><\/p>\n<p><strong>&#8211;\u00a0<a href=\"http:\/\/www.fo-territoriaux42.fr\/2020\/10\/16\/fonction-publique-territoriale-une-protection-sociale-complementaire-renforcee\/\" target=\"_blank\" rel=\"noopener noreferrer\" data-saferedirecturl=\"https:\/\/www.google.com\/url?q=http:\/\/www.fo-territoriaux42.fr\/2020\/10\/16\/fonction-publique-territoriale-une-protection-sociale-complementaire-renforcee\/&amp;source=gmail&amp;ust=1603111773593000&amp;usg=AFQjCNFKnYt8sIVKr9lk6LeabVeYIL_QEA\">FONCTION PUBLIQUE TERRITORIALE : EN ROUTE VERS UNE PROTECTION SOCIALE COMPL\u00c9MENTAIRE RENFORC\u00c9E<\/a><\/strong><\/p>\n<p><strong>&#8211;\u00a0<a href=\"http:\/\/www.fo-territoriaux42.fr\/2020\/10\/16\/reforme-de-la-protection-sociale-complementaire-deux-principales-recommandations-arretees-par-le-gouvernement\/\" target=\"_blank\" rel=\"noopener noreferrer\" data-saferedirecturl=\"https:\/\/www.google.com\/url?q=http:\/\/www.fo-territoriaux42.fr\/2020\/10\/16\/reforme-de-la-protection-sociale-complementaire-deux-principales-recommandations-arretees-par-le-gouvernement\/&amp;source=gmail&amp;ust=1603111773593000&amp;usg=AFQjCNHx_56mMRSAv3s6VVg-gvjwR-EGAQ\">R\u00c9FORME DE LA PROTECTION SOCIALE COMPL\u00c9MENTAIRE : DEUX PRINCIPALES RECOMMANDATIONS ARR\u00caT\u00c9ES PAR LE GOUVERNEMENT<\/a><\/strong><\/p>\n<p><strong>&#8211;\u00a0<a href=\"http:\/\/www.fo-territoriaux42.fr\/2020\/10\/16\/fonction-publique-territoriale-gestion-de-la-crise-le-csfpt-liste-les-points-dattention\/\" target=\"_blank\" rel=\"noopener noreferrer\" data-saferedirecturl=\"https:\/\/www.google.com\/url?q=http:\/\/www.fo-territoriaux42.fr\/2020\/10\/16\/fonction-publique-territoriale-gestion-de-la-crise-le-csfpt-liste-les-points-dattention\/&amp;source=gmail&amp;ust=1603111773593000&amp;usg=AFQjCNFC4XrsYu4Wkeapx_hGxsULD10ISg\">FONCTION PUBLIQUE TERRITORIALE \u2013 GESTION DE LA CRISE : LE CONSEIL SUP\u00c9RIEUR LISTE LES POINTS D\u2019ATTENTION<\/a><\/strong><\/p>\n<p><strong>&#8211;\u00a0<a href=\"http:\/\/www.fo-territoriaux42.fr\/2020\/10\/16\/personnes-vulnerables-le-gouvernement-deboute\/\" target=\"_blank\" rel=\"noopener noreferrer\" data-saferedirecturl=\"https:\/\/www.google.com\/url?q=http:\/\/www.fo-territoriaux42.fr\/2020\/10\/16\/personnes-vulnerables-le-gouvernement-deboute\/&amp;source=gmail&amp;ust=1603111773593000&amp;usg=AFQjCNHRdAt_NIw35USiGxzl9YHX-b-MuQ\">PERSONNES VULN\u00c9RABLES : LE GOUVERNEMENT D\u00c9BOUT\u00c9 !<\/a><\/strong><\/p>\n<p><strong>&#8211;\u00a0<a href=\"http:\/\/www.fo-territoriaux42.fr\/2020\/10\/16\/la-duree-de-travail-deans-la-fonction-publique-est-toujours-superieure-a-la-duree-legale\/\" target=\"_blank\" rel=\"noopener noreferrer\" data-saferedirecturl=\"https:\/\/www.google.com\/url?q=http:\/\/www.fo-territoriaux42.fr\/2020\/10\/16\/la-duree-de-travail-deans-la-fonction-publique-est-toujours-superieure-a-la-duree-legale\/&amp;source=gmail&amp;ust=1603111773593000&amp;usg=AFQjCNHbmOHkBiop4eXwpQvBgFGYQs7CzA\">LA DUR\u00c9E DE TRAVAIL DANS LA FONCTION PUBLIQUE EST TOUJOURS SUP\u00c9RIEURE \u00c0 LA DUR\u00c9E L\u00c9GALE<\/a><\/strong><\/p>\n<p><strong>&#8211;\u00a0<a href=\"http:\/\/www.fo-territoriaux42.fr\/2020\/10\/16\/communique-de-presse-de-la-confederation-fo-sur-le-retour-a-letat-durgence\/\" target=\"_blank\" rel=\"noopener noreferrer\" data-saferedirecturl=\"https:\/\/www.google.com\/url?q=http:\/\/www.fo-territoriaux42.fr\/2020\/10\/16\/communique-de-presse-de-la-confederation-fo-sur-le-retour-a-letat-durgence\/&amp;source=gmail&amp;ust=1603111773593000&amp;usg=AFQjCNFAbq_Y2bqwlJq_Tix0DVd2fCOXZg\">COMMUNIQU\u00c9 DE PRESSE DE LA CONF\u00c9D\u00c9RATION FO SUR LE RETOUR \u00c0 L\u2019\u00c9TAT D\u2019URGENCE<\/a><\/strong><\/p>\n<p><strong>&#8211;\u00a0<a href=\"http:\/\/www.fo-territoriaux42.fr\/2020\/10\/16\/compte-rendu-fo-du-conseil-superieur-de-la-fonction-publique-du-14-octobre-2020-et-motion-sur-la-crise-covid\/\" target=\"_blank\" rel=\"noopener noreferrer\" data-saferedirecturl=\"https:\/\/www.google.com\/url?q=http:\/\/www.fo-territoriaux42.fr\/2020\/10\/16\/compte-rendu-fo-du-conseil-superieur-de-la-fonction-publique-du-14-octobre-2020-et-motion-sur-la-crise-covid\/&amp;source=gmail&amp;ust=1603111773593000&amp;usg=AFQjCNHaOzeAouatpZiye3Bmnaa3exJcfA\">COMPTE RENDU FO DU CONSEIL SUP\u00c9RIEUR DE LA FONCTION PUBLIQUE DU 14 OCTOBRE 2020 ET MOTION SUR LA CRISE COVID<\/a><\/strong><\/p>\n<p><strong>&#8211;\u00a0<a href=\"http:\/\/www.fo-territoriaux42.fr\/2020\/10\/17\/hommage-a-samuel-paty-defendre-linstruction-publique-et-laique-la-liberte-dexpression\/\" target=\"_blank\" rel=\"noopener noreferrer\" data-saferedirecturl=\"https:\/\/www.google.com\/url?q=http:\/\/www.fo-territoriaux42.fr\/2020\/10\/17\/hommage-a-samuel-paty-defendre-linstruction-publique-et-laique-la-liberte-dexpression\/&amp;source=gmail&amp;ust=1603111773593000&amp;usg=AFQjCNEhjIoc2ADcjbHN2do7PMaK2XP4Yw\">HOMMAGE \u00c0 SAMUEL PATY : D\u00c9FENDRE L\u2019INSTRUCTION PUBLIQUE ET LA\u00cfQUE, LA LIBERT\u00c9 D\u2019EXPRESSION<\/a><\/strong><\/p>\n<\/div>\n<div class=\"yj6qo\"><\/div>\n<div class=\"adL\"><\/div>\n<\/div>\n<\/div>\n<div class=\"hi\"><\/div>\n<\/div>\n<\/div>\n","protected":false},"excerpt":{"rendered":"<p>Rendez-vous hebdomadaire avec les derni\u00e8res informations de FORCE OUVRI\u00c8RE Territoriaux en cliquant sur le lien de l\u2019article : &#8211;\u00a0COVID-19 : UN \u00ab\u00a0CAS CONTACT\u00a0\u00bb NE PEUT [&#8230;]<\/p>\n","protected":false},"author":1,"featured_media":0,"comment_status":"closed","ping_status":"closed","sticky":false,"template":"","format":"standard","meta":{"jetpack_post_was_ever_published":false,"_jetpack_newsletter_access":"","_jetpack_dont_email_post_to_subs":false,"_jetpack_newsletter_tier_id":0,"_jetpack_memberships_contains_paywalled_content":false,"_jetpack_memberships_contains_paid_content":false,"footnotes":""},"categories":[17],"tags":[],"class_list":["post-1232","post","type-post","status-publish","format-standard","hentry","category-article"],"jetpack_featured_media_url":"","jetpack_sharing_enabled":true,"jetpack_shortlink":"https:\/\/wp.me\/p9roQz-jS","jetpack_likes_enabled":false,"publishpress_future_action":{"enabled":false,"date":"2026-05-09 13:04:58","action":"change-status","newStatus":"draft","terms":[],"taxonomy":"category","extraData":[]},"publishpress_future_workflow_manual_trigger":{"enabledWorkflows":[]},"_links":{"self":[{"href":"https:\/\/www.fo-saint-etienne.fr\/fomunvse\/index.php?rest_route=\/wp\/v2\/posts\/1232","targetHints":{"allow":["GET"]}}],"collection":[{"href":"https:\/\/www.fo-saint-etienne.fr\/fomunvse\/index.php?rest_route=\/wp\/v2\/posts"}],"about":[{"href":"https:\/\/www.fo-saint-etienne.fr\/fomunvse\/index.php?rest_route=\/wp\/v2\/types\/post"}],"author":[{"embeddable":true,"href":"https:\/\/www.fo-saint-etienne.fr\/fomunvse\/index.php?rest_route=\/wp\/v2\/users\/1"}],"replies":[{"embeddable":true,"href":"https:\/\/www.fo-saint-etienne.fr\/fomunvse\/index.php?rest_route=%2Fwp%2Fv2%2Fcomments&post=1232"}],"version-history":[{"count":1,"href":"https:\/\/www.fo-saint-etienne.fr\/fomunvse\/index.php?rest_route=\/wp\/v2\/posts\/1232\/revisions"}],"predecessor-version":[{"id":1233,"href":"https:\/\/www.fo-saint-etienne.fr\/fomunvse\/index.php?rest_route=\/wp\/v2\/posts\/1232\/revisions\/1233"}],"wp:attachment":[{"href":"https:\/\/www.fo-saint-etienne.fr\/fomunvse\/index.php?rest_route=%2Fwp%2Fv2%2Fmedia&parent=1232"}],"wp:term":[{"taxonomy":"category","embeddable":true,"href":"https:\/\/www.fo-saint-etienne.fr\/fomunvse\/index.php?rest_route=%2Fwp%2Fv2%2Fcategories&post=1232"},{"taxonomy":"post_tag","embeddable":true,"href":"https:\/\/www.fo-saint-etienne.fr\/fomunvse\/index.php?rest_route=%2Fwp%2Fv2%2Ftags&post=1232"}],"curies":[{"name":"wp","href":"https:\/\/api.w.org\/{rel}","templated":true}]}}