{"id":1242,"date":"2020-10-25T12:50:36","date_gmt":"2020-10-25T11:50:36","guid":{"rendered":"http:\/\/www.fo-saint-etienne.fr\/fomunvse\/?p=1242"},"modified":"2021-06-27T08:49:13","modified_gmt":"2021-06-27T07:49:13","slug":"info-force-ouvriere-de-la-semaine-43","status":"publish","type":"post","link":"https:\/\/www.fo-saint-etienne.fr\/fomunvse\/?p=1242","title":{"rendered":"Info FORCE OUVRI\u00c8RE de la semaine 43"},"content":{"rendered":"<div class=\"gs\">\n<div class=\"\">\n<div id=\":19e\" class=\"ii gt\">\n<div id=\":19d\" class=\"a3s aiL \">\n<div>\n<p>Retrouvez les articles publi\u00e9s\u00a0la\u00a0<strong>semaine 43<\/strong> sur le site Internet <strong><a href=\"http:\/\/www.fo-territoriaux42.fr\/\" target=\"_blank\" rel=\"noopener noreferrer\" data-saferedirecturl=\"https:\/\/www.google.com\/url?q=http:\/\/www.fo-territoriaux42.fr\/&amp;source=gmail&amp;ust=1603711684093000&amp;usg=AFQjCNEpkp_uO4-FK2cwIFWE5B5LnUKXVA\">fo-territoriaux42.fr<\/a><\/strong>\u00a0<wbr \/>en cliquant sur le lien de l\u2019article :<\/p>\n<p><strong>&#8211;\u00a0<a href=\"http:\/\/www.fo-territoriaux42.fr\/2020\/10\/19\/peut-on-imposer-une-visite-medicale-a-un-agent\/\" target=\"_blank\" rel=\"noopener noreferrer\" data-saferedirecturl=\"https:\/\/www.google.com\/url?q=http:\/\/www.fo-territoriaux42.fr\/2020\/10\/19\/peut-on-imposer-une-visite-medicale-a-un-agent\/&amp;source=gmail&amp;ust=1603711684093000&amp;usg=AFQjCNEUfkcZRZp1d3aEBH3EUdCRAhXLiA\">FONCTION PUBLIQUE TERRITORIALE : PEUT-ON IMPOSER UNE VISITE M\u00c9DICALE \u00c0 UN AGENT ?<\/a><\/strong><\/p>\n<p><strong>&#8211;\u00a0<a href=\"http:\/\/www.fo-territoriaux42.fr\/2020\/10\/19\/fonction-publique-labrogation-du-jour-de-carence-est-legitime\/\" target=\"_blank\" rel=\"noopener noreferrer\" data-saferedirecturl=\"https:\/\/www.google.com\/url?q=http:\/\/www.fo-territoriaux42.fr\/2020\/10\/19\/fonction-publique-labrogation-du-jour-de-carence-est-legitime\/&amp;source=gmail&amp;ust=1603711684093000&amp;usg=AFQjCNGgLsgA-49QtJSiokocFY5jGnZo1A\">FONCTION PUBLIQUE : L\u2019ABROGATION DU JOUR DE CARENCE EST L\u00c9GITIME<\/a><\/strong><\/p>\n<p><strong>&#8211;\u00a0<a href=\"http:\/\/www.fo-territoriaux42.fr\/2020\/10\/19\/crise-sanitaire-renforcement-du-teletravail-dans-la-fpt-note-dinformation-dgcl-et-synthese-fo\/\" target=\"_blank\" rel=\"noopener noreferrer\" data-saferedirecturl=\"https:\/\/www.google.com\/url?q=http:\/\/www.fo-territoriaux42.fr\/2020\/10\/19\/crise-sanitaire-renforcement-du-teletravail-dans-la-fpt-note-dinformation-dgcl-et-synthese-fo\/&amp;source=gmail&amp;ust=1603711684093000&amp;usg=AFQjCNEd5-kG7f_ZLHlo3dMFIqG0Zi-atg\">CRISE SANITAIRE : RENFORCEMENT DU T\u00c9L\u00c9TRAVAIL DANS LA FPT \u2013 NOTE D\u2019INFORMATION DGCL ET SYNTH\u00c8SE FO<\/a><\/strong><\/p>\n<p><strong>&#8211;\u00a0<a href=\"http:\/\/www.fo-territoriaux42.fr\/2020\/10\/21\/compte-rendu-reunion-du-suivi-de-la-crise-sanitaire-avec-la-ministre-du-19-octobre-2020\/\" target=\"_blank\" rel=\"noopener noreferrer\" data-saferedirecturl=\"https:\/\/www.google.com\/url?q=http:\/\/www.fo-territoriaux42.fr\/2020\/10\/21\/compte-rendu-reunion-du-suivi-de-la-crise-sanitaire-avec-la-ministre-du-19-octobre-2020\/&amp;source=gmail&amp;ust=1603711684093000&amp;usg=AFQjCNHpoZvNQQCsahyW5VIZhZoNZCCjRQ\">COMPTE RENDU R\u00c9UNION DU SUIVI DE LA CRISE SANITAIRE AVEC LA MINISTRE DU 19 OCTOBRE 2020<\/a><\/strong><\/p>\n<p><strong>&#8211;\u00a0<a href=\"http:\/\/www.fo-territoriaux42.fr\/2020\/10\/21\/chomage-partiel-et-asa-retour-a-lapplication-des-11-pathologies\/\" target=\"_blank\" rel=\"noopener noreferrer\" data-saferedirecturl=\"https:\/\/www.google.com\/url?q=http:\/\/www.fo-territoriaux42.fr\/2020\/10\/21\/chomage-partiel-et-asa-retour-a-lapplication-des-11-pathologies\/&amp;source=gmail&amp;ust=1603711684094000&amp;usg=AFQjCNF5k-7Y6F_niIab8Z3jtDzI9rAR8A\">CHOMAGE PARTIEL ET ASA : RETOUR \u00c0 L\u2019APPLICATION DES 11 PATHOLOGIES<\/a><\/strong><\/p>\n<p><strong>&#8211;\u00a0<a href=\"http:\/\/www.fo-territoriaux42.fr\/2020\/10\/21\/edotorial-dyves-veyrier-du-21-octobre-2020-homage-a-samuel-paty\/\" target=\"_blank\" rel=\"noopener noreferrer\" data-saferedirecturl=\"https:\/\/www.google.com\/url?q=http:\/\/www.fo-territoriaux42.fr\/2020\/10\/21\/edotorial-dyves-veyrier-du-21-octobre-2020-homage-a-samuel-paty\/&amp;source=gmail&amp;ust=1603711684094000&amp;usg=AFQjCNH2cuJqsB0wuMpBII_ZPetLs2vZnw\">\u00c9DITORIAL D\u2019YVES VEYRIER DU 21 OCTOBRE 2020 : HOMMAGE \u00c0 SAMUEL PATY<\/a><\/strong><\/p>\n<p><strong>&#8211;\u00a0<a href=\"http:\/\/www.fo-territoriaux42.fr\/2020\/10\/22\/comite-sociaux-territoriaux-le-projet-de-decret-est-pret\/\" target=\"_blank\" rel=\"noopener noreferrer\" data-saferedirecturl=\"https:\/\/www.google.com\/url?q=http:\/\/www.fo-territoriaux42.fr\/2020\/10\/22\/comite-sociaux-territoriaux-le-projet-de-decret-est-pret\/&amp;source=gmail&amp;ust=1603711684094000&amp;usg=AFQjCNF6y3gBwYzs2j5aq7_Z8NlHaFUWig\">COMIT\u00c9S SOCIAUX TERRITORIAUX : LE PROJET DE D\u00c9CRET EST PR\u00caT<\/a><\/strong><\/p>\n<p><strong>&#8211;\u00a0<a href=\"http:\/\/www.fo-territoriaux42.fr\/2020\/10\/23\/compte-rendu-fo-du-conseil-dadministration-du-cnfpt-du-14-octobre-2020\/\" target=\"_blank\" rel=\"noopener noreferrer\" data-saferedirecturl=\"https:\/\/www.google.com\/url?q=http:\/\/www.fo-territoriaux42.fr\/2020\/10\/23\/compte-rendu-fo-du-conseil-dadministration-du-cnfpt-du-14-octobre-2020\/&amp;source=gmail&amp;ust=1603711684094000&amp;usg=AFQjCNHpBtD0Vg4d8E9yc7Dxb6HNFaGk8g\">COMPTE RENDU FO DU CONSEIL D\u2019ADMINISTRATION DU CNFPT DU 14 OCTOBRE 2020<\/a><\/strong><\/p>\n<p><strong>&#8211;\u00a0<a href=\"http:\/\/www.fo-territoriaux42.fr\/2020\/10\/23\/les-agents-publics-se-sentent-plus-souvent-mal-payes-que-les-salaries-du-prive\/\" target=\"_blank\" rel=\"noopener noreferrer\" data-saferedirecturl=\"https:\/\/www.google.com\/url?q=http:\/\/www.fo-territoriaux42.fr\/2020\/10\/23\/les-agents-publics-se-sentent-plus-souvent-mal-payes-que-les-salaries-du-prive\/&amp;source=gmail&amp;ust=1603711684094000&amp;usg=AFQjCNFro78HlA73PMxIRKvvefRGZqYjQw\">LES AGENTS PUBLICS SE SENTENT PLUS SOUVENT MAL PAY\u00c9S QUE LES SALARI\u00c9S DU PRIV\u00c9<\/a><\/strong><\/p>\n<p><strong>&#8211;\u00a0<a href=\"http:\/\/www.fo-territoriaux42.fr\/2020\/10\/23\/les-agents-et-salaries-des-secteurs-social-et-medico-social-doivent-beneficiers-des-avancees-du-segur-de-la-sante-greve-le-5-novembre-2020\/\" target=\"_blank\" rel=\"noopener noreferrer\" data-saferedirecturl=\"https:\/\/www.google.com\/url?q=http:\/\/www.fo-territoriaux42.fr\/2020\/10\/23\/les-agents-et-salaries-des-secteurs-social-et-medico-social-doivent-beneficiers-des-avancees-du-segur-de-la-sante-greve-le-5-novembre-2020\/&amp;source=gmail&amp;ust=1603711684094000&amp;usg=AFQjCNH8P_E8qnftMD76kdg0eJRuPoz1mg\">LES AGENTS ET SALARI\u00c9S DES SECTEURS SOCIAL ET M\u00c9DICO-SOCIAL DOIVENT B\u00c9N\u00c9FICIER DES AVANC\u00c9ES DU S\u00c9GUR DE LA SANT\u00c9 \u2013 GR\u00c8VE LE 5 NOVEMBRE 2020<\/a><\/strong><\/p>\n<p>&nbsp;<\/p>\n<div>\n<div class=\"adL\"><\/div>\n<\/div>\n<div class=\"adL\"><\/div>\n<\/div>\n<div class=\"adL\"><\/div>\n<\/div>\n<\/div>\n<div class=\"hi\"><\/div>\n<\/div>\n<\/div>\n","protected":false},"excerpt":{"rendered":"<p>Retrouvez les articles publi\u00e9s\u00a0la\u00a0semaine 43 sur le site Internet fo-territoriaux42.fr\u00a0en cliquant sur le lien de l\u2019article : &#8211;\u00a0FONCTION PUBLIQUE TERRITORIALE : PEUT-ON IMPOSER UNE VISITE [&#8230;]<\/p>\n","protected":false},"author":1,"featured_media":0,"comment_status":"closed","ping_status":"closed","sticky":false,"template":"","format":"standard","meta":{"jetpack_post_was_ever_published":false,"_jetpack_newsletter_access":"","_jetpack_dont_email_post_to_subs":false,"_jetpack_newsletter_tier_id":0,"_jetpack_memberships_contains_paywalled_content":false,"_jetpack_memberships_contains_paid_content":false,"footnotes":""},"categories":[17,1],"tags":[],"class_list":["post-1242","post","type-post","status-publish","format-standard","hentry","category-article","category-non-classe"],"jetpack_featured_media_url":"","jetpack_sharing_enabled":true,"jetpack_shortlink":"https:\/\/wp.me\/p9roQz-k2","jetpack_likes_enabled":false,"publishpress_future_action":{"enabled":false,"date":"2026-05-09 12:51:20","action":"change-status","newStatus":"draft","terms":[],"taxonomy":"category","extraData":[]},"publishpress_future_workflow_manual_trigger":{"enabledWorkflows":[]},"_links":{"self":[{"href":"https:\/\/www.fo-saint-etienne.fr\/fomunvse\/index.php?rest_route=\/wp\/v2\/posts\/1242","targetHints":{"allow":["GET"]}}],"collection":[{"href":"https:\/\/www.fo-saint-etienne.fr\/fomunvse\/index.php?rest_route=\/wp\/v2\/posts"}],"about":[{"href":"https:\/\/www.fo-saint-etienne.fr\/fomunvse\/index.php?rest_route=\/wp\/v2\/types\/post"}],"author":[{"embeddable":true,"href":"https:\/\/www.fo-saint-etienne.fr\/fomunvse\/index.php?rest_route=\/wp\/v2\/users\/1"}],"replies":[{"embeddable":true,"href":"https:\/\/www.fo-saint-etienne.fr\/fomunvse\/index.php?rest_route=%2Fwp%2Fv2%2Fcomments&post=1242"}],"version-history":[{"count":1,"href":"https:\/\/www.fo-saint-etienne.fr\/fomunvse\/index.php?rest_route=\/wp\/v2\/posts\/1242\/revisions"}],"predecessor-version":[{"id":1243,"href":"https:\/\/www.fo-saint-etienne.fr\/fomunvse\/index.php?rest_route=\/wp\/v2\/posts\/1242\/revisions\/1243"}],"wp:attachment":[{"href":"https:\/\/www.fo-saint-etienne.fr\/fomunvse\/index.php?rest_route=%2Fwp%2Fv2%2Fmedia&parent=1242"}],"wp:term":[{"taxonomy":"category","embeddable":true,"href":"https:\/\/www.fo-saint-etienne.fr\/fomunvse\/index.php?rest_route=%2Fwp%2Fv2%2Fcategories&post=1242"},{"taxonomy":"post_tag","embeddable":true,"href":"https:\/\/www.fo-saint-etienne.fr\/fomunvse\/index.php?rest_route=%2Fwp%2Fv2%2Ftags&post=1242"}],"curies":[{"name":"wp","href":"https:\/\/api.w.org\/{rel}","templated":true}]}}