{"id":1245,"date":"2020-11-01T17:56:01","date_gmt":"2020-11-01T16:56:01","guid":{"rendered":"http:\/\/www.fo-saint-etienne.fr\/fomunvse\/?p=1245"},"modified":"2021-06-27T08:49:13","modified_gmt":"2021-06-27T07:49:13","slug":"info-force-ouvriere-de-la-semaine-44","status":"publish","type":"post","link":"https:\/\/www.fo-saint-etienne.fr\/fomunvse\/?p=1245","title":{"rendered":"Info FORCE OUVRI\u00c8RE de la semaine 44"},"content":{"rendered":"<div class=\"gs\">\n<div class=\"\">\n<div id=\":2lv\" class=\"ii gt\">\n<div id=\":2lw\" class=\"a3s aiL \">\n<div>\n<p>Retrouvez les articles publi\u00e9s\u00a0la\u00a0<strong>semaine 44<\/strong>\u00a0sur votre site Internet\u00a0<strong><a href=\"http:\/\/www.fo-territoriaux42.fr\/\" target=\"_blank\" rel=\"noopener noreferrer\" data-saferedirecturl=\"https:\/\/www.google.com\/url?q=http:\/\/www.fo-territoriaux42.fr\/&amp;source=gmail&amp;ust=1604595289997000&amp;usg=AFQjCNHmGUyI1_W3ZV1kSTPed1SvIGADJw\">fo-territoriaux42.fr<\/a><\/strong>\u00a0<wbr \/>en cliquant sur le lien de l\u2019article :<\/p>\n<p><strong>&#8211;\u00a0<a href=\"http:\/\/www.fo-territoriaux42.fr\/2020\/10\/25\/prise-en-charge-des-frais-de-repas-dans-le-cadre-de-letat-durgence-sanitaire-dispositif-reactive\/\" target=\"_blank\" rel=\"noopener noreferrer\" data-saferedirecturl=\"https:\/\/www.google.com\/url?q=http:\/\/www.fo-territoriaux42.fr\/2020\/10\/25\/prise-en-charge-des-frais-de-repas-dans-le-cadre-de-letat-durgence-sanitaire-dispositif-reactive\/&amp;source=gmail&amp;ust=1604595289997000&amp;usg=AFQjCNGvOIG7FimFv0QhKUJpxBJlOYp56A\">PRISE EN CHARGE DES FRAIS DE REPAS DANS LE CADRE DE L\u2019\u00c9TAT D\u2019URGENCE SANITAIRE : DISPOSITIF R\u00c9ACTIV\u00c9<\/a><\/strong><\/p>\n<p><strong>&#8211;\u00a0<a href=\"http:\/\/www.fo-territoriaux42.fr\/2020\/10\/26\/covid-19-mise-a-jour-au-22-octobre-2020-de-la-faq-a-lattention-des-employeurs-et-des-agents-publics\/\" target=\"_blank\" rel=\"noopener noreferrer\" data-saferedirecturl=\"https:\/\/www.google.com\/url?q=http:\/\/www.fo-territoriaux42.fr\/2020\/10\/26\/covid-19-mise-a-jour-au-22-octobre-2020-de-la-faq-a-lattention-des-employeurs-et-des-agents-publics\/&amp;source=gmail&amp;ust=1604595289997000&amp;usg=AFQjCNFr8NPZvouBLKyBv0p1WXmxGkbiOw\">COVID-19 : MISE \u00c0 JOUR AU 22 OCTOBRE 2020 DE LA FAQ \u00c0 L\u2019ATTENTION DES EMPLOYEURS ET DES AGENTS PUBLICS<\/a><\/strong><\/p>\n<p><strong>&#8211;\u00a0<a href=\"http:\/\/www.fo-territoriaux42.fr\/2020\/10\/27\/publication-dun-guide-daccompagnement-a-lelaboration-des-lignes-directrices-de-gestion\/\" target=\"_blank\" rel=\"noopener noreferrer\" data-saferedirecturl=\"https:\/\/www.google.com\/url?q=http:\/\/www.fo-territoriaux42.fr\/2020\/10\/27\/publication-dun-guide-daccompagnement-a-lelaboration-des-lignes-directrices-de-gestion\/&amp;source=gmail&amp;ust=1604595289997000&amp;usg=AFQjCNEPsrFgGIWoyau6NgAd65vox0B6kg\">PUBLICATION D\u2019UN GUIDE D\u2019ACCOMPAGNEMENT \u00c0 L\u2019\u00c9LABORATION DES LIGNES DIRECTRICES DE GESTION<\/a><\/strong><\/p>\n<p><strong>&#8211;\u00a0<a href=\"http:\/\/www.fo-territoriaux42.fr\/2020\/10\/28\/agents-contractuels-mise-en-oeuvre-de-lindemnite-de-fin-de-contrat\/\" target=\"_blank\" rel=\"noopener noreferrer\" data-saferedirecturl=\"https:\/\/www.google.com\/url?q=http:\/\/www.fo-territoriaux42.fr\/2020\/10\/28\/agents-contractuels-mise-en-oeuvre-de-lindemnite-de-fin-de-contrat\/&amp;source=gmail&amp;ust=1604595289997000&amp;usg=AFQjCNEPAZuMF8OKCaI8dzSiejOUKF3P2Q\">AGENTS CONTRACTUELS : MISE EN \u0152UVRE DE L\u2019INDEMNIT\u00c9 DE FIN DE CONTRAT<\/a><\/strong><\/p>\n<p><strong>&#8211;\u00a0<a href=\"http:\/\/www.fo-territoriaux42.fr\/2020\/10\/28\/gipa-2020-2021-le-decret-et-larrete-publies-au-journal-officiel\/\" target=\"_blank\" rel=\"noopener noreferrer\" data-saferedirecturl=\"https:\/\/www.google.com\/url?q=http:\/\/www.fo-territoriaux42.fr\/2020\/10\/28\/gipa-2020-2021-le-decret-et-larrete-publies-au-journal-officiel\/&amp;source=gmail&amp;ust=1604595289997000&amp;usg=AFQjCNEq-89J6ZdL9faiauD9-kf7SqTLpg\">GIPA 2020-2021 : LE D\u00c9CRET ET L\u2019ARR\u00caT\u00c9 PUBLI\u00c9S AU JOURNAL OFFICIEL<\/a><\/strong><\/p>\n<p><strong>&#8211;\u00a0<a href=\"http:\/\/www.fo-territoriaux42.fr\/2020\/10\/28\/la-fonction-publique-face-a-la-perspective-dune-deuxieme-vague-de-teletravail-contraint\/\" target=\"_blank\" rel=\"noopener noreferrer\" data-saferedirecturl=\"https:\/\/www.google.com\/url?q=http:\/\/www.fo-territoriaux42.fr\/2020\/10\/28\/la-fonction-publique-face-a-la-perspective-dune-deuxieme-vague-de-teletravail-contraint\/&amp;source=gmail&amp;ust=1604595289997000&amp;usg=AFQjCNGQwXkVgWs4DiFZYOp21GVzM5HWQQ\">LA FONCTION PUBLIQUE FACE \u00c0 LA PERSPECTIVE D\u2019UNE \u00ab\u00a0DEUXI\u00c8ME VAGUE\u00a0\u00bb DE T\u00c9L\u00c9TRAVAIL CONTRAINT<\/a><\/strong><\/p>\n<p><strong>&#8211;\u00a0<a href=\"http:\/\/www.fo-territoriaux42.fr\/2020\/10\/30\/reconfinement-lexecutif-appelle-au-teletravail-5-jours-sur-5-si-possible-dans-les-administrations\/\" target=\"_blank\" rel=\"noopener noreferrer\" data-saferedirecturl=\"https:\/\/www.google.com\/url?q=http:\/\/www.fo-territoriaux42.fr\/2020\/10\/30\/reconfinement-lexecutif-appelle-au-teletravail-5-jours-sur-5-si-possible-dans-les-administrations\/&amp;source=gmail&amp;ust=1604595289998000&amp;usg=AFQjCNErYk4PdEvTsn9MBLYpHMRuT5Xo4g\">RECONFINEMENT : L\u2019EX\u00c9CUTIF APPELLE AU T\u00c9L\u00c9TRAVAIL 5 JOURS SUR 5, SI POSSIBLE, DANS LES ADMINISTRATIONS<\/a><\/strong><\/p>\n<p><strong>&#8211;\u00a0<a href=\"http:\/\/www.fo-territoriaux42.fr\/2020\/10\/30\/communique-de-presse-fo-attentat-de-nice\/\" target=\"_blank\" rel=\"noopener noreferrer\" data-saferedirecturl=\"https:\/\/www.google.com\/url?q=http:\/\/www.fo-territoriaux42.fr\/2020\/10\/30\/communique-de-presse-fo-attentat-de-nice\/&amp;source=gmail&amp;ust=1604595289998000&amp;usg=AFQjCNEAOuENeh-vUMaxUQtWHMF2VVzHuQ\">COMMUNIQU\u00c9 DE PRESSE FO : ATTENTAT DE NICE<\/a><\/strong><\/p>\n<p><strong>&#8211;\u00a0<a href=\"http:\/\/www.fo-territoriaux42.fr\/2020\/10\/30\/tous-mobilises-le-5-novembre-2020-pour-defendre-les-revendications\/\" target=\"_blank\" rel=\"noopener noreferrer\" data-saferedirecturl=\"https:\/\/www.google.com\/url?q=http:\/\/www.fo-territoriaux42.fr\/2020\/10\/30\/tous-mobilises-le-5-novembre-2020-pour-defendre-les-revendications\/&amp;source=gmail&amp;ust=1604595289998000&amp;usg=AFQjCNGNwGpxqkpDjaWkz2SRBK0Qb2P5QQ\">TOUS MOBILIS\u00c9S LE 5 NOVEMBRE 2020 POUR D\u00c9FENDRE LES REVENDICATIONS<\/a><\/strong><\/p>\n<p><strong>&#8211;\u00a0<a href=\"http:\/\/www.fo-territoriaux42.fr\/2020\/10\/30\/covid-19-et-reconfinement-circulaire-confederale-fo-du-29-octobre-2020\/\" target=\"_blank\" rel=\"noopener noreferrer\" data-saferedirecturl=\"https:\/\/www.google.com\/url?q=http:\/\/www.fo-territoriaux42.fr\/2020\/10\/30\/covid-19-et-reconfinement-circulaire-confederale-fo-du-29-octobre-2020\/&amp;source=gmail&amp;ust=1604595289998000&amp;usg=AFQjCNFsQmGl2Msq7flFtK6imqo1eopLkA\">COVID-19 ET RECONFINEMENT : CIRCULAIRE CONF\u00c9D\u00c9RALE FO DU 29 OCTOBRE 2020<\/a><\/strong><\/p>\n<p><strong>&#8211;\u00a0<a href=\"http:\/\/www.fo-territoriaux42.fr\/2020\/10\/30\/les-directives-gouvernementales-pour-la-fonction-publique-reconfinee\/\" target=\"_blank\" rel=\"noopener noreferrer\" data-saferedirecturl=\"https:\/\/www.google.com\/url?q=http:\/\/www.fo-territoriaux42.fr\/2020\/10\/30\/les-directives-gouvernementales-pour-la-fonction-publique-reconfinee\/&amp;source=gmail&amp;ust=1604595289998000&amp;usg=AFQjCNEmBsePVjJUdijtRMi0Mcx-ue6g7w\">LES DIRECTIVES GOUVERNEMENTALES POUR LA FONCTION PUBLIQUE RECONFIN\u00c9E<\/a><\/strong><\/p>\n<p><strong>&#8211;\u00a0<a href=\"http:\/\/www.fo-territoriaux42.fr\/2020\/10\/30\/la-mobilisation-du-5-novembre-2020-est-maintenue\/\" target=\"_blank\" rel=\"noopener noreferrer\" data-saferedirecturl=\"https:\/\/www.google.com\/url?q=http:\/\/www.fo-territoriaux42.fr\/2020\/10\/30\/la-mobilisation-du-5-novembre-2020-est-maintenue\/&amp;source=gmail&amp;ust=1604595289998000&amp;usg=AFQjCNEEPsu8Dn2WaMX8_jnTyulsRlLq3Q\">LA MOBILISATION DU 5 NOVEMBRE 2020 EST MAINTENUE !<\/a><\/strong><\/p>\n<\/div>\n<div class=\"adL\"><\/div>\n<\/div>\n<\/div>\n<div class=\"hi\"><\/div>\n<\/div>\n<\/div>\n","protected":false},"excerpt":{"rendered":"<p>Retrouvez les articles publi\u00e9s\u00a0la\u00a0semaine 44\u00a0sur votre site Internet\u00a0fo-territoriaux42.fr\u00a0en cliquant sur le lien de l\u2019article : &#8211;\u00a0PRISE EN CHARGE DES FRAIS DE REPAS DANS LE CADRE [&#8230;]<\/p>\n","protected":false},"author":1,"featured_media":0,"comment_status":"closed","ping_status":"closed","sticky":false,"template":"","format":"standard","meta":{"jetpack_post_was_ever_published":false,"_jetpack_newsletter_access":"","_jetpack_dont_email_post_to_subs":false,"_jetpack_newsletter_tier_id":0,"_jetpack_memberships_contains_paywalled_content":false,"_jetpack_memberships_contains_paid_content":false,"footnotes":""},"categories":[17],"tags":[],"class_list":["post-1245","post","type-post","status-publish","format-standard","hentry","category-article"],"jetpack_featured_media_url":"","jetpack_sharing_enabled":true,"jetpack_shortlink":"https:\/\/wp.me\/p9roQz-k5","jetpack_likes_enabled":false,"publishpress_future_action":{"enabled":false,"date":"2026-05-09 13:02:44","action":"change-status","newStatus":"draft","terms":[],"taxonomy":"category","extraData":[]},"publishpress_future_workflow_manual_trigger":{"enabledWorkflows":[]},"_links":{"self":[{"href":"https:\/\/www.fo-saint-etienne.fr\/fomunvse\/index.php?rest_route=\/wp\/v2\/posts\/1245","targetHints":{"allow":["GET"]}}],"collection":[{"href":"https:\/\/www.fo-saint-etienne.fr\/fomunvse\/index.php?rest_route=\/wp\/v2\/posts"}],"about":[{"href":"https:\/\/www.fo-saint-etienne.fr\/fomunvse\/index.php?rest_route=\/wp\/v2\/types\/post"}],"author":[{"embeddable":true,"href":"https:\/\/www.fo-saint-etienne.fr\/fomunvse\/index.php?rest_route=\/wp\/v2\/users\/1"}],"replies":[{"embeddable":true,"href":"https:\/\/www.fo-saint-etienne.fr\/fomunvse\/index.php?rest_route=%2Fwp%2Fv2%2Fcomments&post=1245"}],"version-history":[{"count":1,"href":"https:\/\/www.fo-saint-etienne.fr\/fomunvse\/index.php?rest_route=\/wp\/v2\/posts\/1245\/revisions"}],"predecessor-version":[{"id":1246,"href":"https:\/\/www.fo-saint-etienne.fr\/fomunvse\/index.php?rest_route=\/wp\/v2\/posts\/1245\/revisions\/1246"}],"wp:attachment":[{"href":"https:\/\/www.fo-saint-etienne.fr\/fomunvse\/index.php?rest_route=%2Fwp%2Fv2%2Fmedia&parent=1245"}],"wp:term":[{"taxonomy":"category","embeddable":true,"href":"https:\/\/www.fo-saint-etienne.fr\/fomunvse\/index.php?rest_route=%2Fwp%2Fv2%2Fcategories&post=1245"},{"taxonomy":"post_tag","embeddable":true,"href":"https:\/\/www.fo-saint-etienne.fr\/fomunvse\/index.php?rest_route=%2Fwp%2Fv2%2Ftags&post=1245"}],"curies":[{"name":"wp","href":"https:\/\/api.w.org\/{rel}","templated":true}]}}