{"id":1249,"date":"2020-11-08T09:51:51","date_gmt":"2020-11-08T08:51:51","guid":{"rendered":"http:\/\/www.fo-saint-etienne.fr\/fomunvse\/?p=1249"},"modified":"2021-06-27T08:49:13","modified_gmt":"2021-06-27T07:49:13","slug":"info-force-ouvriere-de-la-semaine-45","status":"publish","type":"post","link":"https:\/\/www.fo-saint-etienne.fr\/fomunvse\/?p=1249","title":{"rendered":"Info FORCE OUVRI\u00c8RE de la semaine 45"},"content":{"rendered":"<p>Retrouvez les articles publi\u00e9s\u00a0la\u00a0<strong>semaine 45<\/strong>\u00a0sur votre site Internet\u00a0<strong><a href=\"http:\/\/www.fo-territoriaux42.fr\/\" target=\"_blank\" rel=\"noopener noreferrer\" data-saferedirecturl=\"https:\/\/www.google.com\/url?q=http:\/\/www.fo-territoriaux42.fr\/&amp;source=gmail&amp;ust=1605084489689000&amp;usg=AFQjCNGLT5gKic_1NftggBGnZ4h_6ieFqg\">fo-territoriaux42.fr<\/a><\/strong>\u00a0<wbr \/>en cliquant sur le lien de l\u2019article :<\/p>\n<p><strong>&#8211;\u00a0<a href=\"http:\/\/www.fo-territoriaux42.fr\/2020\/11\/02\/annulation-de-la-reunion-du-2-novembre-integration-secteur-medico-social-et-social-aux-dispositifs-du-segur\/\" target=\"_blank\" rel=\"noopener noreferrer\" data-saferedirecturl=\"https:\/\/www.google.com\/url?q=http:\/\/www.fo-territoriaux42.fr\/2020\/11\/02\/annulation-de-la-reunion-du-2-novembre-integration-secteur-medico-social-et-social-aux-dispositifs-du-segur\/&amp;source=gmail&amp;ust=1605084489689000&amp;usg=AFQjCNFO0wqXosRnY_0NgYomYb3_jZg7iQ\">ANNULATION DE LA R\u00c9UNION DU 2 NOVEMBRE \u2013 INT\u00c9GRATION SECTEUR M\u00c9DICO-SOCIAL ET SOCIAL AUX DISPOSITIFS DU S\u00c9GUR<\/a><\/strong><\/p>\n<p><strong>&#8211;\u00a0<a href=\"http:\/\/www.fo-territoriaux42.fr\/2020\/11\/02\/communique-de-presse-de-lufr-fo-fonction-publique-un-confinement-inegalitaire\/\" target=\"_blank\" rel=\"noopener noreferrer\" data-saferedirecturl=\"https:\/\/www.google.com\/url?q=http:\/\/www.fo-territoriaux42.fr\/2020\/11\/02\/communique-de-presse-de-lufr-fo-fonction-publique-un-confinement-inegalitaire\/&amp;source=gmail&amp;ust=1605084489689000&amp;usg=AFQjCNEmIdLO8XakRoT3gMMgcsDVSg3FYg\">COMMUNIQU\u00c9 DE PRESSE DE L\u2019UFR FO FONCTION PUBLIQUE : UN CONFINEMENT IN\u00c9GALITAIRE !<\/a><\/strong><\/p>\n<p><strong>&#8211;\u00a0<a href=\"http:\/\/www.fo-territoriaux42.fr\/2020\/11\/02\/teletravail-asa-les-nouvelles-regles-a-respecter-dans-la-fonction-publique\/\" target=\"_blank\" rel=\"noopener noreferrer\" data-saferedirecturl=\"https:\/\/www.google.com\/url?q=http:\/\/www.fo-territoriaux42.fr\/2020\/11\/02\/teletravail-asa-les-nouvelles-regles-a-respecter-dans-la-fonction-publique\/&amp;source=gmail&amp;ust=1605084489689000&amp;usg=AFQjCNG6y862-k-xS0-yKpNcoq5db80i4A\">T\u00c9L\u00c9TRAVAIL, ASA : LES NOUVELLES R\u00c8GLES \u00c0 RESPECTER DANS LA FONCTION PUBLIQUE<\/a><\/strong><\/p>\n<p><strong>&#8211;\u00a0<a href=\"http:\/\/www.fo-territoriaux42.fr\/2020\/11\/02\/teletravail-5-jours-sur-5-est-ce-bien-realiste-au-regard-des-exigences-de-continuite-dactivite-et-daccueil-du-public\/\" target=\"_blank\" rel=\"noopener noreferrer\" data-saferedirecturl=\"https:\/\/www.google.com\/url?q=http:\/\/www.fo-territoriaux42.fr\/2020\/11\/02\/teletravail-5-jours-sur-5-est-ce-bien-realiste-au-regard-des-exigences-de-continuite-dactivite-et-daccueil-du-public\/&amp;source=gmail&amp;ust=1605084489689000&amp;usg=AFQjCNH4MXyGDk2el2eVcl7KKGdbpddPIw\">T\u00c9L\u00c9TRAVAIL 5 JOURS SUR 5 : EST-CE BIEN R\u00c9ALISTE AU REGARD DES EXIGENCES DE CONTINUIT\u00c9 D\u2019ACTIVIT\u00c9 ET D\u2019ACCUEIL DU PUBLIC ?<\/a><\/strong><\/p>\n<p><strong>&#8211;\u00a0<a href=\"http:\/\/www.fo-territoriaux42.fr\/2020\/11\/03\/protection-fonctionnellle-des-personnels-de-la-fonction-publique\/\" target=\"_blank\" rel=\"noopener noreferrer\" data-saferedirecturl=\"https:\/\/www.google.com\/url?q=http:\/\/www.fo-territoriaux42.fr\/2020\/11\/03\/protection-fonctionnellle-des-personnels-de-la-fonction-publique\/&amp;source=gmail&amp;ust=1605084489689000&amp;usg=AFQjCNEXxypwjU9puznAAnMy1iZZsvXKkA\">PROTECTION FONCTIONNELLLE DES PERSONNELS DE LA FONCTION PUBLIQUE<\/a><\/strong><\/p>\n<p><strong>&#8211;\u00a0<a href=\"http:\/\/www.fo-territoriaux42.fr\/2020\/11\/03\/un-arrete-avance-au-1er-decembre-la-revalorisation-des-personnels-des-hopitaux-et-des-ehpad\/\" target=\"_blank\" rel=\"noopener noreferrer\" data-saferedirecturl=\"https:\/\/www.google.com\/url?q=http:\/\/www.fo-territoriaux42.fr\/2020\/11\/03\/un-arrete-avance-au-1er-decembre-la-revalorisation-des-personnels-des-hopitaux-et-des-ehpad\/&amp;source=gmail&amp;ust=1605084489689000&amp;usg=AFQjCNH8cGvdusYoC3jYsNmU469KNs2U_g\">UN ARR\u00caT\u00c9 AVANCE AU 1ER D\u00c9CEMBRE LA REVALORISATION DES PERSONNELS DES H\u00d4PITAUX ET DES EHPAD<\/a><\/strong><\/p>\n<p><strong>&#8211;\u00a0<a href=\"http:\/\/www.fo-territoriaux42.fr\/2020\/11\/03\/semaine-1-du-reconfinement-reaction-de-fo\/\" target=\"_blank\" rel=\"noopener noreferrer\" data-saferedirecturl=\"https:\/\/www.google.com\/url?q=http:\/\/www.fo-territoriaux42.fr\/2020\/11\/03\/semaine-1-du-reconfinement-reaction-de-fo\/&amp;source=gmail&amp;ust=1605084489689000&amp;usg=AFQjCNHX-M5apC6q9PPZ1Zn4UQDl7zPmjw\">SEMAINE 1 DU RECONFINEMENT : R\u00c9ACTION DE FO<\/a><\/strong><\/p>\n<p><strong>&#8211;\u00a0<a href=\"http:\/\/www.fo-territoriaux42.fr\/2020\/11\/04\/secretaire-de-mairie-le-cadre-statutaire-existant-ne-sera-pas-modifie\/\" target=\"_blank\" rel=\"noopener noreferrer\" data-saferedirecturl=\"https:\/\/www.google.com\/url?q=http:\/\/www.fo-territoriaux42.fr\/2020\/11\/04\/secretaire-de-mairie-le-cadre-statutaire-existant-ne-sera-pas-modifie\/&amp;source=gmail&amp;ust=1605084489689000&amp;usg=AFQjCNE8A_CW1_tcMGwWB32ycM8hEVM0ZQ\">SECR\u00c9TAIRE DE MAIRIE : LE CADRE STATUTAIRE EXISTANT NE SERA PAS MODIFI\u00c9<\/a><\/strong><\/p>\n<p><strong>&#8211;\u00a0<a href=\"http:\/\/www.fo-territoriaux42.fr\/2020\/11\/04\/le-5-novembre-2020-se-mobiliser-pour-les-oublies-du-segur\/\" target=\"_blank\" rel=\"noopener noreferrer\" data-saferedirecturl=\"https:\/\/www.google.com\/url?q=http:\/\/www.fo-territoriaux42.fr\/2020\/11\/04\/le-5-novembre-2020-se-mobiliser-pour-les-oublies-du-segur\/&amp;source=gmail&amp;ust=1605084489689000&amp;usg=AFQjCNE_sWjxBdnMzpOD5Zyo9XoddsNGTA\">LE 5 NOVEMBRE 2020 : SE MOBILISER POUR LES OUBLI\u00c9S DU S\u00c9GUR !<\/a><\/strong><\/p>\n<p><strong>&#8211;\u00a0<a href=\"http:\/\/www.fo-territoriaux42.fr\/2020\/11\/04\/covid-19-mise-a-jour-au-2-novembre-2020-de-la-faq-a-lattention-des-employeurs-et-des-agents-publics\/\" target=\"_blank\" rel=\"noopener noreferrer\" data-saferedirecturl=\"https:\/\/www.google.com\/url?q=http:\/\/www.fo-territoriaux42.fr\/2020\/11\/04\/covid-19-mise-a-jour-au-2-novembre-2020-de-la-faq-a-lattention-des-employeurs-et-des-agents-publics\/&amp;source=gmail&amp;ust=1605084489689000&amp;usg=AFQjCNGctqIflASqZ_wPrQGvE5RgpBYFXA\">COVID-19 : MISE \u00c0 JOUR AU 2 NOVEMBRE 2020 DE LA FAQ \u00c0 L\u2019ATTENTION DES EMPLOYEURS ET DES AGENTS PUBLICS<\/a><\/strong><\/p>\n<p><strong>&#8211;\u00a0<a href=\"http:\/\/www.fo-territoriaux42.fr\/2020\/11\/04\/covid-autorisations-speciales-dabsence-et-teletravail\/\" target=\"_blank\" rel=\"noopener noreferrer\" data-saferedirecturl=\"https:\/\/www.google.com\/url?q=http:\/\/www.fo-territoriaux42.fr\/2020\/11\/04\/covid-autorisations-speciales-dabsence-et-teletravail\/&amp;source=gmail&amp;ust=1605084489689000&amp;usg=AFQjCNHTjgw_5B6v212eWeGWcGOfdLbmaw\">COVID : AUTORISATIONS SP\u00c9CIALES D\u2019ABSENCE ET T\u00c9L\u00c9TRAVAIL<\/a><\/strong><\/p>\n<p><strong>&#8211;\u00a0<a href=\"http:\/\/www.fo-territoriaux42.fr\/2020\/11\/05\/covid-19-et-maladie-professionnelle-fo-fonction-publique-attaque-le-decret-gouvernemental\/\" target=\"_blank\" rel=\"noopener noreferrer\" data-saferedirecturl=\"https:\/\/www.google.com\/url?q=http:\/\/www.fo-territoriaux42.fr\/2020\/11\/05\/covid-19-et-maladie-professionnelle-fo-fonction-publique-attaque-le-decret-gouvernemental\/&amp;source=gmail&amp;ust=1605084489689000&amp;usg=AFQjCNHWseGj2H0Gjk8wEbChhhnV4v3oFg\">COVID-19 ET MALADIE PROFESSIONNELLE FO FONCTION PUBLIQUE ATTAQUE LE D\u00c9CRET GOUVERNEMENTAL<\/a><\/strong><\/p>\n<p><strong>&#8211;\u00a0<a href=\"http:\/\/www.fo-territoriaux42.fr\/2020\/11\/06\/communique-interfederal-fo-5-novembre-2020-une-mobilisation-reussie-les-avances-du-segur-pour-tous\/\" target=\"_blank\" rel=\"noopener noreferrer\" data-saferedirecturl=\"https:\/\/www.google.com\/url?q=http:\/\/www.fo-territoriaux42.fr\/2020\/11\/06\/communique-interfederal-fo-5-novembre-2020-une-mobilisation-reussie-les-avances-du-segur-pour-tous\/&amp;source=gmail&amp;ust=1605084489689000&amp;usg=AFQjCNGYNIjmPl4yIJWkwmESTDZAxuG4Cg\">COMMUNIQU\u00c9 INTERF\u00c9D\u00c9RAL FO 5 NOVEMBRE 2020 \u2013 UNE MOBILISATION R\u00c9USSIE LES AVANCES DU S\u00c9GUR POUR TOUS !<\/a><\/strong><\/p>\n<p><strong>&#8211;\u00a0<a href=\"http:\/\/www.fo-territoriaux42.fr\/2020\/11\/06\/le-gouvernement-nenvisage-pas-de-reimposer-des-jours-de-conge-aux-agents-publics\/\" target=\"_blank\" rel=\"noopener noreferrer\" data-saferedirecturl=\"https:\/\/www.google.com\/url?q=http:\/\/www.fo-territoriaux42.fr\/2020\/11\/06\/le-gouvernement-nenvisage-pas-de-reimposer-des-jours-de-conge-aux-agents-publics\/&amp;source=gmail&amp;ust=1605084489689000&amp;usg=AFQjCNF3f5mzCEjegqLqpeLuGw3d0tN00w\">LE GOUVERNEMENT N\u2019ENVISAGE PAS DE R\u00c9IMPOSER DES JOURS DE CONG\u00c9 AUX AGENTS PUBLICS<\/a><\/strong><\/p>\n<p><strong>&#8211;\u00a0<a href=\"http:\/\/www.fo-territoriaux42.fr\/2020\/11\/06\/fo-demande-la-suspension-des-reformes-en-cours-dans-la-fonction-publique\/\" target=\"_blank\" rel=\"noopener noreferrer\" data-saferedirecturl=\"https:\/\/www.google.com\/url?q=http:\/\/www.fo-territoriaux42.fr\/2020\/11\/06\/fo-demande-la-suspension-des-reformes-en-cours-dans-la-fonction-publique\/&amp;source=gmail&amp;ust=1605084489689000&amp;usg=AFQjCNFUOFo1vMxz4hnTA43vJM1XbSyr0w\">FO DEMANDE LA SUSPENSION DES R\u00c9FORMES EN COURS DANS LA FONCTION PUBLIQUE<\/a><\/strong><\/p>\n","protected":false},"excerpt":{"rendered":"<p>Retrouvez les articles publi\u00e9s\u00a0la\u00a0semaine 45\u00a0sur votre site Internet\u00a0fo-territoriaux42.fr\u00a0en cliquant sur le lien de l\u2019article : &#8211;\u00a0ANNULATION DE LA R\u00c9UNION DU 2 NOVEMBRE \u2013 INT\u00c9GRATION SECTEUR [&#8230;]<\/p>\n","protected":false},"author":1,"featured_media":0,"comment_status":"closed","ping_status":"closed","sticky":false,"template":"","format":"standard","meta":{"jetpack_post_was_ever_published":false,"_jetpack_newsletter_access":"","_jetpack_dont_email_post_to_subs":false,"_jetpack_newsletter_tier_id":0,"_jetpack_memberships_contains_paywalled_content":false,"_jetpack_memberships_contains_paid_content":false,"footnotes":""},"categories":[17],"tags":[],"class_list":["post-1249","post","type-post","status-publish","format-standard","hentry","category-article"],"jetpack_featured_media_url":"","jetpack_sharing_enabled":true,"jetpack_shortlink":"https:\/\/wp.me\/p9roQz-k9","jetpack_likes_enabled":false,"publishpress_future_action":{"enabled":false,"date":"2026-05-09 13:04:58","action":"change-status","newStatus":"draft","terms":[],"taxonomy":"category","extraData":[]},"publishpress_future_workflow_manual_trigger":{"enabledWorkflows":[]},"_links":{"self":[{"href":"https:\/\/www.fo-saint-etienne.fr\/fomunvse\/index.php?rest_route=\/wp\/v2\/posts\/1249","targetHints":{"allow":["GET"]}}],"collection":[{"href":"https:\/\/www.fo-saint-etienne.fr\/fomunvse\/index.php?rest_route=\/wp\/v2\/posts"}],"about":[{"href":"https:\/\/www.fo-saint-etienne.fr\/fomunvse\/index.php?rest_route=\/wp\/v2\/types\/post"}],"author":[{"embeddable":true,"href":"https:\/\/www.fo-saint-etienne.fr\/fomunvse\/index.php?rest_route=\/wp\/v2\/users\/1"}],"replies":[{"embeddable":true,"href":"https:\/\/www.fo-saint-etienne.fr\/fomunvse\/index.php?rest_route=%2Fwp%2Fv2%2Fcomments&post=1249"}],"version-history":[{"count":1,"href":"https:\/\/www.fo-saint-etienne.fr\/fomunvse\/index.php?rest_route=\/wp\/v2\/posts\/1249\/revisions"}],"predecessor-version":[{"id":1250,"href":"https:\/\/www.fo-saint-etienne.fr\/fomunvse\/index.php?rest_route=\/wp\/v2\/posts\/1249\/revisions\/1250"}],"wp:attachment":[{"href":"https:\/\/www.fo-saint-etienne.fr\/fomunvse\/index.php?rest_route=%2Fwp%2Fv2%2Fmedia&parent=1249"}],"wp:term":[{"taxonomy":"category","embeddable":true,"href":"https:\/\/www.fo-saint-etienne.fr\/fomunvse\/index.php?rest_route=%2Fwp%2Fv2%2Fcategories&post=1249"},{"taxonomy":"post_tag","embeddable":true,"href":"https:\/\/www.fo-saint-etienne.fr\/fomunvse\/index.php?rest_route=%2Fwp%2Fv2%2Ftags&post=1249"}],"curies":[{"name":"wp","href":"https:\/\/api.w.org\/{rel}","templated":true}]}}