{"id":1252,"date":"2020-11-15T14:01:04","date_gmt":"2020-11-15T13:01:04","guid":{"rendered":"http:\/\/www.fo-saint-etienne.fr\/fomunvse\/?p=1252"},"modified":"2021-06-27T08:49:12","modified_gmt":"2021-06-27T07:49:12","slug":"info-force-ouvriere-de-la-semaine-46","status":"publish","type":"post","link":"https:\/\/www.fo-saint-etienne.fr\/fomunvse\/?p=1252","title":{"rendered":"Info FORCE OUVRI\u00c8RE de la semaine 46"},"content":{"rendered":"<p>Retrouvez les articles publi\u00e9s\u00a0la\u00a0<strong>semaine 46<\/strong>\u00a0sur votre site Internet\u00a0<strong><a href=\"http:\/\/www.fo-territoriaux42.fr\/\" target=\"_blank\" rel=\"noopener noreferrer\" data-saferedirecturl=\"https:\/\/www.google.com\/url?q=http:\/\/www.fo-territoriaux42.fr\/&amp;source=gmail&amp;ust=1605530700333000&amp;usg=AFQjCNH1d4FVs7JfbKf6gCMlbyZbc7lz_A\">fo-territoriaux42.fr<\/a><\/strong>\u00a0<wbr \/>en cliquant sur le lien de l\u2019article :<\/p>\n<p><strong>&#8211;\u00a0<a href=\"http:\/\/www.fo-territoriaux42.fr\/2020\/11\/09\/covid-19-confinement-2-teletravail-information-rh-en-bref-par-naudrh-com\/\" target=\"_blank\" rel=\"noopener noreferrer\" data-saferedirecturl=\"https:\/\/www.google.com\/url?q=http:\/\/www.fo-territoriaux42.fr\/2020\/11\/09\/covid-19-confinement-2-teletravail-information-rh-en-bref-par-naudrh-com\/&amp;source=gmail&amp;ust=1605530700334000&amp;usg=AFQjCNGAGNWg5wqH8TUA-2IEOWd544Irug\">COVID-19, CONFINEMENT 2, T\u00c9L\u00c9TRAVAIL \u2026 INFORMATION RH EN BREF PAR NAUDRH.COM<\/a><\/strong><\/p>\n<p><strong>&#8211;\u00a0<a href=\"http:\/\/www.fo-territoriaux42.fr\/2020\/11\/10\/fonction-publique-le-teletravail-peut-attendre\/\" target=\"_blank\" rel=\"noopener noreferrer\" data-saferedirecturl=\"https:\/\/www.google.com\/url?q=http:\/\/www.fo-territoriaux42.fr\/2020\/11\/10\/fonction-publique-le-teletravail-peut-attendre\/&amp;source=gmail&amp;ust=1605530700334000&amp;usg=AFQjCNHQMAgeBPJqG8KJeAVI28sTBDL3JQ\">FONCTION PUBLIQUE : LE T\u00c9L\u00c9TRAVAIL PEUT ATTENDRE<\/a><\/strong><\/p>\n<p><strong>&#8211;\u00a0<a href=\"http:\/\/www.fo-territoriaux42.fr\/2020\/11\/08\/lignes-directrices-de-gestion-dans-la-fonction-publique-territoriale-publication-dune-note-de-cadrage\/\" target=\"_blank\" rel=\"noopener noreferrer\" data-saferedirecturl=\"https:\/\/www.google.com\/url?q=http:\/\/www.fo-territoriaux42.fr\/2020\/11\/08\/lignes-directrices-de-gestion-dans-la-fonction-publique-territoriale-publication-dune-note-de-cadrage\/&amp;source=gmail&amp;ust=1605530700334000&amp;usg=AFQjCNF1TD4_LjGs-7H-P_lwcLRIaXvtyQ\">LIGNES DIRECTRICES DE GESTION DANS LA FONCTION PUBLIQUE TERRITORIALE : PUBLICATION D\u2019UNE NOTE DE CADRAGE<\/a><\/strong><\/p>\n<p><strong>&#8211;\u00a0<a href=\"http:\/\/www.fo-territoriaux42.fr\/2020\/11\/08\/litiges-de-la-fonction-publique-et-litige-sociaux-lexperimentation-de-la-mediation-prealable-obligatoire-prolongee-jusqua-fin-2021\/\" target=\"_blank\" rel=\"noopener noreferrer\" data-saferedirecturl=\"https:\/\/www.google.com\/url?q=http:\/\/www.fo-territoriaux42.fr\/2020\/11\/08\/litiges-de-la-fonction-publique-et-litige-sociaux-lexperimentation-de-la-mediation-prealable-obligatoire-prolongee-jusqua-fin-2021\/&amp;source=gmail&amp;ust=1605530700334000&amp;usg=AFQjCNGCG5Dk1aN_Xz2RW-H7BIxMJ9JW0A\">LITIGES DE LA FONCTION PUBLIQUE ET LITIGES SOCIAUX : L\u2019EXP\u00c9RIMENTATION DE LA M\u00c9DIATION PR\u00c9ALABLE OBLIGATOIRE PROLONG\u00c9E JUSQU\u2019\u00c0 FIN 2021<\/a><\/strong><\/p>\n<p><strong>&#8211;\u00a0<a href=\"http:\/\/www.fo-territoriaux42.fr\/2020\/11\/10\/les-collectivites-ont-elles-obligation-de-deliberer-ou-non-dans-le-cadre-des-ruptures-conventionnelles\/\" target=\"_blank\" rel=\"noopener noreferrer\" data-saferedirecturl=\"https:\/\/www.google.com\/url?q=http:\/\/www.fo-territoriaux42.fr\/2020\/11\/10\/les-collectivites-ont-elles-obligation-de-deliberer-ou-non-dans-le-cadre-des-ruptures-conventionnelles\/&amp;source=gmail&amp;ust=1605530700334000&amp;usg=AFQjCNHnVnjdLDgbL-8rZzK_TSRFc_M_bw\">LES COLLECTIVIT\u00c9S ONT-ELLES OBLIGATION DE D\u00c9LIB\u00c9RER OU NON DANS LE CADRE DES RUPTURES CONVENTIONNELLES ?<\/a><\/strong><\/p>\n<p><strong>&#8211;\u00a0<a href=\"http:\/\/www.fo-territoriaux42.fr\/2020\/11\/10\/supplement-familial-de-traitement-des-regles-plus-souples-pour-les-parents-separes\/\" target=\"_blank\" rel=\"noopener noreferrer\" data-saferedirecturl=\"https:\/\/www.google.com\/url?q=http:\/\/www.fo-territoriaux42.fr\/2020\/11\/10\/supplement-familial-de-traitement-des-regles-plus-souples-pour-les-parents-separes\/&amp;source=gmail&amp;ust=1605530700334000&amp;usg=AFQjCNGkqI4cYomapHVu9X2U6h-TgacmkA\">SUPPL\u00c9MENT FAMILIAL DE TRAITEMENT : DES R\u00c8GLES PLUS SOUPLES POUR LES PARENTS S\u00c9PAR\u00c9S<\/a><\/strong><\/p>\n<p><strong>&#8211;\u00a0<a href=\"http:\/\/www.fo-territoriaux42.fr\/2020\/11\/11\/audience-au-cabinet-du-premier-ministre-le-10-novembre-2020-encore-et-toujours-les-avancees-du-segur-pour-tous\/\" target=\"_blank\" rel=\"noopener noreferrer\" data-saferedirecturl=\"https:\/\/www.google.com\/url?q=http:\/\/www.fo-territoriaux42.fr\/2020\/11\/11\/audience-au-cabinet-du-premier-ministre-le-10-novembre-2020-encore-et-toujours-les-avancees-du-segur-pour-tous\/&amp;source=gmail&amp;ust=1605530700334000&amp;usg=AFQjCNGf7nPpVeTvzc_HB-7-47aeX546Iw\">AUDIENCE AU CABINET DU PREMIER MINISTRE LE 10 NOVEMBRE 2020 ENCORE ET TOUJOURS LES AVANC\u00c9ES DU S\u00c9GUR POUR TOUS !<\/a><\/strong><\/p>\n<p><strong>&#8211;\u00a0<a href=\"http:\/\/www.fo-territoriaux42.fr\/2020\/11\/11\/suspension-du-jour-de-carence-amelie-de-montchalin-pointe-les-difficultes-liees-au-secret-medical\/\" target=\"_blank\" rel=\"noopener noreferrer\" data-saferedirecturl=\"https:\/\/www.google.com\/url?q=http:\/\/www.fo-territoriaux42.fr\/2020\/11\/11\/suspension-du-jour-de-carence-amelie-de-montchalin-pointe-les-difficultes-liees-au-secret-medical\/&amp;source=gmail&amp;ust=1605530700334000&amp;usg=AFQjCNGMIP5eDQMfaSEC2yOx9Xmr0z9C9w\">SUSPENSION DU JOUR DE CARENCE : AM\u00c9LIE DE MONTCHALIN POINTE LES DIFFICULT\u00c9S LI\u00c9ES AU SECRET M\u00c9DICAL<\/a><\/strong><\/p>\n<p><strong>&#8211;\u00a0<a href=\"http:\/\/www.fo-territoriaux42.fr\/2020\/11\/12\/le-gouvernement-revoit-sa-copie-sur-les-autorisations-dabsence-des-agents-publics-vulnerables\/\" target=\"_blank\" rel=\"noopener noreferrer\" data-saferedirecturl=\"https:\/\/www.google.com\/url?q=http:\/\/www.fo-territoriaux42.fr\/2020\/11\/12\/le-gouvernement-revoit-sa-copie-sur-les-autorisations-dabsence-des-agents-publics-vulnerables\/&amp;source=gmail&amp;ust=1605530700334000&amp;usg=AFQjCNGT6QM2aixbNKIGQXDFLvt8VtXZ0g\">LE GOUVERNEMENT REVOIT SA COPIE SUR LES AUTORISATIONS D\u2019ABSENCE DES AGENTS PUBLICS VULN\u00c9RABLES<\/a><\/strong><\/p>\n<p><strong>&#8211;\u00a0<a href=\"http:\/\/www.fo-territoriaux42.fr\/2020\/11\/12\/attention-aux-recours-abusifs-aux-agents-contractuels\/\" target=\"_blank\" rel=\"noopener noreferrer\" data-saferedirecturl=\"https:\/\/www.google.com\/url?q=http:\/\/www.fo-territoriaux42.fr\/2020\/11\/12\/attention-aux-recours-abusifs-aux-agents-contractuels\/&amp;source=gmail&amp;ust=1605530700334000&amp;usg=AFQjCNGz6PoNfMbXTQjVwZM6JbnYoB3h8g\">ATTENTION AUX RECOURS ABUSIFS AUX AGENTS CONTRACTUELS<\/a><\/strong><\/p>\n<p><strong>&#8211;\u00a0<a href=\"http:\/\/www.fo-territoriaux42.fr\/2020\/11\/13\/agents-contractuels-previs-de-demission-et-indemnisation-des-conges-non-pris\/\" target=\"_blank\" rel=\"noopener noreferrer\" data-saferedirecturl=\"https:\/\/www.google.com\/url?q=http:\/\/www.fo-territoriaux42.fr\/2020\/11\/13\/agents-contractuels-previs-de-demission-et-indemnisation-des-conges-non-pris\/&amp;source=gmail&amp;ust=1605530700334000&amp;usg=AFQjCNFxVRJhs2C5xd66zTYBeyRZ5oG16g\">AGENTS CONTRACTUELS : PR\u00c9VIS DE D\u00c9MISSION ET INDEMNISATION DES CONG\u00c9S NON PRIS<\/a><\/strong><\/p>\n<p><strong><a href=\"http:\/\/www.fo-territoriaux42.fr\/2020\/11\/15\/declaration-fo-au-conseil-commun-de-la-fonction-publique-du-13-novembre-2020\/\" target=\"_blank\" rel=\"noopener noreferrer\" data-saferedirecturl=\"https:\/\/www.google.com\/url?q=http:\/\/www.fo-territoriaux42.fr\/2020\/11\/15\/declaration-fo-au-conseil-commun-de-la-fonction-publique-du-13-novembre-2020\/&amp;source=gmail&amp;ust=1605530700334000&amp;usg=AFQjCNHWT0BsFg0bjzlokLCRSVil3t_1Ig\">&#8211;\u00a0D\u00c9CLARATION FO AU CONSEIL COMMUN DE LA FONCTION PUBLIQUE DU 13 NOVEMBRE 2020<\/a><\/strong><\/p>\n","protected":false},"excerpt":{"rendered":"<p>Retrouvez les articles publi\u00e9s\u00a0la\u00a0semaine 46\u00a0sur votre site Internet\u00a0fo-territoriaux42.fr\u00a0en cliquant sur le lien de l\u2019article : &#8211;\u00a0COVID-19, CONFINEMENT 2, T\u00c9L\u00c9TRAVAIL \u2026 INFORMATION RH EN BREF PAR [&#8230;]<\/p>\n","protected":false},"author":1,"featured_media":0,"comment_status":"closed","ping_status":"closed","sticky":false,"template":"","format":"standard","meta":{"jetpack_post_was_ever_published":false,"_jetpack_newsletter_access":"","_jetpack_dont_email_post_to_subs":false,"_jetpack_newsletter_tier_id":0,"_jetpack_memberships_contains_paywalled_content":false,"_jetpack_memberships_contains_paid_content":false,"footnotes":""},"categories":[17],"tags":[],"class_list":["post-1252","post","type-post","status-publish","format-standard","hentry","category-article"],"jetpack_featured_media_url":"","jetpack_sharing_enabled":true,"jetpack_shortlink":"https:\/\/wp.me\/p9roQz-kc","jetpack_likes_enabled":false,"publishpress_future_action":{"enabled":false,"date":"2026-05-09 12:57:05","action":"change-status","newStatus":"draft","terms":[],"taxonomy":"category","extraData":[]},"publishpress_future_workflow_manual_trigger":{"enabledWorkflows":[]},"_links":{"self":[{"href":"https:\/\/www.fo-saint-etienne.fr\/fomunvse\/index.php?rest_route=\/wp\/v2\/posts\/1252","targetHints":{"allow":["GET"]}}],"collection":[{"href":"https:\/\/www.fo-saint-etienne.fr\/fomunvse\/index.php?rest_route=\/wp\/v2\/posts"}],"about":[{"href":"https:\/\/www.fo-saint-etienne.fr\/fomunvse\/index.php?rest_route=\/wp\/v2\/types\/post"}],"author":[{"embeddable":true,"href":"https:\/\/www.fo-saint-etienne.fr\/fomunvse\/index.php?rest_route=\/wp\/v2\/users\/1"}],"replies":[{"embeddable":true,"href":"https:\/\/www.fo-saint-etienne.fr\/fomunvse\/index.php?rest_route=%2Fwp%2Fv2%2Fcomments&post=1252"}],"version-history":[{"count":1,"href":"https:\/\/www.fo-saint-etienne.fr\/fomunvse\/index.php?rest_route=\/wp\/v2\/posts\/1252\/revisions"}],"predecessor-version":[{"id":1253,"href":"https:\/\/www.fo-saint-etienne.fr\/fomunvse\/index.php?rest_route=\/wp\/v2\/posts\/1252\/revisions\/1253"}],"wp:attachment":[{"href":"https:\/\/www.fo-saint-etienne.fr\/fomunvse\/index.php?rest_route=%2Fwp%2Fv2%2Fmedia&parent=1252"}],"wp:term":[{"taxonomy":"category","embeddable":true,"href":"https:\/\/www.fo-saint-etienne.fr\/fomunvse\/index.php?rest_route=%2Fwp%2Fv2%2Fcategories&post=1252"},{"taxonomy":"post_tag","embeddable":true,"href":"https:\/\/www.fo-saint-etienne.fr\/fomunvse\/index.php?rest_route=%2Fwp%2Fv2%2Ftags&post=1252"}],"curies":[{"name":"wp","href":"https:\/\/api.w.org\/{rel}","templated":true}]}}