{"id":1257,"date":"2020-11-29T11:44:53","date_gmt":"2020-11-29T10:44:53","guid":{"rendered":"http:\/\/www.fo-saint-etienne.fr\/fomunvse\/?p=1257"},"modified":"2021-06-27T08:49:12","modified_gmt":"2021-06-27T07:49:12","slug":"info-force-ouvriere-de-la-semaine-48","status":"publish","type":"post","link":"https:\/\/www.fo-saint-etienne.fr\/fomunvse\/?p=1257","title":{"rendered":"Info FORCE OUVRI\u00c8RE de la semaine 48"},"content":{"rendered":"<div class=\"gs\">\n<div class=\"\">\n<div id=\":rc\" class=\"ii gt\">\n<div id=\":rb\" class=\"a3s aiL \">\n<div>\n<p>Retrouvez les articles publi\u00e9s\u00a0la\u00a0<strong>semaine 48<\/strong>\u00a0sur votre site Internet\u00a0<strong><a href=\"http:\/\/www.fo-territoriaux42.fr\/\" target=\"_blank\" rel=\"noopener noreferrer\" data-saferedirecturl=\"https:\/\/www.google.com\/url?q=http:\/\/www.fo-territoriaux42.fr\/&amp;source=gmail&amp;ust=1606732959086000&amp;usg=AFQjCNF61wLmD9zEMPEen1VJMUX08kbLlw\">fo-territoriaux42.fr<\/a><\/strong>\u00a0<wbr \/>en cliquant sur le lien de l\u2019article :<\/p>\n<p><strong>&#8211;\u00a0<a href=\"http:\/\/www.fo-territoriaux42.fr\/2020\/11\/23\/ruptures-conventionnelles-modalites-dapplication-dans-les-petites-collectivites\/\" target=\"_blank\" rel=\"noopener noreferrer\" data-saferedirecturl=\"https:\/\/www.google.com\/url?q=http:\/\/www.fo-territoriaux42.fr\/2020\/11\/23\/ruptures-conventionnelles-modalites-dapplication-dans-les-petites-collectivites\/&amp;source=gmail&amp;ust=1606732959086000&amp;usg=AFQjCNH2DzHYNFbP-FG97ArBysHiYF_J1w\">RUPTURES CONVENTIONNELLES : MODALIT\u00c9S D\u2019APPLICATION DANS LES PETITES COLLECTIVIT\u00c9S<\/a><\/strong><\/p>\n<p><strong>&#8211;\u00a0<a href=\"http:\/\/www.fo-territoriaux42.fr\/2020\/11\/23\/prime-exceptionnelle-de-1-000-a-1-500-e-dans-le-cadre-de-lepidemie-de-covid-19-adaptation-des-modalites-de-versement\/\" target=\"_blank\" rel=\"noopener noreferrer\" data-saferedirecturl=\"https:\/\/www.google.com\/url?q=http:\/\/www.fo-territoriaux42.fr\/2020\/11\/23\/prime-exceptionnelle-de-1-000-a-1-500-e-dans-le-cadre-de-lepidemie-de-covid-19-adaptation-des-modalites-de-versement\/&amp;source=gmail&amp;ust=1606732959086000&amp;usg=AFQjCNEgzrc2ObDp6qZEGjeqB2ApuFfo9Q\">PRIME EXCEPTIONNELLE (DE 1 000 \u00c0 1 500 \u20ac) DANS LE CADRE DE L\u2019\u00c9PID\u00c9MIE DE COVID-19 : ADAPTATION DES MODALIT\u00c9S DE VERSEMENT<\/a><\/strong><\/p>\n<p><strong>&#8211;\u00a0<a href=\"http:\/\/www.fo-territoriaux42.fr\/2020\/11\/23\/a-quoi-les-nouvelles-instances-de-dialogue-social-de-la-fonction-publique-vont-elles-ressembler\/\" target=\"_blank\" rel=\"noopener noreferrer\" data-saferedirecturl=\"https:\/\/www.google.com\/url?q=http:\/\/www.fo-territoriaux42.fr\/2020\/11\/23\/a-quoi-les-nouvelles-instances-de-dialogue-social-de-la-fonction-publique-vont-elles-ressembler\/&amp;source=gmail&amp;ust=1606732959086000&amp;usg=AFQjCNE0DJ8x__MxVMCVuOWlhmHxi3MvGA\">\u00c0 QUOI LES NOUVELLES INSTANCES DE DIALOGUE SOCIAL DE LA FONCTION PUBLIQUE VONT-ELLES RESSEMBLER ?<\/a><\/strong><\/p>\n<p><strong>&#8211;\u00a0<a href=\"http:\/\/www.fo-territoriaux42.fr\/2020\/11\/23\/loi-sur-la-securite-globale-les-raisons-de-linquietude\/\" target=\"_blank\" rel=\"noopener noreferrer\" data-saferedirecturl=\"https:\/\/www.google.com\/url?q=http:\/\/www.fo-territoriaux42.fr\/2020\/11\/23\/loi-sur-la-securite-globale-les-raisons-de-linquietude\/&amp;source=gmail&amp;ust=1606732959086000&amp;usg=AFQjCNE_GopD6lsCE7kbuglbi1pzWxX6BA\">LOI SUR LA S\u00c9CURIT\u00c9 GLOBALE : LES RAISONS DE L\u2019INQUI\u00c9TUDE<\/a><\/strong><\/p>\n<p><strong>&#8211;\u00a0<a href=\"http:\/\/www.fo-territoriaux42.fr\/2020\/11\/24\/suivi-des-reformes-le-gouvernement-nentend-pas-les-organisations-syndicales\/\" target=\"_blank\" rel=\"noopener noreferrer\" data-saferedirecturl=\"https:\/\/www.google.com\/url?q=http:\/\/www.fo-territoriaux42.fr\/2020\/11\/24\/suivi-des-reformes-le-gouvernement-nentend-pas-les-organisations-syndicales\/&amp;source=gmail&amp;ust=1606732959086000&amp;usg=AFQjCNHi0whbXLydfT0qA417JH-8M4ebLQ\">SUIVI DES R\u00c9FORMES : LE GOUVERNEMENT N\u2019ENTEND PAS LES ORGANISATIONS SYNDICALES<\/a><\/strong><\/p>\n<p><strong>&#8211;\u00a0<a href=\"http:\/\/www.fo-territoriaux42.fr\/2020\/11\/24\/sante-labsenteisme-se-stabilise-dans-les-collectivites-mais-avec-des-arrets-toujours-plus-longs\/\" target=\"_blank\" rel=\"noopener noreferrer\" data-saferedirecturl=\"https:\/\/www.google.com\/url?q=http:\/\/www.fo-territoriaux42.fr\/2020\/11\/24\/sante-labsenteisme-se-stabilise-dans-les-collectivites-mais-avec-des-arrets-toujours-plus-longs\/&amp;source=gmail&amp;ust=1606732959086000&amp;usg=AFQjCNHtgT3RlTq6B4dyExVg0sra_Yqxvw\">SANT\u00c9 : L\u2019ABSENT\u00c9ISME SE STABILISE DANS LES COLLECTIVIT\u00c9S, MAIS AVEC DES ARR\u00caTS TOUJOURS PLUS LONGS<\/a><\/strong><\/p>\n<p><strong>&#8211;\u00a0<a href=\"http:\/\/www.fo-territoriaux42.fr\/2020\/11\/26\/lud-des-syndicats-fo-de-la-loire-demande-labandon-de-la-loi-relative-a-la-securite-globale\/http:\/\/www.fo-territoriaux42.fr\/2020\/11\/26\/lud-des-syndicats-fo-de-la-loire-demande-labandon-de-la-loi-relative-a-la-securite-globale\/\" target=\"_blank\" rel=\"noopener noreferrer\" data-saferedirecturl=\"https:\/\/www.google.com\/url?q=http:\/\/www.fo-territoriaux42.fr\/2020\/11\/26\/lud-des-syndicats-fo-de-la-loire-demande-labandon-de-la-loi-relative-a-la-securite-globale\/http:\/\/www.fo-territoriaux42.fr\/2020\/11\/26\/lud-des-syndicats-fo-de-la-loire-demande-labandon-de-la-loi-relative-a-la-securite-globale\/&amp;source=gmail&amp;ust=1606732959086000&amp;usg=AFQjCNHaGFcf8Creyz7lrmRcsEHn8hTaIg\">L\u2019UD DES SYNDICATS FO DE LA LOIRE DEMANDE L\u2019ABANDON DE LA LOI RELATIVE \u00c0 LA S\u00c9CURIT\u00c9 GLOBALE<\/a><\/strong><\/p>\n<p><strong>&#8211;\u00a0<a href=\"http:\/\/www.fo-territoriaux42.fr\/2020\/11\/26\/greve-le-8-decembre-2020-pour-lextension-du-segur-a-tous-les-agents-et-salaries-du-social-et-medico-social\/\" target=\"_blank\" rel=\"noopener noreferrer\" data-saferedirecturl=\"https:\/\/www.google.com\/url?q=http:\/\/www.fo-territoriaux42.fr\/2020\/11\/26\/greve-le-8-decembre-2020-pour-lextension-du-segur-a-tous-les-agents-et-salaries-du-social-et-medico-social\/&amp;source=gmail&amp;ust=1606732959086000&amp;usg=AFQjCNE_OL7poqNO1wMOIEOfWKcr8yuRjg\">GR\u00c8VE LE 8 D\u00c9CEMBRE 2020 POUR L\u2019EXTENSION DU \u00ab\u00a0S\u00c9GUR\u00a0\u00bb \u00c0 TOUS LES AGENTS ET SALARI\u00c9S DU SOCIAL ET M\u00c9DICO-SOCIAL<\/a><\/strong><\/p>\n<p><strong>&#8211;\u00a0<a href=\"http:\/\/www.fo-territoriaux42.fr\/2020\/11\/26\/les-mesures-en-matiere-de-sante-et-de-famille-dans-la-fonction-publique-sont-publiees\/\" target=\"_blank\" rel=\"noopener noreferrer\" data-saferedirecturl=\"https:\/\/www.google.com\/url?q=http:\/\/www.fo-territoriaux42.fr\/2020\/11\/26\/les-mesures-en-matiere-de-sante-et-de-famille-dans-la-fonction-publique-sont-publiees\/&amp;source=gmail&amp;ust=1606732959086000&amp;usg=AFQjCNFJ0Yaru173jAYuF6XLzpoS4CjNGQ\">LES MESURES EN MATI\u00c8RE DE SANT\u00c9 ET DE FAMILLE DANS LA FONCTION PUBLIQUE SONT PUBLI\u00c9ES<\/a><\/strong><\/p>\n<p><strong>&#8211;\u00a0<a href=\"http:\/\/www.fo-territoriaux42.fr\/2020\/11\/27\/rapport-annuel-du-conseil-dorientation-des-retraites-reaction-fo\/\" target=\"_blank\" rel=\"noopener noreferrer\" data-saferedirecturl=\"https:\/\/www.google.com\/url?q=http:\/\/www.fo-territoriaux42.fr\/2020\/11\/27\/rapport-annuel-du-conseil-dorientation-des-retraites-reaction-fo\/&amp;source=gmail&amp;ust=1606732959086000&amp;usg=AFQjCNGM1uTq8Yh1sla6E1UxxkMEHliohA\">RAPPORT ANNUEL DU CONSEIL D\u2019ORIENTATION DES RETRAITES : R\u00c9ACTION FO<\/a><\/strong><\/p>\n<p><strong>&#8211;\u00a0<a href=\"http:\/\/www.fo-territoriaux42.fr\/2020\/11\/28\/les-elections-a-la-cnracl-se-preparent-avec-la-participation-des-employeurs\/\" target=\"_blank\" rel=\"noopener noreferrer\" data-saferedirecturl=\"https:\/\/www.google.com\/url?q=http:\/\/www.fo-territoriaux42.fr\/2020\/11\/28\/les-elections-a-la-cnracl-se-preparent-avec-la-participation-des-employeurs\/&amp;source=gmail&amp;ust=1606732959086000&amp;usg=AFQjCNElB9VGhLyoFJ2CUYVTEXiinhZ0dg\">LES \u00c9LECTIONS \u00c0 LA CNRACL SE PR\u00c9PARENT AVEC LA PARTICIPATION DES EMPLOYEURS<\/a><\/strong><\/p>\n<\/div>\n<div class=\"yj6qo\"><\/div>\n<div class=\"adL\"><\/div>\n<\/div>\n<\/div>\n<div class=\"hi\"><\/div>\n<\/div>\n<\/div>\n","protected":false},"excerpt":{"rendered":"<p>Retrouvez les articles publi\u00e9s\u00a0la\u00a0semaine 48\u00a0sur votre site Internet\u00a0fo-territoriaux42.fr\u00a0en cliquant sur le lien de l\u2019article : &#8211;\u00a0RUPTURES CONVENTIONNELLES : MODALIT\u00c9S D\u2019APPLICATION DANS LES PETITES COLLECTIVIT\u00c9S &#8211;\u00a0PRIME [&#8230;]<\/p>\n","protected":false},"author":1,"featured_media":0,"comment_status":"closed","ping_status":"closed","sticky":false,"template":"","format":"standard","meta":{"jetpack_post_was_ever_published":false,"_jetpack_newsletter_access":"","_jetpack_dont_email_post_to_subs":false,"_jetpack_newsletter_tier_id":0,"_jetpack_memberships_contains_paywalled_content":false,"_jetpack_memberships_contains_paid_content":false,"footnotes":""},"categories":[17,1],"tags":[],"class_list":["post-1257","post","type-post","status-publish","format-standard","hentry","category-article","category-non-classe"],"jetpack_featured_media_url":"","jetpack_sharing_enabled":true,"jetpack_shortlink":"https:\/\/wp.me\/p9roQz-kh","jetpack_likes_enabled":false,"publishpress_future_action":{"enabled":false,"date":"2026-05-09 12:43:59","action":"change-status","newStatus":"draft","terms":[],"taxonomy":"category","extraData":[]},"publishpress_future_workflow_manual_trigger":{"enabledWorkflows":[]},"_links":{"self":[{"href":"https:\/\/www.fo-saint-etienne.fr\/fomunvse\/index.php?rest_route=\/wp\/v2\/posts\/1257","targetHints":{"allow":["GET"]}}],"collection":[{"href":"https:\/\/www.fo-saint-etienne.fr\/fomunvse\/index.php?rest_route=\/wp\/v2\/posts"}],"about":[{"href":"https:\/\/www.fo-saint-etienne.fr\/fomunvse\/index.php?rest_route=\/wp\/v2\/types\/post"}],"author":[{"embeddable":true,"href":"https:\/\/www.fo-saint-etienne.fr\/fomunvse\/index.php?rest_route=\/wp\/v2\/users\/1"}],"replies":[{"embeddable":true,"href":"https:\/\/www.fo-saint-etienne.fr\/fomunvse\/index.php?rest_route=%2Fwp%2Fv2%2Fcomments&post=1257"}],"version-history":[{"count":1,"href":"https:\/\/www.fo-saint-etienne.fr\/fomunvse\/index.php?rest_route=\/wp\/v2\/posts\/1257\/revisions"}],"predecessor-version":[{"id":1258,"href":"https:\/\/www.fo-saint-etienne.fr\/fomunvse\/index.php?rest_route=\/wp\/v2\/posts\/1257\/revisions\/1258"}],"wp:attachment":[{"href":"https:\/\/www.fo-saint-etienne.fr\/fomunvse\/index.php?rest_route=%2Fwp%2Fv2%2Fmedia&parent=1257"}],"wp:term":[{"taxonomy":"category","embeddable":true,"href":"https:\/\/www.fo-saint-etienne.fr\/fomunvse\/index.php?rest_route=%2Fwp%2Fv2%2Fcategories&post=1257"},{"taxonomy":"post_tag","embeddable":true,"href":"https:\/\/www.fo-saint-etienne.fr\/fomunvse\/index.php?rest_route=%2Fwp%2Fv2%2Ftags&post=1257"}],"curies":[{"name":"wp","href":"https:\/\/api.w.org\/{rel}","templated":true}]}}