{"id":1263,"date":"2020-12-06T10:16:47","date_gmt":"2020-12-06T09:16:47","guid":{"rendered":"http:\/\/www.fo-saint-etienne.fr\/fomunvse\/?p=1263"},"modified":"2021-06-27T08:52:56","modified_gmt":"2021-06-27T07:52:56","slug":"info-force-ouvriere-de-la-semaine-49","status":"publish","type":"post","link":"https:\/\/www.fo-saint-etienne.fr\/fomunvse\/?p=1263","title":{"rendered":"Info FORCE OUVRI\u00c8RE de la semaine 49"},"content":{"rendered":"<div class=\"gs\">\n<div class=\"\">\n<div id=\":5s9\" class=\"ii gt\">\n<div id=\":5s8\" class=\"a3s aiL \">\n<div>\n<p>Retrouvez les articles publi\u00e9s\u00a0la\u00a0<strong>semaine 49<\/strong> sur le site Internet <strong><a href=\"http:\/\/www.fo-territoriaux42.fr\/\" target=\"_blank\" rel=\"noopener noreferrer\" data-saferedirecturl=\"https:\/\/www.google.com\/url?q=http:\/\/www.fo-territoriaux42.fr\/&amp;source=gmail&amp;ust=1607331068332000&amp;usg=AFQjCNE9gnZDWkj2PtS-_6axPNCP-m0ZsQ\">fo-territoriaux42.fr<\/a><\/strong>\u00a0<wbr \/>en cliquant sur le lien de l\u2019article :<\/p>\n<p><strong>&#8211;\u00a0<a href=\"http:\/\/www.fo-territoriaux42.fr\/2020\/11\/30\/memo-rh-des-dernieres-informations-dgcl-au-27-novembre-2020\/\" target=\"_blank\" rel=\"noopener noreferrer\" data-saferedirecturl=\"https:\/\/www.google.com\/url?q=http:\/\/www.fo-territoriaux42.fr\/2020\/11\/30\/memo-rh-des-dernieres-informations-dgcl-au-27-novembre-2020\/&amp;source=gmail&amp;ust=1607331068332000&amp;usg=AFQjCNGx5PDSxRq_bbQhMTIF01paYBnZDg\">M\u00c9MO RH DES DERNI\u00c8RES INFORMATIONS DGCL AU 27 NOVEMBRE 2020<\/a><\/strong><\/p>\n<p><strong>&#8211;\u00a0<a href=\"http:\/\/www.fo-territoriaux42.fr\/2020\/11\/30\/quelles-conditions-pour-que-le-covid-soit-reconnu-comme-maladie-professionnelle\/\" target=\"_blank\" rel=\"noopener noreferrer\" data-saferedirecturl=\"https:\/\/www.google.com\/url?q=http:\/\/www.fo-territoriaux42.fr\/2020\/11\/30\/quelles-conditions-pour-que-le-covid-soit-reconnu-comme-maladie-professionnelle\/&amp;source=gmail&amp;ust=1607331068332000&amp;usg=AFQjCNFtChTZ2dh7IeRqOfeowypEl9WSTQ\">QUELLES CONDITIONS POUR QUE LE COVID SOIT RECONNU COMME MALADIE PROFESSIONNELLE ?<\/a><\/strong><\/p>\n<p><strong>&#8211;\u00a0<a href=\"http:\/\/www.fo-territoriaux42.fr\/2020\/12\/02\/nouvelles-modalites-de-gestion-pour-les-conges-de-presence-parentale-et-de-solidarite-familiale\/\" target=\"_blank\" rel=\"noopener noreferrer\" data-saferedirecturl=\"https:\/\/www.google.com\/url?q=http:\/\/www.fo-territoriaux42.fr\/2020\/12\/02\/nouvelles-modalites-de-gestion-pour-les-conges-de-presence-parentale-et-de-solidarite-familiale\/&amp;source=gmail&amp;ust=1607331068332000&amp;usg=AFQjCNFB22M1omTVNLAeCic1xSvKC3zOuA\">NOUVELLES MODALIT\u00c9S DE GESTION POUR LES CONG\u00c9S DE PR\u00c9SENCE PARENTALE ET DE SOLIDARIT\u00c9 FAMILIALE<\/a><\/strong><\/p>\n<p><strong>&#8211;\u00a0<a href=\"https:\/\/info-cnfpt.fr\/ViewOnline.php?&amp;emtr=7676-1357920-bSizIBq-2&amp;extc=bSizIBq\" target=\"_blank\" rel=\"noopener noreferrer\" data-saferedirecturl=\"https:\/\/www.google.com\/url?q=https:\/\/info-cnfpt.fr\/ViewOnline.php?%26emtr%3D7676-1357920-bSizIBq-2%26extc%3DbSizIBq&amp;source=gmail&amp;ust=1607331068332000&amp;usg=AFQjCNFWq4NYV4l0hTdezmBDOLooxZYCNg\">LES NOUVELLES DU CNFPT DE D\u00c9CEMBRE 2020<\/a><\/strong><\/p>\n<p><strong>&#8211;\u00a0<a href=\"http:\/\/www.fo-territoriaux42.fr\/2020\/12\/03\/le-decret-sur-le-rapport-social-unique-publie-au-journal-officiel-du-2-decembre-2020\/\" target=\"_blank\" rel=\"noopener noreferrer\" data-saferedirecturl=\"https:\/\/www.google.com\/url?q=http:\/\/www.fo-territoriaux42.fr\/2020\/12\/03\/le-decret-sur-le-rapport-social-unique-publie-au-journal-officiel-du-2-decembre-2020\/&amp;source=gmail&amp;ust=1607331068332000&amp;usg=AFQjCNE49EtRz1HoB2q-TWp5zSSfNCvUBQ\">LE D\u00c9CRET SUR LE RAPPORT SOCIAL UNIQUE PUBLI\u00c9 AU JOURNAL OFFICIEL DU 2 D\u00c9CEMBRE 2020<\/a><\/strong><\/p>\n<p><strong>&#8211;\u00a0<a href=\"http:\/\/www.fo-territoriaux42.fr\/2020\/12\/03\/les-inegalites-au-travail-persistent-entre-hommes-et-femmes-dans-la-fpt\/\" target=\"_blank\" rel=\"noopener noreferrer\" data-saferedirecturl=\"https:\/\/www.google.com\/url?q=http:\/\/www.fo-territoriaux42.fr\/2020\/12\/03\/les-inegalites-au-travail-persistent-entre-hommes-et-femmes-dans-la-fpt\/&amp;source=gmail&amp;ust=1607331068332000&amp;usg=AFQjCNFKs-sJ51Uqy2PGwD1eT_KkAX7nbQ\">LES IN\u00c9GALIT\u00c9S AU TRAVAIL PERSISTENT ENTRE HOMMES ET FEMMES DANS LA FPT<\/a><\/strong><\/p>\n<p><strong>&#8211;\u00a0<a href=\"http:\/\/www.fo-territoriaux42.fr\/2020\/12\/03\/covid-19-etablissements-publics-instances-de-dialogue-social-la-possibilite-de-reunions-dematerialisees-est-prolongee\/\" target=\"_blank\" rel=\"noopener noreferrer\" data-saferedirecturl=\"https:\/\/www.google.com\/url?q=http:\/\/www.fo-territoriaux42.fr\/2020\/12\/03\/covid-19-etablissements-publics-instances-de-dialogue-social-la-possibilite-de-reunions-dematerialisees-est-prolongee\/&amp;source=gmail&amp;ust=1607331068332000&amp;usg=AFQjCNFiMCYP3qDhhYx6Ga6-XHlbA3LMGg\">COVID-19 : \u00c9TABLISSEMENTS PUBLICS, INSTANCES DE DIALOGUE SOCIAL\u2026 LA POSSIBILIT\u00c9 DE R\u00c9UNIONS D\u00c9MAT\u00c9RIALIS\u00c9ES EST PROLONG\u00c9E<\/a><\/strong><\/p>\n<p><strong>&#8211;\u00a0<a href=\"http:\/\/www.fo-territoriaux42.fr\/2020\/12\/03\/prise-en-charge-des-contrats-dapprentissage-pour-les-apprentis-en-situation-de-handicap\/\" target=\"_blank\" rel=\"noopener noreferrer\" data-saferedirecturl=\"https:\/\/www.google.com\/url?q=http:\/\/www.fo-territoriaux42.fr\/2020\/12\/03\/prise-en-charge-des-contrats-dapprentissage-pour-les-apprentis-en-situation-de-handicap\/&amp;source=gmail&amp;ust=1607331068332000&amp;usg=AFQjCNFi8UHHMt0hoHd86xNPKe9Y8oOxkw\">PRISE EN CHARGE DES CONTRATS D\u2019APPRENTISSAGE POUR LES APPRENTIS EN SITUATION DE HANDICAP<\/a><\/strong><\/p>\n<p><strong>&#8211;\u00a0<a href=\"http:\/\/www.fo-territoriaux42.fr\/2020\/12\/03\/publication-de-lordonnance-sur-les-conges-maladie-et-instances-de-reforme-analyse-fo\/\" target=\"_blank\" rel=\"noopener noreferrer\" data-saferedirecturl=\"https:\/\/www.google.com\/url?q=http:\/\/www.fo-territoriaux42.fr\/2020\/12\/03\/publication-de-lordonnance-sur-les-conges-maladie-et-instances-de-reforme-analyse-fo\/&amp;source=gmail&amp;ust=1607331068332000&amp;usg=AFQjCNEB1iUvprBp8oQvdy8h9ihiuWvYNQ\">PUBLICATION DE L\u2019ORDONNANCE SUR LES CONG\u00c9S MALADIE ET INSTANCES DE R\u00c9FORME : ANALYSE FO<\/a><\/strong><\/p>\n<p><strong>&#8211;\u00a0<a href=\"http:\/\/www.fo-territoriaux42.fr\/2020\/12\/03\/3-decembre-2020-journee-internationale-des-personnes-handicapees\/\" target=\"_blank\" rel=\"noopener noreferrer\" data-saferedirecturl=\"https:\/\/www.google.com\/url?q=http:\/\/www.fo-territoriaux42.fr\/2020\/12\/03\/3-decembre-2020-journee-internationale-des-personnes-handicapees\/&amp;source=gmail&amp;ust=1607331068332000&amp;usg=AFQjCNF49rJbFduFb-EGFk-hdetgXGysnw\">3 D\u00c9CEMBRE 2020 \u2013 JOURN\u00c9E INTERNATIONALE DES PERSONNES HANDICAP\u00c9ES<\/a><\/strong><\/p>\n<p><strong>&#8211;\u00a0<a href=\"http:\/\/www.fo-territoriaux42.fr\/2020\/12\/03\/tous-en-greve-le-8-decembre-pour-lextension-du-segur-aux-filieres-social-et-medico-sociale\/\" target=\"_blank\" rel=\"noopener noreferrer\" data-saferedirecturl=\"https:\/\/www.google.com\/url?q=http:\/\/www.fo-territoriaux42.fr\/2020\/12\/03\/tous-en-greve-le-8-decembre-pour-lextension-du-segur-aux-filieres-social-et-medico-sociale\/&amp;source=gmail&amp;ust=1607331068332000&amp;usg=AFQjCNFVLW5OCdQ25i6z6beHXlQqUvGqlQ\">TOUS EN GR\u00c8VE LE 8 D\u00c9CEMBRE POUR L\u2019EXTENSION DU \u00ab\u00a0S\u00c9GUR\u00a0\u00bb AUX FILI\u00c8RES SOCIAL ET M\u00c9DICO-SOCIALE<\/a><\/strong><\/p>\n<p><strong>&#8211;\u00a0<a href=\"http:\/\/www.fo-territoriaux42.fr\/2020\/12\/04\/retraites-le-retour-cest-non-pour-force-ouvriere\/\" target=\"_blank\" rel=\"noopener noreferrer\" data-saferedirecturl=\"https:\/\/www.google.com\/url?q=http:\/\/www.fo-territoriaux42.fr\/2020\/12\/04\/retraites-le-retour-cest-non-pour-force-ouvriere\/&amp;source=gmail&amp;ust=1607331068332000&amp;usg=AFQjCNHmbZwWHS6X9-WAruib3-l-bIeNaw\">RETRAITES LE RETOUR ? C\u2019EST NON POUR FORCE OUVRI\u00c8RE !<\/a><\/strong><\/p>\n<p><strong>&#8211;\u00a0<a href=\"http:\/\/www.fo-territoriaux42.fr\/2020\/12\/05\/fonction-publique-vers-la-suspension-du-jour-de-carence-pour-les-agents-positifs-au-covid-19\/\" target=\"_blank\" rel=\"noopener noreferrer\" data-saferedirecturl=\"https:\/\/www.google.com\/url?q=http:\/\/www.fo-territoriaux42.fr\/2020\/12\/05\/fonction-publique-vers-la-suspension-du-jour-de-carence-pour-les-agents-positifs-au-covid-19\/&amp;source=gmail&amp;ust=1607331068332000&amp;usg=AFQjCNHGVx5Vf4YD-QohqoMCvP5spK47Ag\">FONCTION PUBLIQUE : VERS LA SUSPENSION DU JOUR DE CARENCE POUR LES AGENTS POSITIFS AU COVID-19<\/a><\/strong><\/p>\n<div class=\"adL\"><\/div>\n<\/div>\n<div class=\"adL\"><\/div>\n<\/div>\n<\/div>\n<div class=\"hi\"><\/div>\n<\/div>\n<\/div>\n","protected":false},"excerpt":{"rendered":"<p>Retrouvez les articles publi\u00e9s\u00a0la\u00a0semaine 49 sur le site Internet fo-territoriaux42.fr\u00a0en cliquant sur le lien de l\u2019article : &#8211;\u00a0M\u00c9MO RH DES DERNI\u00c8RES INFORMATIONS DGCL AU 27 [&#8230;]<\/p>\n","protected":false},"author":1,"featured_media":0,"comment_status":"closed","ping_status":"closed","sticky":false,"template":"","format":"standard","meta":{"jetpack_post_was_ever_published":false,"_jetpack_newsletter_access":"","_jetpack_dont_email_post_to_subs":false,"_jetpack_newsletter_tier_id":0,"_jetpack_memberships_contains_paywalled_content":false,"_jetpack_memberships_contains_paid_content":false,"footnotes":""},"categories":[1],"tags":[],"class_list":["post-1263","post","type-post","status-publish","format-standard","hentry","category-non-classe"],"jetpack_featured_media_url":"","jetpack_sharing_enabled":true,"jetpack_shortlink":"https:\/\/wp.me\/p9roQz-kn","jetpack_likes_enabled":false,"publishpress_future_action":{"enabled":false,"date":"2026-05-09 13:54:40","action":"change-status","newStatus":"draft","terms":[],"taxonomy":"category","extraData":[]},"publishpress_future_workflow_manual_trigger":{"enabledWorkflows":[]},"_links":{"self":[{"href":"https:\/\/www.fo-saint-etienne.fr\/fomunvse\/index.php?rest_route=\/wp\/v2\/posts\/1263","targetHints":{"allow":["GET"]}}],"collection":[{"href":"https:\/\/www.fo-saint-etienne.fr\/fomunvse\/index.php?rest_route=\/wp\/v2\/posts"}],"about":[{"href":"https:\/\/www.fo-saint-etienne.fr\/fomunvse\/index.php?rest_route=\/wp\/v2\/types\/post"}],"author":[{"embeddable":true,"href":"https:\/\/www.fo-saint-etienne.fr\/fomunvse\/index.php?rest_route=\/wp\/v2\/users\/1"}],"replies":[{"embeddable":true,"href":"https:\/\/www.fo-saint-etienne.fr\/fomunvse\/index.php?rest_route=%2Fwp%2Fv2%2Fcomments&post=1263"}],"version-history":[{"count":1,"href":"https:\/\/www.fo-saint-etienne.fr\/fomunvse\/index.php?rest_route=\/wp\/v2\/posts\/1263\/revisions"}],"predecessor-version":[{"id":1264,"href":"https:\/\/www.fo-saint-etienne.fr\/fomunvse\/index.php?rest_route=\/wp\/v2\/posts\/1263\/revisions\/1264"}],"wp:attachment":[{"href":"https:\/\/www.fo-saint-etienne.fr\/fomunvse\/index.php?rest_route=%2Fwp%2Fv2%2Fmedia&parent=1263"}],"wp:term":[{"taxonomy":"category","embeddable":true,"href":"https:\/\/www.fo-saint-etienne.fr\/fomunvse\/index.php?rest_route=%2Fwp%2Fv2%2Fcategories&post=1263"},{"taxonomy":"post_tag","embeddable":true,"href":"https:\/\/www.fo-saint-etienne.fr\/fomunvse\/index.php?rest_route=%2Fwp%2Fv2%2Ftags&post=1263"}],"curies":[{"name":"wp","href":"https:\/\/api.w.org\/{rel}","templated":true}]}}