{"id":1266,"date":"2020-12-13T13:46:24","date_gmt":"2020-12-13T12:46:24","guid":{"rendered":"http:\/\/www.fo-saint-etienne.fr\/fomunvse\/?p=1266"},"modified":"2021-06-27T08:49:12","modified_gmt":"2021-06-27T07:49:12","slug":"info-force-ouvriere-de-la-semaine-50","status":"publish","type":"post","link":"https:\/\/www.fo-saint-etienne.fr\/fomunvse\/?p=1266","title":{"rendered":"Info FORCE OUVRI\u00c8RE de la semaine 50"},"content":{"rendered":"<div class=\"gs\">\n<div class=\"\">\n<div id=\":102\" class=\"ii gt\">\n<div id=\":103\" class=\"a3s aiL \">\n<div>\n<p>Retrouvez les articles publi\u00e9s\u00a0la\u00a0<strong>semaine 50<\/strong>\u00a0sur votre site Internet\u00a0<strong><a href=\"http:\/\/www.fo-territoriaux42.fr\/\" target=\"_blank\" rel=\"noopener noreferrer\" data-saferedirecturl=\"https:\/\/www.google.com\/url?q=http:\/\/www.fo-territoriaux42.fr\/&amp;source=gmail&amp;ust=1607949250332000&amp;usg=AFQjCNGYsF7q0uxCyd_jnM9oGNuZYJ3dfw\">fo-territoriaux42.fr<\/a><\/strong>\u00a0<wbr \/>en cliquant sur le lien de l\u2019article :<\/p>\n<p><strong>&#8211;\u00a0<a href=\"http:\/\/www.fo-territoriaux42.fr\/2020\/12\/07\/protection-sociale-complementaire-objectif-2024-pour-la-convergence-public-prive\/\" target=\"_blank\" rel=\"noopener noreferrer\" data-saferedirecturl=\"https:\/\/www.google.com\/url?q=http:\/\/www.fo-territoriaux42.fr\/2020\/12\/07\/protection-sociale-complementaire-objectif-2024-pour-la-convergence-public-prive\/&amp;source=gmail&amp;ust=1607949250332000&amp;usg=AFQjCNHberc_m7KquWL7d84U72Nfp5DYxw\">PROTECTION SOCIALE COMPL\u00c9MENTAIRE : OBJECTIF 2024 POUR LA CONVERGENCE PUBLIC-PRIV\u00c9<\/a><\/strong><\/p>\n<p><strong>&#8211;\u00a0<a href=\"http:\/\/www.fo-territoriaux42.fr\/2020\/12\/07\/etat-durgence-sanitaire-le-medecin-du-travail-pourra-prescrire-et-renouveler-une-arret-de-travail\/\" target=\"_blank\" rel=\"noopener noreferrer\" data-saferedirecturl=\"https:\/\/www.google.com\/url?q=http:\/\/www.fo-territoriaux42.fr\/2020\/12\/07\/etat-durgence-sanitaire-le-medecin-du-travail-pourra-prescrire-et-renouveler-une-arret-de-travail\/&amp;source=gmail&amp;ust=1607949250332000&amp;usg=AFQjCNHGrXw7brOlZ0Ah1ahacUVKN8pNBg\">\u00c9TAT D\u2019URGENCE SANITAIRE : LE M\u00c9DECIN DU TRAVAIL POURRA PRESCRIRE ET RENOUVELER UN ARR\u00caT DE TRAVAIL \u2026<\/a><\/strong><\/p>\n<p><strong>&#8211;\u00a0<a href=\"http:\/\/www.fo-territoriaux42.fr\/2020\/12\/08\/les-agents-de-la-fpt-ont-perdu-04-de-pouvoir-dacaht-en-2018\/\" target=\"_blank\" rel=\"noopener noreferrer\" data-saferedirecturl=\"https:\/\/www.google.com\/url?q=http:\/\/www.fo-territoriaux42.fr\/2020\/12\/08\/les-agents-de-la-fpt-ont-perdu-04-de-pouvoir-dacaht-en-2018\/&amp;source=gmail&amp;ust=1607949250332000&amp;usg=AFQjCNHh15G8YWChNArx2YinGFwvjj3tQg\">LES AGENTS DE LA FPT ONT PERDU 0,4 % DE POUVOIR D\u2019ACHAT EN 2018<\/a><\/strong><\/p>\n<p><strong>&#8211;\u00a0<a href=\"http:\/\/www.fo-territoriaux42.fr\/2020\/12\/08\/modalites-de-consultation-des-instances-representatives-du-personnel-pendant-la-periode-de-letat-durgence\/\" target=\"_blank\" rel=\"noopener noreferrer\" data-saferedirecturl=\"https:\/\/www.google.com\/url?q=http:\/\/www.fo-territoriaux42.fr\/2020\/12\/08\/modalites-de-consultation-des-instances-representatives-du-personnel-pendant-la-periode-de-letat-durgence\/&amp;source=gmail&amp;ust=1607949250332000&amp;usg=AFQjCNF6Y7Kq31Z7m1zb2bnqiJ_TS8s4qQ\">MODALIT\u00c9S DE CONSULTATION DES INSTANCES REPR\u00c9SENTATIVES DU PERSONNEL PENDANT LA P\u00c9RIODE DE L\u2019\u00c9TAT D\u2019URGENCE<\/a><\/strong><\/p>\n<p><strong>&#8211;\u00a0<a href=\"http:\/\/www.fo-territoriaux42.fr\/2020\/12\/09\/suspension-du-jour-de-carence-le-compte-ny-est-pas-pour-les-syndicats\/\" target=\"_blank\" rel=\"noopener noreferrer\" data-saferedirecturl=\"https:\/\/www.google.com\/url?q=http:\/\/www.fo-territoriaux42.fr\/2020\/12\/09\/suspension-du-jour-de-carence-le-compte-ny-est-pas-pour-les-syndicats\/&amp;source=gmail&amp;ust=1607949250332000&amp;usg=AFQjCNGV0R_450ZDGtxZS96tm1TaHVsQDA\">SUSPENSION DU JOUR DE CARENCE : LE COMPTE N\u2019Y EST PAS POUR LES SYNDICATS<\/a><\/strong><\/p>\n<p><strong>&#8211;\u00a0<a href=\"http:\/\/www.fo-territoriaux42.fr\/2020\/12\/09\/secteur-medico-social-social-enfance-et-petite-enfance-public-et-prive-greve-et-manifestation-du-8-decembre-pour-lextension-du-segur\/\" target=\"_blank\" rel=\"noopener noreferrer\" data-saferedirecturl=\"https:\/\/www.google.com\/url?q=http:\/\/www.fo-territoriaux42.fr\/2020\/12\/09\/secteur-medico-social-social-enfance-et-petite-enfance-public-et-prive-greve-et-manifestation-du-8-decembre-pour-lextension-du-segur\/&amp;source=gmail&amp;ust=1607949250332000&amp;usg=AFQjCNHPKaohVc3UqJKaVKfh7EzRkf013Q\">SECTEUR M\u00c9DICO-SOCIAL, SOCIAL, ENFANCE ET PETITE ENFANCE PUBLIC ET PRIV\u00c9 : GR\u00c8VE ET MANIFESTATION DU 8 D\u00c9CEMBRE POUR L\u2019EXTENSION DU \u00ab\u00a0S\u00c9GUR\u00a0\u00bb<\/a><\/strong><\/p>\n<p><strong>&#8211;\u00a0<a href=\"http:\/\/www.fo-territoriaux42.fr\/2020\/12\/09\/cap-et-conseils-de-discipline-le-decret-relatif-a-leurs-nouvelles-modalites-de-fonctionnement-est-publie\/\" target=\"_blank\" rel=\"noopener noreferrer\" data-saferedirecturl=\"https:\/\/www.google.com\/url?q=http:\/\/www.fo-territoriaux42.fr\/2020\/12\/09\/cap-et-conseils-de-discipline-le-decret-relatif-a-leurs-nouvelles-modalites-de-fonctionnement-est-publie\/&amp;source=gmail&amp;ust=1607949250332000&amp;usg=AFQjCNE6CvoLLnUAoL6koY_Y-15tfCijSA\">CAP ET CONSEILS DE DISCIPLINE : LE D\u00c9CRET RELATIF \u00c0 LEURS NOUVELLES MODALIT\u00c9S DE FONCTIONNEMENT EST PUBLI\u00c9<\/a><\/strong><\/p>\n<p><strong>&#8211;\u00a0<a href=\"http:\/\/www.fo-territoriaux42.fr\/2020\/12\/10\/reconnaissance-de-la-civd-19-en-maladie-professionnelle-la-grande-contestation\/\" target=\"_blank\" rel=\"noopener noreferrer\" data-saferedirecturl=\"https:\/\/www.google.com\/url?q=http:\/\/www.fo-territoriaux42.fr\/2020\/12\/10\/reconnaissance-de-la-civd-19-en-maladie-professionnelle-la-grande-contestation\/&amp;source=gmail&amp;ust=1607949250332000&amp;usg=AFQjCNEGT_0L7vQ1Z6lQ8plIU3yXU_o_fQ\">RECONNAISSANCE DE LA COVID-19 EN MALADIE PROFESSIONNELLE : LA GRANDE CONTESTATION !<\/a><\/strong><\/p>\n<p><strong>&#8211;\u00a0<a href=\"http:\/\/www.fo-territoriaux42.fr\/2020\/12\/10\/teletravail-ce-que-prevoit-le-gouvernement-pour-le-debut-de-lannee\/\" target=\"_blank\" rel=\"noopener noreferrer\" data-saferedirecturl=\"https:\/\/www.google.com\/url?q=http:\/\/www.fo-territoriaux42.fr\/2020\/12\/10\/teletravail-ce-que-prevoit-le-gouvernement-pour-le-debut-de-lannee\/&amp;source=gmail&amp;ust=1607949250332000&amp;usg=AFQjCNHv-bP-1xQ8bRiPcmu6OAUzScajHg\">T\u00c9L\u00c9TRAVAIL : CE QUE PR\u00c9VOIT LE GOUVERNEMENT POUR LE D\u00c9BUT DE L\u2019ANN\u00c9E<\/a><\/strong><\/p>\n<p><strong>&#8211;\u00a0<a href=\"http:\/\/www.fo-territoriaux42.fr\/2020\/12\/11\/forfait-mobilites-durables-au-tour-des-fonctions-publiques-territoriale-et-hospitaliere\/\" target=\"_blank\" rel=\"noopener noreferrer\" data-saferedirecturl=\"https:\/\/www.google.com\/url?q=http:\/\/www.fo-territoriaux42.fr\/2020\/12\/11\/forfait-mobilites-durables-au-tour-des-fonctions-publiques-territoriale-et-hospitaliere\/&amp;source=gmail&amp;ust=1607949250333000&amp;usg=AFQjCNGKNzennv-FfN2aFYvVKut9ejcOiw\">FORFAIT MOBILIT\u00c9S DURABLES : AU TOUR DES FONCTIONS PUBLIQUES TERRITORIALE ET HOSPITALI\u00c8RE<\/a><\/strong><\/p>\n<p><strong>&#8211;\u00a0<a href=\"http:\/\/www.fo-territoriaux42.fr\/2020\/12\/11\/conge-de-proche-aidant-publication-des-conditions-dattribution-de-renouvellement-et-de-mise-en-oeuvre-et-dutilisation\/\" target=\"_blank\" rel=\"noopener noreferrer\" data-saferedirecturl=\"https:\/\/www.google.com\/url?q=http:\/\/www.fo-territoriaux42.fr\/2020\/12\/11\/conge-de-proche-aidant-publication-des-conditions-dattribution-de-renouvellement-et-de-mise-en-oeuvre-et-dutilisation\/&amp;source=gmail&amp;ust=1607949250333000&amp;usg=AFQjCNE1L7BN68zVU_FLh-MacZpda9X_Bg\">CONG\u00c9 DE PROCHE AIDANT : PUBLICATION DES CONDITIONS D\u2019ATTRIBUTION, DE RENOUVELLEMENT ET DE MISE EN \u0152UVRE ET D\u2019UTILISATION<\/a><\/strong><\/p>\n<p><strong>&#8211;\u00a0<a href=\"http:\/\/www.fo-territoriaux42.fr\/2020\/12\/12\/reunion-de-suivi-de-la-crise-sanitaire-presidee-par-la-ministre-de-la-transformation-et-de-la-fonction-publiques\/\" target=\"_blank\" rel=\"noopener noreferrer\" data-saferedirecturl=\"https:\/\/www.google.com\/url?q=http:\/\/www.fo-territoriaux42.fr\/2020\/12\/12\/reunion-de-suivi-de-la-crise-sanitaire-presidee-par-la-ministre-de-la-transformation-et-de-la-fonction-publiques\/&amp;source=gmail&amp;ust=1607949250333000&amp;usg=AFQjCNEvigow5Iu0xCyPZsiBmO5iSLH_Ig\">R\u00c9UNION DE SUIVI DE LA CRISE SANITAIRE PR\u00c9SID\u00c9E PAR LA MINISTRE DE LA TRANSFORMATION ET DE LA FONCTION PUBLIQUES<\/a><\/strong><\/p>\n<p><strong>&#8211;\u00a0<a href=\"http:\/\/www.fo-territoriaux42.fr\/2020\/12\/12\/defense-des-droits-des-salaries-et-des-libertes-individuelles-et-collectives-communique-fo-du-12-decembre-2020\/\" target=\"_blank\" rel=\"noopener noreferrer\" data-saferedirecturl=\"https:\/\/www.google.com\/url?q=http:\/\/www.fo-territoriaux42.fr\/2020\/12\/12\/defense-des-droits-des-salaries-et-des-libertes-individuelles-et-collectives-communique-fo-du-12-decembre-2020\/&amp;source=gmail&amp;ust=1607949250333000&amp;usg=AFQjCNHj_vYVKorCWMeyf1xtFnE9bVGltA\">D\u00c9FENSE DES DROITS DES SALARI\u00c9S ET DES LIBERT\u00c9S INDIVIDUELLES ET COLLECTIVES : COMMUNIQU\u00c9 FO DU 12 D\u00c9CEMBRE 2020<\/a><\/strong><\/p>\n<\/div>\n<div class=\"yj6qo\"><\/div>\n<div class=\"adL\"><\/div>\n<\/div>\n<\/div>\n<div class=\"hi\"><\/div>\n<\/div>\n<\/div>\n","protected":false},"excerpt":{"rendered":"<p>Retrouvez les articles publi\u00e9s\u00a0la\u00a0semaine 50\u00a0sur votre site Internet\u00a0fo-territoriaux42.fr\u00a0en cliquant sur le lien de l\u2019article : &#8211;\u00a0PROTECTION SOCIALE COMPL\u00c9MENTAIRE : OBJECTIF 2024 POUR LA CONVERGENCE PUBLIC-PRIV\u00c9 [&#8230;]<\/p>\n","protected":false},"author":1,"featured_media":0,"comment_status":"closed","ping_status":"closed","sticky":false,"template":"","format":"standard","meta":{"jetpack_post_was_ever_published":false,"_jetpack_newsletter_access":"","_jetpack_dont_email_post_to_subs":false,"_jetpack_newsletter_tier_id":0,"_jetpack_memberships_contains_paywalled_content":false,"_jetpack_memberships_contains_paid_content":false,"footnotes":""},"categories":[17],"tags":[],"class_list":["post-1266","post","type-post","status-publish","format-standard","hentry","category-article"],"jetpack_featured_media_url":"","jetpack_sharing_enabled":true,"jetpack_shortlink":"https:\/\/wp.me\/p9roQz-kq","jetpack_likes_enabled":false,"publishpress_future_action":{"enabled":false,"date":"2026-05-09 12:58:08","action":"change-status","newStatus":"draft","terms":[],"taxonomy":"category","extraData":[]},"publishpress_future_workflow_manual_trigger":{"enabledWorkflows":[]},"_links":{"self":[{"href":"https:\/\/www.fo-saint-etienne.fr\/fomunvse\/index.php?rest_route=\/wp\/v2\/posts\/1266","targetHints":{"allow":["GET"]}}],"collection":[{"href":"https:\/\/www.fo-saint-etienne.fr\/fomunvse\/index.php?rest_route=\/wp\/v2\/posts"}],"about":[{"href":"https:\/\/www.fo-saint-etienne.fr\/fomunvse\/index.php?rest_route=\/wp\/v2\/types\/post"}],"author":[{"embeddable":true,"href":"https:\/\/www.fo-saint-etienne.fr\/fomunvse\/index.php?rest_route=\/wp\/v2\/users\/1"}],"replies":[{"embeddable":true,"href":"https:\/\/www.fo-saint-etienne.fr\/fomunvse\/index.php?rest_route=%2Fwp%2Fv2%2Fcomments&post=1266"}],"version-history":[{"count":1,"href":"https:\/\/www.fo-saint-etienne.fr\/fomunvse\/index.php?rest_route=\/wp\/v2\/posts\/1266\/revisions"}],"predecessor-version":[{"id":1267,"href":"https:\/\/www.fo-saint-etienne.fr\/fomunvse\/index.php?rest_route=\/wp\/v2\/posts\/1266\/revisions\/1267"}],"wp:attachment":[{"href":"https:\/\/www.fo-saint-etienne.fr\/fomunvse\/index.php?rest_route=%2Fwp%2Fv2%2Fmedia&parent=1266"}],"wp:term":[{"taxonomy":"category","embeddable":true,"href":"https:\/\/www.fo-saint-etienne.fr\/fomunvse\/index.php?rest_route=%2Fwp%2Fv2%2Fcategories&post=1266"},{"taxonomy":"post_tag","embeddable":true,"href":"https:\/\/www.fo-saint-etienne.fr\/fomunvse\/index.php?rest_route=%2Fwp%2Fv2%2Ftags&post=1266"}],"curies":[{"name":"wp","href":"https:\/\/api.w.org\/{rel}","templated":true}]}}