{"id":1268,"date":"2020-12-20T10:26:40","date_gmt":"2020-12-20T09:26:40","guid":{"rendered":"http:\/\/www.fo-saint-etienne.fr\/fomunvse\/?p=1268"},"modified":"2021-06-27T08:49:12","modified_gmt":"2021-06-27T07:49:12","slug":"info-force-ouvriere-de-la-semaine-51","status":"publish","type":"post","link":"https:\/\/www.fo-saint-etienne.fr\/fomunvse\/?p=1268","title":{"rendered":"Info FORCE OUVRI\u00c8RE de la semaine 51"},"content":{"rendered":"<div class=\"gs\">\n<div class=\"\">\n<div id=\":21w\" class=\"ii gt\">\n<div id=\":21v\" class=\"a3s aiL \">\n<div>\n<p>Retrouvez les articles publi\u00e9s\u00a0la\u00a0<strong>semaine 51<\/strong> sur le site Internet <strong><a href=\"http:\/\/www.fo-territoriaux42.fr\/\" target=\"_blank\" rel=\"noopener noreferrer\" data-saferedirecturl=\"https:\/\/www.google.com\/url?q=http:\/\/www.fo-territoriaux42.fr\/&amp;source=gmail&amp;ust=1608541807380000&amp;usg=AFQjCNHnOXfBLmwGVZiGZX0lvITkDV1WAg\">fo-territoriaux42.fr<\/a><\/strong>\u00a0<wbr \/>en cliquant sur le lien de l\u2019article :<\/p>\n<p><strong>&#8211;\u00a0<a href=\"http:\/\/www.fo-territoriaux42.fr\/2020\/12\/14\/conditions-dacces-des-agents-a-lallocation-daide-au-retour-a-lemploi\/\" target=\"_blank\" rel=\"noopener noreferrer\" data-saferedirecturl=\"https:\/\/www.google.com\/url?q=http:\/\/www.fo-territoriaux42.fr\/2020\/12\/14\/conditions-dacces-des-agents-a-lallocation-daide-au-retour-a-lemploi\/&amp;source=gmail&amp;ust=1608541807380000&amp;usg=AFQjCNG_HanQTCcqgUl3ebt4x7liEifBZw\">CONDITIONS D\u2019ACC\u00c8S DES AGENTS \u00c0 L\u2019ALLOCATION D\u2019AIDE AU RETOUR \u00c0 L\u2019EMPLOI<\/a><\/strong><\/p>\n<p><strong>&#8211;\u00a0<a href=\"http:\/\/www.fo-territoriaux42.fr\/2020\/12\/14\/application-du-rifseep-aux-cadres-demplois-dinfirmier-de-puericultrice-et-de-sage-femme\/\" target=\"_blank\" rel=\"noopener noreferrer\" data-saferedirecturl=\"https:\/\/www.google.com\/url?q=http:\/\/www.fo-territoriaux42.fr\/2020\/12\/14\/application-du-rifseep-aux-cadres-demplois-dinfirmier-de-puericultrice-et-de-sage-femme\/&amp;source=gmail&amp;ust=1608541807380000&amp;usg=AFQjCNHM8KLnGeYkhLZjA3CUlp_6JDsSyQ\">APPLICATION DU RIFSEEP AUX CADRES D\u2019EMPLOIS D\u2019INFIRMIER, DE PU\u00c9RICULTRICE ET DE SAGE-FEMME<\/a><\/strong><\/p>\n<p><strong>&#8211;\u00a0<a href=\"http:\/\/www.fo-territoriaux42.fr\/2020\/12\/15\/les-attributions-des-commissions-administratives-paritaires-cap-sont-redefinies\/\" target=\"_blank\" rel=\"noopener noreferrer\" data-saferedirecturl=\"https:\/\/www.google.com\/url?q=http:\/\/www.fo-territoriaux42.fr\/2020\/12\/15\/les-attributions-des-commissions-administratives-paritaires-cap-sont-redefinies\/&amp;source=gmail&amp;ust=1608541807380000&amp;usg=AFQjCNFIeH-35ISETtuxbTvqXRx2dFU3YQ\">LES ATTRIBUTIONS DES COMMISSIONS ADMINISTRATIVES PARITAIRES (CAP) SONT RED\u00c9FINIES<\/a><\/strong><\/p>\n<p><strong>&#8211;\u00a0<a href=\"http:\/\/www.fo-territoriaux42.fr\/2020\/12\/16\/forfait-mobilites-durables-parution-du-decret\/\" target=\"_blank\" rel=\"noopener noreferrer\" data-saferedirecturl=\"https:\/\/www.google.com\/url?q=http:\/\/www.fo-territoriaux42.fr\/2020\/12\/16\/forfait-mobilites-durables-parution-du-decret\/&amp;source=gmail&amp;ust=1608541807380000&amp;usg=AFQjCNGxusHJeG8XU0DMQDkRWWuff55luQ\">FORFAIT MOBILIT\u00c9S DURABLES : PARUTION DU D\u00c9CRET<\/a><\/strong><\/p>\n<p><strong>&#8211;\u00a0<a href=\"http:\/\/www.fo-territoriaux42.fr\/2020\/12\/16\/rencontre-fo-mission-laforcade-du-15-decembre-public-prive-social-medicosocial-enfance-petite-enfance-183-euros-pour-tous\/\" target=\"_blank\" rel=\"noopener noreferrer\" data-saferedirecturl=\"https:\/\/www.google.com\/url?q=http:\/\/www.fo-territoriaux42.fr\/2020\/12\/16\/rencontre-fo-mission-laforcade-du-15-decembre-public-prive-social-medicosocial-enfance-petite-enfance-183-euros-pour-tous\/&amp;source=gmail&amp;ust=1608541807380000&amp;usg=AFQjCNH2rYHyulPmfRZyeMy-kq9rhJikQg\">RENCONTRE FO \u2013 MISSION LAFORCADE DU 15 D\u00c9CEMBRE PUBLIC\/PRIV\u00c9 SOCIAL, M\u00c9DICOSOCIAL , ENFANCE, PETITE ENFANCE : 183 EUROS POUR TOUS !<\/a><\/strong><\/p>\n<p><strong>&#8211;\u00a0<a href=\"http:\/\/www.fo-territoriaux42.fr\/2020\/12\/16\/edito-dyves-veyrier-du-16-decembre-2020-pour-gagner\/\" target=\"_blank\" rel=\"noopener noreferrer\" data-saferedirecturl=\"https:\/\/www.google.com\/url?q=http:\/\/www.fo-territoriaux42.fr\/2020\/12\/16\/edito-dyves-veyrier-du-16-decembre-2020-pour-gagner\/&amp;source=gmail&amp;ust=1608541807380000&amp;usg=AFQjCNE0N1V3Y3KtA4eq0i395pCggdFoIA\">\u00c9DITO D\u2019YVES VEYRIER DU 16 D\u00c9CEMBRE 2020 : POUR GAGNER !<\/a><\/strong><\/p>\n<p><strong>&#8211;\u00a0<a href=\"http:\/\/www.fo-territoriaux42.fr\/2020\/12\/17\/salaires-fo-toujours-sur-le-pont-pour-obtenir-lextension-du-segur\/\" target=\"_blank\" rel=\"noopener noreferrer\" data-saferedirecturl=\"https:\/\/www.google.com\/url?q=http:\/\/www.fo-territoriaux42.fr\/2020\/12\/17\/salaires-fo-toujours-sur-le-pont-pour-obtenir-lextension-du-segur\/&amp;source=gmail&amp;ust=1608541807380000&amp;usg=AFQjCNFokotx5f3WdRT8SDGG4idTaE6GIw\">SALAIRES : FO TOUJOURS SUR LE PONT POUR OBTENIR L\u2019EXTENSION DU S\u00c9GUR<\/a><\/strong><\/p>\n<p><strong>&#8211;\u00a0<a href=\"http:\/\/www.fo-territoriaux42.fr\/2020\/12\/17\/feu-vert-definitif-du-parlement-a-la-suspension-du-jour-de-carence-dans-la-fonction-publique\/\" target=\"_blank\" rel=\"noopener noreferrer\" data-saferedirecturl=\"https:\/\/www.google.com\/url?q=http:\/\/www.fo-territoriaux42.fr\/2020\/12\/17\/feu-vert-definitif-du-parlement-a-la-suspension-du-jour-de-carence-dans-la-fonction-publique\/&amp;source=gmail&amp;ust=1608541807380000&amp;usg=AFQjCNEFsI1_wICHCjCuq0tKsJyhpEzz3A\">FEU VERT D\u00c9FINITIF DU PARLEMENT \u00c0 LA SUSPENSION DU JOUR DE CARENCE DANS LA FONCTION PUBLIQUE<\/a><\/strong><\/p>\n<p><strong>&#8211;\u00a0<a href=\"http:\/\/www.fo-territoriaux42.fr\/2020\/12\/17\/liberte-dexpression-des-syndicats-un-principe-toujours-a-defendre\/\" target=\"_blank\" rel=\"noopener noreferrer\" data-saferedirecturl=\"https:\/\/www.google.com\/url?q=http:\/\/www.fo-territoriaux42.fr\/2020\/12\/17\/liberte-dexpression-des-syndicats-un-principe-toujours-a-defendre\/&amp;source=gmail&amp;ust=1608541807380000&amp;usg=AFQjCNGYzNYy0DxHnrvXhw8L8EE5sGH5jA\">LIBERT\u00c9 D\u2019EXPRESSION DES SYNDICATS : UN PRINCIPE TOUJOURS \u00c0 D\u00c9FENDRE<\/a><\/strong><\/p>\n<p><strong>&#8211;\u00a0<a href=\"http:\/\/www.fo-territoriaux42.fr\/2020\/12\/18\/compte-rendu-du-conseil-superieur-de-la-fonction-publique-territorial-du-17-decembre-2020\/\" target=\"_blank\" rel=\"noopener noreferrer\" data-saferedirecturl=\"https:\/\/www.google.com\/url?q=http:\/\/www.fo-territoriaux42.fr\/2020\/12\/18\/compte-rendu-du-conseil-superieur-de-la-fonction-publique-territorial-du-17-decembre-2020\/&amp;source=gmail&amp;ust=1608541807381000&amp;usg=AFQjCNGyOwhuv9twRjCCSG8OS_vO63A50w\">COMPTE RENDU DU CONSEIL SUP\u00c9RIEUR DE LA FONCTION PUBLIQUE TERRITORIAL DU 17 D\u00c9CEMBRE 2020<\/a><\/strong><\/p>\n<p><strong>&#8211;\u00a0<a href=\"http:\/\/www.fo-territoriaux42.fr\/2020\/12\/18\/decret-sur-les-comites-sociaux-territoriaux-le-gouvernement-campe-sur-ses-positions\/\" target=\"_blank\" rel=\"noopener noreferrer\" data-saferedirecturl=\"https:\/\/www.google.com\/url?q=http:\/\/www.fo-territoriaux42.fr\/2020\/12\/18\/decret-sur-les-comites-sociaux-territoriaux-le-gouvernement-campe-sur-ses-positions\/&amp;source=gmail&amp;ust=1608541807381000&amp;usg=AFQjCNHTk-VKSEWlI-tpYmWNjpAldjht5A\">D\u00c9CRET SUR LES COMIT\u00c9S SOCIAUX TERRITORIAUX : LE GOUVERNEMENT CAMPE SUR SES POSITIONS !<\/a><\/strong><\/p>\n<p><strong>&#8211;\u00a0<a href=\"http:\/\/www.fo-territoriaux42.fr\/2020\/12\/18\/application-du-rifseep-les-disparites-demeurent\/\" target=\"_blank\" rel=\"noopener noreferrer\" data-saferedirecturl=\"https:\/\/www.google.com\/url?q=http:\/\/www.fo-territoriaux42.fr\/2020\/12\/18\/application-du-rifseep-les-disparites-demeurent\/&amp;source=gmail&amp;ust=1608541807381000&amp;usg=AFQjCNHWw5VFb14-SfY0vXUhSnqDTHjZBw\">APPLICATION DU RIFSEEP : LES DISPARIT\u00c9S DEMEURENT<\/a><\/strong><\/p>\n<p><strong>&#8211;\u00a0<a href=\"http:\/\/www.fo-territoriaux42.fr\/2020\/12\/18\/protection-sociale-complementaire-les-employeurs-territoriaux-favorables-a-une-participation-obligatoire\/\" target=\"_blank\" rel=\"noopener noreferrer\" data-saferedirecturl=\"https:\/\/www.google.com\/url?q=http:\/\/www.fo-territoriaux42.fr\/2020\/12\/18\/protection-sociale-complementaire-les-employeurs-territoriaux-favorables-a-une-participation-obligatoire\/&amp;source=gmail&amp;ust=1608541807381000&amp;usg=AFQjCNFfU3pbLWXDungNU4BrXCpiot1j5Q\">COMPL\u00c9MENTAIRE SANT\u00c9 : LA PARTICIPATION \u00c0 50 % DES EMPLOYEURS PUBLICS BIENT\u00d4T OBLIGATOIRE<\/a><\/strong><\/p>\n<p><strong>&#8211;\u00a0<a href=\"http:\/\/www.fo-territoriaux42.fr\/2020\/12\/19\/declaration-de-la-commission-executive-confederale-fo-du-17-decembre-2020\/\" target=\"_blank\" rel=\"noopener noreferrer\" data-saferedirecturl=\"https:\/\/www.google.com\/url?q=http:\/\/www.fo-territoriaux42.fr\/2020\/12\/19\/declaration-de-la-commission-executive-confederale-fo-du-17-decembre-2020\/&amp;source=gmail&amp;ust=1608541807381000&amp;usg=AFQjCNEXULR0elyK3Eh-BWNE0z3CtyBIDA\">D\u00c9CLARATION DE LA COMMISSION EX\u00c9CUTIVE CONF\u00c9D\u00c9RALE FO DU 17 D\u00c9CEMBRE 2020<\/a><\/strong><\/p>\n<div>\n<div class=\"adL\"><\/div>\n<\/div>\n<div class=\"adL\"><\/div>\n<\/div>\n<div class=\"adL\"><\/div>\n<\/div>\n<\/div>\n<div class=\"hi\"><\/div>\n<\/div>\n<\/div>\n","protected":false},"excerpt":{"rendered":"<p>Retrouvez les articles publi\u00e9s\u00a0la\u00a0semaine 51 sur le site Internet fo-territoriaux42.fr\u00a0en cliquant sur le lien de l\u2019article : &#8211;\u00a0CONDITIONS D\u2019ACC\u00c8S DES AGENTS \u00c0 L\u2019ALLOCATION D\u2019AIDE AU [&#8230;]<\/p>\n","protected":false},"author":1,"featured_media":0,"comment_status":"closed","ping_status":"closed","sticky":false,"template":"","format":"standard","meta":{"jetpack_post_was_ever_published":false,"_jetpack_newsletter_access":"","_jetpack_dont_email_post_to_subs":false,"_jetpack_newsletter_tier_id":0,"_jetpack_memberships_contains_paywalled_content":false,"_jetpack_memberships_contains_paid_content":false,"footnotes":""},"categories":[17],"tags":[],"class_list":["post-1268","post","type-post","status-publish","format-standard","hentry","category-article"],"jetpack_featured_media_url":"","jetpack_sharing_enabled":true,"jetpack_shortlink":"https:\/\/wp.me\/p9roQz-ks","jetpack_likes_enabled":false,"publishpress_future_action":{"enabled":false,"date":"2026-05-09 12:52:17","action":"change-status","newStatus":"draft","terms":[],"taxonomy":"category","extraData":[]},"publishpress_future_workflow_manual_trigger":{"enabledWorkflows":[]},"_links":{"self":[{"href":"https:\/\/www.fo-saint-etienne.fr\/fomunvse\/index.php?rest_route=\/wp\/v2\/posts\/1268","targetHints":{"allow":["GET"]}}],"collection":[{"href":"https:\/\/www.fo-saint-etienne.fr\/fomunvse\/index.php?rest_route=\/wp\/v2\/posts"}],"about":[{"href":"https:\/\/www.fo-saint-etienne.fr\/fomunvse\/index.php?rest_route=\/wp\/v2\/types\/post"}],"author":[{"embeddable":true,"href":"https:\/\/www.fo-saint-etienne.fr\/fomunvse\/index.php?rest_route=\/wp\/v2\/users\/1"}],"replies":[{"embeddable":true,"href":"https:\/\/www.fo-saint-etienne.fr\/fomunvse\/index.php?rest_route=%2Fwp%2Fv2%2Fcomments&post=1268"}],"version-history":[{"count":2,"href":"https:\/\/www.fo-saint-etienne.fr\/fomunvse\/index.php?rest_route=\/wp\/v2\/posts\/1268\/revisions"}],"predecessor-version":[{"id":1270,"href":"https:\/\/www.fo-saint-etienne.fr\/fomunvse\/index.php?rest_route=\/wp\/v2\/posts\/1268\/revisions\/1270"}],"wp:attachment":[{"href":"https:\/\/www.fo-saint-etienne.fr\/fomunvse\/index.php?rest_route=%2Fwp%2Fv2%2Fmedia&parent=1268"}],"wp:term":[{"taxonomy":"category","embeddable":true,"href":"https:\/\/www.fo-saint-etienne.fr\/fomunvse\/index.php?rest_route=%2Fwp%2Fv2%2Fcategories&post=1268"},{"taxonomy":"post_tag","embeddable":true,"href":"https:\/\/www.fo-saint-etienne.fr\/fomunvse\/index.php?rest_route=%2Fwp%2Fv2%2Ftags&post=1268"}],"curies":[{"name":"wp","href":"https:\/\/api.w.org\/{rel}","templated":true}]}}