{"id":1272,"date":"2020-12-27T12:42:36","date_gmt":"2020-12-27T11:42:36","guid":{"rendered":"http:\/\/www.fo-saint-etienne.fr\/fomunvse\/?p=1272"},"modified":"2021-06-27T08:49:12","modified_gmt":"2021-06-27T07:49:12","slug":"info-force-ouvriere-de-la-semaine-52","status":"publish","type":"post","link":"https:\/\/www.fo-saint-etienne.fr\/fomunvse\/?p=1272","title":{"rendered":"Info FORCE OUVRI\u00c8RE de la semaine 52"},"content":{"rendered":"<p>Retrouvez les articles publi\u00e9s\u00a0la\u00a0<strong>semaine 52<\/strong>\u00a0sur votre site Internet\u00a0<strong><a href=\"http:\/\/www.fo-territoriaux42.fr\/\" target=\"_blank\" rel=\"noopener noreferrer\" data-saferedirecturl=\"https:\/\/www.google.com\/url?q=http:\/\/www.fo-territoriaux42.fr\/&amp;source=gmail&amp;ust=1609149449851000&amp;usg=AFQjCNG8I3ISUeJb6EqBVSLGgeUCoF-p0w\">fo-territoriaux42.fr<\/a><\/strong>\u00a0<wbr \/>en cliquant sur le lien de l\u2019article :<\/p>\n<p><strong>&#8211;\u00a0<a href=\"http:\/\/www.fo-territoriaux42.fr\/2020\/12\/22\/les-adaptations-des-concours-de-la-fonction-publique-pour-cause-de-covid-pourront-se-poursuivre\/\" target=\"_blank\" rel=\"noopener noreferrer\" data-saferedirecturl=\"https:\/\/www.google.com\/url?q=http:\/\/www.fo-territoriaux42.fr\/2020\/12\/22\/les-adaptations-des-concours-de-la-fonction-publique-pour-cause-de-covid-pourront-se-poursuivre\/&amp;source=gmail&amp;ust=1609149449851000&amp;usg=AFQjCNHXfQ9NC3fa87yox37NcOH4laWDIA\">LES ADAPTATIONS DES CONCOURS DE LA FONCTION PUBLIQUE POUR CAUSE DE COVID POURRONT SE POURSUIVRE<\/a><\/strong><\/p>\n<p><strong>&#8211;\u00a0<a href=\"http:\/\/www.fo-territoriaux42.fr\/2020\/12\/22\/ordonnance-conges-payes-il-etait-legal-dimposer-aux-agents-de-deposer-10-jours-de-repos-lors-du-confinement-du-printemps-2020\/\" target=\"_blank\" rel=\"noopener noreferrer\" data-saferedirecturl=\"https:\/\/www.google.com\/url?q=http:\/\/www.fo-territoriaux42.fr\/2020\/12\/22\/ordonnance-conges-payes-il-etait-legal-dimposer-aux-agents-de-deposer-10-jours-de-repos-lors-du-confinement-du-printemps-2020\/&amp;source=gmail&amp;ust=1609149449851000&amp;usg=AFQjCNGeuxeLjUBtEAYf9UMG8rpvPEvPPw\">ORDONNANCE CONG\u00c9S PAY\u00c9S : IL \u00c9TAIT L\u00c9GAL D\u2019IMPOSER AUX AGENTS DE D\u00c9POSER 10 JOURS DE REPOS LORS DU CONFINEMENT DU PRINTEMPS 2020<\/a><\/strong><\/p>\n<p><strong>&#8211;\u00a0<a href=\"http:\/\/www.fo-territoriaux42.fr\/2020\/12\/23\/indemnite-compensatrice-de-la-hausse-de-la-csg-la-reevaluation-sera-desormais-automatique-et-annuelle\/\" target=\"_blank\" rel=\"noopener noreferrer\" data-saferedirecturl=\"https:\/\/www.google.com\/url?q=http:\/\/www.fo-territoriaux42.fr\/2020\/12\/23\/indemnite-compensatrice-de-la-hausse-de-la-csg-la-reevaluation-sera-desormais-automatique-et-annuelle\/&amp;source=gmail&amp;ust=1609149449851000&amp;usg=AFQjCNF-j54bMEGOau6DqRJ5ZgAqiYP-Bg\">INDEMNIT\u00c9 COMPENSATRICE DE LA HAUSSE DE LA CSG : LA R\u00c9\u00c9VALUATION SERA D\u00c9SORMAIS AUTOMATIQUE ET ANNUELLE<\/a><\/strong><\/p>\n<p><strong>&#8211;\u00a0<a href=\"http:\/\/www.fo-territoriaux42.fr\/2020\/12\/23\/deploiement-des-tests-antigeniques-dans-la-fonction-publique-territoriale\/\" target=\"_blank\" rel=\"noopener noreferrer\" data-saferedirecturl=\"https:\/\/www.google.com\/url?q=http:\/\/www.fo-territoriaux42.fr\/2020\/12\/23\/deploiement-des-tests-antigeniques-dans-la-fonction-publique-territoriale\/&amp;source=gmail&amp;ust=1609149449851000&amp;usg=AFQjCNHAVMGfKfDrmOr66SmgRCk6vuFSsw\">D\u00c9PLOIEMENT DES TESTS ANTIG\u00c9NIQUES DANS LA FONCTION PUBLIQUE TERRITORIALE<\/a><\/strong><\/p>\n<p><strong>&#8211;\u00a0<a href=\"http:\/\/www.fo-territoriaux42.fr\/2020\/12\/23\/deroulement-des-concours-et-examens-pendant-la-crise-sanitaire-nee-de-lepidemie-de-covid-19\/\" target=\"_blank\" rel=\"noopener noreferrer\" data-saferedirecturl=\"https:\/\/www.google.com\/url?q=http:\/\/www.fo-territoriaux42.fr\/2020\/12\/23\/deroulement-des-concours-et-examens-pendant-la-crise-sanitaire-nee-de-lepidemie-de-covid-19\/&amp;source=gmail&amp;ust=1609149449851000&amp;usg=AFQjCNGB-BgwfUQCbDHJ-oKaq3GfaQjakQ\">D\u00c9ROULEMENT DES CONCOURS ET EXAMENS PENDANT LA CRISE SANITAIRE N\u00c9E DE L\u2019\u00c9PID\u00c9MIE DE COVID-19<\/a><\/strong><\/p>\n<p><strong>&#8211;\u00a0<a href=\"http:\/\/www.fo-territoriaux42.fr\/2020\/12\/23\/retrospective-2020-une-ab\/\" target=\"_blank\" rel=\"noopener noreferrer\" data-saferedirecturl=\"https:\/\/www.google.com\/url?q=http:\/\/www.fo-territoriaux42.fr\/2020\/12\/23\/retrospective-2020-une-ab\/&amp;source=gmail&amp;ust=1609149449851000&amp;usg=AFQjCNELGq7TOM2W-nh1uUcGo_tGF-esXw\">R\u00c9TROSPECTIVE : 2020, UNE ANN\u00c9E PAS COMME LES AUTRES POUR LA FONCTION PUBLIQUE<\/a><\/strong><\/p>\n<p><strong>&#8211;\u00a0<a href=\"http:\/\/www.fo-territoriaux42.fr\/2020\/12\/24\/remuneration-revalorisation-indiciaire-au-1er-janvier-2021-dans-le-cadre-du-p-p-c-r\/\" target=\"_blank\" rel=\"noopener noreferrer\" data-saferedirecturl=\"https:\/\/www.google.com\/url?q=http:\/\/www.fo-territoriaux42.fr\/2020\/12\/24\/remuneration-revalorisation-indiciaire-au-1er-janvier-2021-dans-le-cadre-du-p-p-c-r\/&amp;source=gmail&amp;ust=1609149449851000&amp;usg=AFQjCNF6TYZMwgpQZN5bh0laO19j_8m6Aw\">R\u00c9MUN\u00c9RATION : REVALORISATION INDICIAIRE AU 1er\u00a0JANVIER 2021 DANS LE CADRE DU P.P.C.R.<\/a><\/strong><\/p>\n<h5><em><strong>Bonne consultation et passez de bonnes f\u00eates de No\u00ebl.<\/strong><\/em><\/h5>\n","protected":false},"excerpt":{"rendered":"<p>Retrouvez les articles publi\u00e9s\u00a0la\u00a0semaine 52\u00a0sur votre site Internet\u00a0fo-territoriaux42.fr\u00a0en cliquant sur le lien de l\u2019article : &#8211;\u00a0LES ADAPTATIONS DES CONCOURS DE LA FONCTION PUBLIQUE POUR CAUSE [&#8230;]<\/p>\n","protected":false},"author":1,"featured_media":0,"comment_status":"closed","ping_status":"closed","sticky":false,"template":"","format":"standard","meta":{"jetpack_post_was_ever_published":false,"_jetpack_newsletter_access":"","_jetpack_dont_email_post_to_subs":false,"_jetpack_newsletter_tier_id":0,"_jetpack_memberships_contains_paywalled_content":false,"_jetpack_memberships_contains_paid_content":false,"footnotes":""},"categories":[17],"tags":[],"class_list":["post-1272","post","type-post","status-publish","format-standard","hentry","category-article"],"jetpack_featured_media_url":"","jetpack_sharing_enabled":true,"jetpack_shortlink":"https:\/\/wp.me\/p9roQz-kw","jetpack_likes_enabled":false,"publishpress_future_action":{"enabled":false,"date":"2026-05-09 12:50:34","action":"change-status","newStatus":"draft","terms":[],"taxonomy":"category","extraData":[]},"publishpress_future_workflow_manual_trigger":{"enabledWorkflows":[]},"_links":{"self":[{"href":"https:\/\/www.fo-saint-etienne.fr\/fomunvse\/index.php?rest_route=\/wp\/v2\/posts\/1272","targetHints":{"allow":["GET"]}}],"collection":[{"href":"https:\/\/www.fo-saint-etienne.fr\/fomunvse\/index.php?rest_route=\/wp\/v2\/posts"}],"about":[{"href":"https:\/\/www.fo-saint-etienne.fr\/fomunvse\/index.php?rest_route=\/wp\/v2\/types\/post"}],"author":[{"embeddable":true,"href":"https:\/\/www.fo-saint-etienne.fr\/fomunvse\/index.php?rest_route=\/wp\/v2\/users\/1"}],"replies":[{"embeddable":true,"href":"https:\/\/www.fo-saint-etienne.fr\/fomunvse\/index.php?rest_route=%2Fwp%2Fv2%2Fcomments&post=1272"}],"version-history":[{"count":2,"href":"https:\/\/www.fo-saint-etienne.fr\/fomunvse\/index.php?rest_route=\/wp\/v2\/posts\/1272\/revisions"}],"predecessor-version":[{"id":1274,"href":"https:\/\/www.fo-saint-etienne.fr\/fomunvse\/index.php?rest_route=\/wp\/v2\/posts\/1272\/revisions\/1274"}],"wp:attachment":[{"href":"https:\/\/www.fo-saint-etienne.fr\/fomunvse\/index.php?rest_route=%2Fwp%2Fv2%2Fmedia&parent=1272"}],"wp:term":[{"taxonomy":"category","embeddable":true,"href":"https:\/\/www.fo-saint-etienne.fr\/fomunvse\/index.php?rest_route=%2Fwp%2Fv2%2Fcategories&post=1272"},{"taxonomy":"post_tag","embeddable":true,"href":"https:\/\/www.fo-saint-etienne.fr\/fomunvse\/index.php?rest_route=%2Fwp%2Fv2%2Ftags&post=1272"}],"curies":[{"name":"wp","href":"https:\/\/api.w.org\/{rel}","templated":true}]}}