{"id":1276,"date":"2021-01-05T11:59:40","date_gmt":"2021-01-05T10:59:40","guid":{"rendered":"http:\/\/www.fo-saint-etienne.fr\/fomunvse\/?p=1276"},"modified":"2021-06-27T08:49:12","modified_gmt":"2021-06-27T07:49:12","slug":"info-force-ouvriere-de-la-semaine-53","status":"publish","type":"post","link":"https:\/\/www.fo-saint-etienne.fr\/fomunvse\/?p=1276","title":{"rendered":"Info FORCE OUVRI\u00c8RE de la semaine 53"},"content":{"rendered":"<div class=\"gs\">\n<div class=\"\">\n<div id=\":2yn\" class=\"ii gt\">\n<div id=\":2yo\" class=\"a3s aiL \">\n<div>\n<div>\n<div>\n<div>\n<div>\n<div>\n<div>\n<div>\n<div>\n<p><em>Retrouvez les informations de<strong>\u00a0FORCE OUVRI\u00c8RE Territoriaux\u00a0<\/strong>publi\u00e9es la semaine 53 sur le site Internet\u00a0<strong><span id=\"m_-7189698834447989335OBJ_PREFIX_DWT262_com_zimbra_url\"><span id=\"m_-7189698834447989335OBJ_PREFIX_DWT139_com_zimbra_url\"><span id=\"m_-7189698834447989335OBJ_PREFIX_DWT151_com_zimbra_url\"><span id=\"m_-7189698834447989335OBJ_PREFIX_DWT1401_com_zimbra_url\"><span id=\"m_-7189698834447989335OBJ_PREFIX_DWT183_com_zimbra_url\"><span id=\"m_-7189698834447989335OBJ_PREFIX_DWT177_com_zimbra_url\"><span id=\"m_-7189698834447989335OBJ_PREFIX_DWT225_com_zimbra_url\"><span id=\"m_-7189698834447989335OBJ_PREFIX_DWT221_com_zimbra_url\"><span id=\"m_-7189698834447989335OBJ_PREFIX_DWT340_com_zimbra_url\"><span id=\"m_-7189698834447989335OBJ_PREFIX_DWT86_com_zimbra_url\"><span id=\"m_-7189698834447989335OBJ_PREFIX_DWT205_com_zimbra_url\"><span id=\"m_-7189698834447989335OBJ_PREFIX_DWT82_com_zimbra_url\"><span id=\"m_-7189698834447989335OBJ_PREFIX_DWT150_com_zimbra_url\"><span id=\"m_-7189698834447989335OBJ_PREFIX_DWT100_com_zimbra_url\"><span id=\"m_-7189698834447989335OBJ_PREFIX_DWT125_com_zimbra_url\"><span id=\"m_-7189698834447989335OBJ_PREFIX_DWT702_com_zimbra_url\"><span id=\"m_-7189698834447989335OBJ_PREFIX_DWT155_com_zimbra_url\"><span id=\"m_-7189698834447989335OBJ_PREFIX_DWT428_com_zimbra_url\"><span id=\"m_-7189698834447989335OBJ_PREFIX_DWT291_com_zimbra_url\"><span id=\"m_-7189698834447989335OBJ_PREFIX_DWT628_com_zimbra_url\"><span id=\"m_-7189698834447989335OBJ_PREFIX_DWT410_com_zimbra_url\"><span id=\"m_-7189698834447989335OBJ_PREFIX_DWT226_com_zimbra_url\"><span id=\"m_-7189698834447989335OBJ_PREFIX_DWT237_com_zimbra_url\"><span id=\"m_-7189698834447989335OBJ_PREFIX_DWT634_com_zimbra_url\"><span id=\"m_-7189698834447989335OBJ_PREFIX_DWT192_com_zimbra_url\"><span id=\"m_-7189698834447989335OBJ_PREFIX_DWT218_com_zimbra_url\"><span id=\"m_-7189698834447989335OBJ_PREFIX_DWT272_com_zimbra_url\"><span id=\"m_-7189698834447989335OBJ_PREFIX_DWT244_com_zimbra_url\"><span id=\"m_-7189698834447989335OBJ_PREFIX_DWT229_com_zimbra_url\"><span id=\"m_-7189698834447989335OBJ_PREFIX_DWT765_com_zimbra_url\"><a href=\"http:\/\/www.fo-territoriaux42.fr\/\" target=\"_blank\" rel=\"noopener noreferrer nofollow\" data-saferedirecturl=\"https:\/\/www.google.com\/url?q=http:\/\/www.fo-territoriaux42.fr\/&amp;source=gmail&amp;ust=1609930657341000&amp;usg=AFQjCNFPzBwDTDq1y2WDijVgXqGNbwx-Bg\">fo-territoriaux42.fr<\/a><\/span><\/span><\/span><\/span><\/span><\/span><\/span><\/span><\/span><\/span><\/span><\/span><\/span><\/span><\/span><\/span><\/span><\/span><\/span><\/span><\/span><\/span><\/span><\/span><\/span><\/span><\/span><\/span><\/span><\/span><\/strong>\u00a0<wbr \/>en cliquant sur le lien de l\u2019article :<\/em><\/p>\n<\/div>\n<\/div>\n<\/div>\n<div>\n<p><strong>&#8211;\u00a0<a href=\"http:\/\/www.fo-territoriaux42.fr\/2020\/12\/28\/mesures-en-matiere-de-sante-et-de-famille-applicables-immediatement-dans-la-fpt\/\" target=\"_blank\" rel=\"noopener noreferrer nofollow\" data-saferedirecturl=\"https:\/\/www.google.com\/url?q=http:\/\/www.fo-territoriaux42.fr\/2020\/12\/28\/mesures-en-matiere-de-sante-et-de-famille-applicables-immediatement-dans-la-fpt\/&amp;source=gmail&amp;ust=1609930657341000&amp;usg=AFQjCNHUdL-2nJYl97ju11FukK2WSnwZkw\">MESURES EN MATI\u00c8RE DE SANT\u00c9 ET DE FAMILLE APPLICABLES IMM\u00c9DIATEMENT DANS LA FPT<\/a><\/strong><\/p>\n<p><strong>&#8211;\u00a0<a href=\"http:\/\/www.fo-territoriaux42.fr\/2020\/12\/28\/ce-qui-change-au-1er-janvier-2021\/\" target=\"_blank\" rel=\"noopener noreferrer nofollow\" data-saferedirecturl=\"https:\/\/www.google.com\/url?q=http:\/\/www.fo-territoriaux42.fr\/2020\/12\/28\/ce-qui-change-au-1er-janvier-2021\/&amp;source=gmail&amp;ust=1609930657341000&amp;usg=AFQjCNFkDibcr80xS_KwzpxhH4MR68tofw\">CE QUI CHANGE AU 1er JANVIER 2021<\/a><\/strong><\/p>\n<p><strong>&#8211;\u00a0<a href=\"http:\/\/www.fo-territoriaux42.fr\/2020\/12\/31\/liste-daptitude-le-decompte-de-la-periode-de-validite-est-supendu-jusquau-31-avril-2021\/\" target=\"_blank\" rel=\"noopener noreferrer nofollow\" data-saferedirecturl=\"https:\/\/www.google.com\/url?q=http:\/\/www.fo-territoriaux42.fr\/2020\/12\/31\/liste-daptitude-le-decompte-de-la-periode-de-validite-est-supendu-jusquau-31-avril-2021\/&amp;source=gmail&amp;ust=1609930657341000&amp;usg=AFQjCNGCeEO7VlJ-35CXYgZHI6dCH76-Ug\">LISTE D\u2019APTITUDE : LE D\u00c9COMPTE DE LA P\u00c9RIODE DE VALIDIT\u00c9 EST SUPENDU JUSQU\u2019AU 31 AVRIL 2021<\/a><\/strong><\/p>\n<p><strong>&#8211;\u00a0<a href=\"http:\/\/www.fo-territoriaux42.fr\/2020\/12\/31\/modalites-de-mise-en-oeuvre-de-lallocation-forfaitaire-versee-en-cas-de-deces-dun-enfant\/\" target=\"_blank\" rel=\"noopener noreferrer nofollow\" data-saferedirecturl=\"https:\/\/www.google.com\/url?q=http:\/\/www.fo-territoriaux42.fr\/2020\/12\/31\/modalites-de-mise-en-oeuvre-de-lallocation-forfaitaire-versee-en-cas-de-deces-dun-enfant\/&amp;source=gmail&amp;ust=1609930657341000&amp;usg=AFQjCNHy1r13CG_R1VdwWgniADDySidUcg\">MODALIT\u00c9S DE MISE EN \u0152UVRE DE L\u2019ALLOCATION FORFAITAIRE VERS\u00c9E EN CAS DE D\u00c9C\u00c8S D\u2019UN ENFANT<\/a><\/strong><\/p>\n<p><strong>&#8211;\u00a0<a href=\"http:\/\/www.fo-territoriaux42.fr\/2020\/12\/31\/ce-qui-change-au-1er-janvier-dans-la-fonction-publique\/\" target=\"_blank\" rel=\"noopener noreferrer nofollow\" data-saferedirecturl=\"https:\/\/www.google.com\/url?q=http:\/\/www.fo-territoriaux42.fr\/2020\/12\/31\/ce-qui-change-au-1er-janvier-dans-la-fonction-publique\/&amp;source=gmail&amp;ust=1609930657341000&amp;usg=AFQjCNFEbRFla94jrdB_SuCftcMz6X_AXA\">CE QUI CHANGE AU 1er JANVIER DANS LA FONCTION PUBLIQUE<\/a><\/strong><\/p>\n<p><strong>&#8211;\u00a0<a href=\"http:\/\/www.fo-territoriaux42.fr\/2021\/01\/02\/le-groupement-departemental-fo-des-territoriaux-de-la-loire-vous-souhaite-une-bonne-annee-2021\/\" target=\"_blank\" rel=\"noopener noreferrer nofollow\" data-saferedirecturl=\"https:\/\/www.google.com\/url?q=http:\/\/www.fo-territoriaux42.fr\/2021\/01\/02\/le-groupement-departemental-fo-des-territoriaux-de-la-loire-vous-souhaite-une-bonne-annee-2021\/&amp;source=gmail&amp;ust=1609930657341000&amp;usg=AFQjCNFWLCs7yGp1kiDrKjD03q16e3PKuQ\">LE GROUPEMENT D\u00c9PARTEMENTAL FO DES TERRITORIAUX DE LA LOIRE VOUS SOUHAITE UNE BONNE ANN\u00c9E 2021<\/a><\/strong><\/p>\n<p>&nbsp;<\/p>\n<p>Bonne consultation et\u00a0<strong><em>BONNE ANN\u00c9E \u00e0 toutes et \u00e0 tous\u00a0<\/em><\/strong><strong><em>!<\/em><\/strong><\/p>\n<\/div>\n<\/div>\n<\/div>\n<\/div>\n<\/div>\n<\/div>\n<div class=\"yj6qo\"><\/div>\n<div class=\"adL\"><\/div>\n<\/div>\n<\/div>\n<\/div>\n<div class=\"hi\"><\/div>\n<\/div>\n<\/div>\n","protected":false},"excerpt":{"rendered":"<p>Retrouvez les informations de\u00a0FORCE OUVRI\u00c8RE Territoriaux\u00a0publi\u00e9es la semaine 53 sur le site Internet\u00a0fo-territoriaux42.fr\u00a0en cliquant sur le lien de l\u2019article : &#8211;\u00a0MESURES EN MATI\u00c8RE DE SANT\u00c9 [&#8230;]<\/p>\n","protected":false},"author":1,"featured_media":0,"comment_status":"closed","ping_status":"closed","sticky":false,"template":"","format":"standard","meta":{"jetpack_post_was_ever_published":false,"_jetpack_newsletter_access":"","_jetpack_dont_email_post_to_subs":false,"_jetpack_newsletter_tier_id":0,"_jetpack_memberships_contains_paywalled_content":false,"_jetpack_memberships_contains_paid_content":false,"footnotes":""},"categories":[17],"tags":[],"class_list":["post-1276","post","type-post","status-publish","format-standard","hentry","category-article"],"jetpack_featured_media_url":"","jetpack_sharing_enabled":true,"jetpack_shortlink":"https:\/\/wp.me\/p9roQz-kA","jetpack_likes_enabled":false,"publishpress_future_action":{"enabled":false,"date":"2026-05-09 14:15:58","action":"change-status","newStatus":"draft","terms":[],"taxonomy":"category","extraData":[]},"publishpress_future_workflow_manual_trigger":{"enabledWorkflows":[]},"_links":{"self":[{"href":"https:\/\/www.fo-saint-etienne.fr\/fomunvse\/index.php?rest_route=\/wp\/v2\/posts\/1276","targetHints":{"allow":["GET"]}}],"collection":[{"href":"https:\/\/www.fo-saint-etienne.fr\/fomunvse\/index.php?rest_route=\/wp\/v2\/posts"}],"about":[{"href":"https:\/\/www.fo-saint-etienne.fr\/fomunvse\/index.php?rest_route=\/wp\/v2\/types\/post"}],"author":[{"embeddable":true,"href":"https:\/\/www.fo-saint-etienne.fr\/fomunvse\/index.php?rest_route=\/wp\/v2\/users\/1"}],"replies":[{"embeddable":true,"href":"https:\/\/www.fo-saint-etienne.fr\/fomunvse\/index.php?rest_route=%2Fwp%2Fv2%2Fcomments&post=1276"}],"version-history":[{"count":2,"href":"https:\/\/www.fo-saint-etienne.fr\/fomunvse\/index.php?rest_route=\/wp\/v2\/posts\/1276\/revisions"}],"predecessor-version":[{"id":1278,"href":"https:\/\/www.fo-saint-etienne.fr\/fomunvse\/index.php?rest_route=\/wp\/v2\/posts\/1276\/revisions\/1278"}],"wp:attachment":[{"href":"https:\/\/www.fo-saint-etienne.fr\/fomunvse\/index.php?rest_route=%2Fwp%2Fv2%2Fmedia&parent=1276"}],"wp:term":[{"taxonomy":"category","embeddable":true,"href":"https:\/\/www.fo-saint-etienne.fr\/fomunvse\/index.php?rest_route=%2Fwp%2Fv2%2Fcategories&post=1276"},{"taxonomy":"post_tag","embeddable":true,"href":"https:\/\/www.fo-saint-etienne.fr\/fomunvse\/index.php?rest_route=%2Fwp%2Fv2%2Ftags&post=1276"}],"curies":[{"name":"wp","href":"https:\/\/api.w.org\/{rel}","templated":true}]}}