{"id":1369,"date":"2021-05-30T09:01:47","date_gmt":"2021-05-30T08:01:47","guid":{"rendered":"http:\/\/www.fo-saint-etienne.fr\/fomunvse\/?p=1369"},"modified":"2021-06-27T08:47:47","modified_gmt":"2021-06-27T07:47:47","slug":"info-force-ouvriere-de-la-semaine-21-2021","status":"publish","type":"post","link":"https:\/\/www.fo-saint-etienne.fr\/fomunvse\/?p=1369","title":{"rendered":"Info FORCE OUVRI\u00c8RE de la semaine 21 2021"},"content":{"rendered":"<div class=\"gs\">\n<div class=\"\">\n<div id=\":1na\" class=\"ii gt\">\n<div id=\":1n9\" class=\"a3s aiL \">\n<div dir=\"ltr\">\n<div class=\"gmail_default\">\n<div class=\"gmail_default\">\n<div class=\"gmail_default\">\n<p>Retrouvez les articles publi\u00e9s\u00a0la\u00a0<strong><span style=\"color: #cc0000; font-size: large;\">semaine 21<\/span><\/strong> sur le site Internet <strong><span style=\"font-size: large;\"><a href=\"http:\/\/fo-territoriaux42.fr\/\" target=\"_blank\" rel=\"noopener\" data-saferedirecturl=\"https:\/\/www.google.com\/url?q=http:\/\/fo-territoriaux42.fr\/&amp;source=gmail&amp;ust=1622446572377000&amp;usg=AFQjCNEnFQOiRDbmCpmaJE_P3CuqxTL-Fg\">fo-territoriaux42.fr<\/a><\/span><\/strong>\u00a0<wbr \/>en cliquant sur le lien de l\u2019article :<\/p>\n<p><span style=\"font-size: large;\"><b>&#8211;\u00a0<a href=\"http:\/\/www.fo-territoriaux42.fr\/2021\/05\/24\/agents-publics-la-reconnaissance-se-fait-attendre\/\" target=\"_blank\" rel=\"noopener\" data-saferedirecturl=\"https:\/\/www.google.com\/url?q=http:\/\/www.fo-territoriaux42.fr\/2021\/05\/24\/agents-publics-la-reconnaissance-se-fait-attendre\/&amp;source=gmail&amp;ust=1622446572377000&amp;usg=AFQjCNHlRhDYZKapeZLM-zowuoD_ZBS49w\">AGENTS PUBLICS : LA RECONNAISSANCE SE FAIT ATTENDRE<\/a><\/p>\n<p>&#8211;\u00a0<a href=\"http:\/\/www.fo-territoriaux42.fr\/2021\/05\/24\/declaration-sociale-nominative-dsn-tous-les-employeurs-publics-devront-obligatoirement-y-passer-en-2022\/\" target=\"_blank\" rel=\"noopener\" data-saferedirecturl=\"https:\/\/www.google.com\/url?q=http:\/\/www.fo-territoriaux42.fr\/2021\/05\/24\/declaration-sociale-nominative-dsn-tous-les-employeurs-publics-devront-obligatoirement-y-passer-en-2022\/&amp;source=gmail&amp;ust=1622446572377000&amp;usg=AFQjCNEMRz0zqjbFar9uVaUQIjWqVxYKOg\">D\u00c9CLARATION SOCIALE NOMINATIVE (DSN) : TOUS LES EMPLOYEURS PUBLICS DEVRONT OBLIGATOIREMENT Y PASSER EN 2022<\/a><\/p>\n<p>&#8211;\u00a0<a href=\"http:\/\/www.fo-territoriaux42.fr\/2021\/05\/25\/covid-19-nouvelle-faq-de-la-dgcl-mise-a-jour-du-19-mai-2021\/\" target=\"_blank\" rel=\"noopener\" data-saferedirecturl=\"https:\/\/www.google.com\/url?q=http:\/\/www.fo-territoriaux42.fr\/2021\/05\/25\/covid-19-nouvelle-faq-de-la-dgcl-mise-a-jour-du-19-mai-2021\/&amp;source=gmail&amp;ust=1622446572377000&amp;usg=AFQjCNHF65ADH7HM6Exc07sIsmexX6wEoA\">COVID-19 : NOUVELLE FAQ DE LA DGCL MISE \u00c0 JOUR DU 19 MAI 2021<\/a><\/p>\n<p>&#8211;\u00a0<a href=\"http:\/\/www.fo-territoriaux42.fr\/2021\/05\/26\/les-regles-du-teletravail-seront-assouplies-des-le-9-juin-2021\/\" target=\"_blank\" rel=\"noopener\" data-saferedirecturl=\"https:\/\/www.google.com\/url?q=http:\/\/www.fo-territoriaux42.fr\/2021\/05\/26\/les-regles-du-teletravail-seront-assouplies-des-le-9-juin-2021\/&amp;source=gmail&amp;ust=1622446572377000&amp;usg=AFQjCNH6e4sbiojC2BEKZDobddWE5RxkFw\">LES R\u00c8GLES DU T\u00c9L\u00c9TRAVAIL SERONT ASSOUPLIES D\u00c8S LE 9 JUIN 2021<\/a><\/p>\n<p>&#8211;\u00a0<a href=\"http:\/\/www.fo-territoriaux42.fr\/2021\/05\/26\/protocole-sanitaire-au-travail-les-nouvelles-evolutions-a-prendre-en-compte-dans-le-secteur-public\/\" target=\"_blank\" rel=\"noopener\" data-saferedirecturl=\"https:\/\/www.google.com\/url?q=http:\/\/www.fo-territoriaux42.fr\/2021\/05\/26\/protocole-sanitaire-au-travail-les-nouvelles-evolutions-a-prendre-en-compte-dans-le-secteur-public\/&amp;source=gmail&amp;ust=1622446572377000&amp;usg=AFQjCNFJtBbA2MzigvMNWu-9tVP8aiI8ew\">PROTOCOLE SANITAIRE AU TRAVAIL : LES NOUVELLES \u00c9VOLUTIONS \u00c0 PRENDRE EN COMPTE DANS LE SECTEUR PUBLIC<\/a><\/p>\n<p>&#8211;\u00a0<a href=\"http:\/\/www.fo-territoriaux42.fr\/2021\/05\/26\/fo-territoriaux-refuse-le-travail-gratuit\/\" target=\"_blank\" rel=\"noopener\" data-saferedirecturl=\"https:\/\/www.google.com\/url?q=http:\/\/www.fo-territoriaux42.fr\/2021\/05\/26\/fo-territoriaux-refuse-le-travail-gratuit\/&amp;source=gmail&amp;ust=1622446572378000&amp;usg=AFQjCNHcFZDv7jaVIdYm2pfRgwYTYCxkSQ\">FO TERRITORIAUX REFUSE LE TRAVAIL GRATUIT<\/a><\/p>\n<p>&#8211;\u00a0<a href=\"http:\/\/www.fo-territoriaux42.fr\/2021\/05\/26\/circulaire-federale-explicative-suite-a-la-parution-du-decret-creant-les-comites-sociaux-territoriaux\/\" target=\"_blank\" rel=\"noopener\" data-saferedirecturl=\"https:\/\/www.google.com\/url?q=http:\/\/www.fo-territoriaux42.fr\/2021\/05\/26\/circulaire-federale-explicative-suite-a-la-parution-du-decret-creant-les-comites-sociaux-territoriaux\/&amp;source=gmail&amp;ust=1622446572378000&amp;usg=AFQjCNFQsBSfXeMPFO-ZwshEZHzvn5rXTg\">CIRCULAIRE F\u00c9D\u00c9RALE EXPLICATIVE SUITE \u00c0 LA PARUTION DU D\u00c9CRET CR\u00c9ANT LES COMIT\u00c9S SOCIAUX TERRITORIAUX<\/a><\/p>\n<p>&#8211;\u00a0<a href=\"http:\/\/www.fo-territoriaux42.fr\/2021\/05\/26\/edito-dyves-veyrier-du-26-mai-2021-prendre-part-au-syndicat\/\" target=\"_blank\" rel=\"noopener\" data-saferedirecturl=\"https:\/\/www.google.com\/url?q=http:\/\/www.fo-territoriaux42.fr\/2021\/05\/26\/edito-dyves-veyrier-du-26-mai-2021-prendre-part-au-syndicat\/&amp;source=gmail&amp;ust=1622446572378000&amp;usg=AFQjCNEtomo5xuj7x94rS3sIK697psP0tA\">\u00c9DITO D\u2019YVES VEYRIER DU 26 MAI 2021 : \u00ab PRENDRE PART AU SYNDICAT \u00bb<\/a><\/p>\n<p>&#8211;\u00a0<a href=\"http:\/\/www.fo-territoriaux42.fr\/2021\/05\/27\/fonction-publique-les-agents-de-categorie-c-et-en-situation-de-handicap-prioritaires-a-la-formation\/\" target=\"_blank\" rel=\"noopener\" data-saferedirecturl=\"https:\/\/www.google.com\/url?q=http:\/\/www.fo-territoriaux42.fr\/2021\/05\/27\/fonction-publique-les-agents-de-categorie-c-et-en-situation-de-handicap-prioritaires-a-la-formation\/&amp;source=gmail&amp;ust=1622446572378000&amp;usg=AFQjCNHzmG6o1SbugZX9OmwNwU3Vg4kDYA\">FONCTION PUBLIQUE : LES AGENTS DE CAT\u00c9GORIE C ET EN SITUATION DE HANDICAP \u00ab PRIORITAIRES \u00bb \u00c0 LA FORMATION<\/a><\/p>\n<p>&#8211;\u00a0<a href=\"http:\/\/www.fo-territoriaux42.fr\/2021\/05\/27\/petite-enfance-greve-le-3-juin-pour-labandon-du-projet-taquet-de-reforme-des-modes-daccueil\/\" target=\"_blank\" rel=\"noopener\" data-saferedirecturl=\"https:\/\/www.google.com\/url?q=http:\/\/www.fo-territoriaux42.fr\/2021\/05\/27\/petite-enfance-greve-le-3-juin-pour-labandon-du-projet-taquet-de-reforme-des-modes-daccueil\/&amp;source=gmail&amp;ust=1622446572378000&amp;usg=AFQjCNErlRkybz5K5iieD7QaIjVNVJqmUw\">PETITE ENFANCE : GR\u00c8VE LE 3 JUIN POUR L\u2019ABANDON DU PROJET TAQUET DE R\u00c9FORME DES MODES D\u2019ACCUEIL<\/a><\/p>\n<p>&#8211;\u00a0<a href=\"http:\/\/www.fo-territoriaux42.fr\/2021\/05\/27\/pour-la-federation-fo-sps-le-numero-unique-durgence-cest-non\/\" target=\"_blank\" rel=\"noopener\" data-saferedirecturl=\"https:\/\/www.google.com\/url?q=http:\/\/www.fo-territoriaux42.fr\/2021\/05\/27\/pour-la-federation-fo-sps-le-numero-unique-durgence-cest-non\/&amp;source=gmail&amp;ust=1622446572378000&amp;usg=AFQjCNGOs1Mrxr6arQ9slu-Qd_1XYMxRxw\">POUR LA F\u00c9D\u00c9RATION FO-SPS LE NUM\u00c9RO UNIQUE D\u2019URGENCE C\u2019EST NON !<\/a><\/p>\n<p>&#8211;\u00a0<a href=\"http:\/\/www.fo-territoriaux42.fr\/2021\/05\/28\/representativite-pour-fo-la-confirmlation-de-sa-3eme-place-conforte-son-audience\/\" target=\"_blank\" rel=\"noopener\" data-saferedirecturl=\"https:\/\/www.google.com\/url?q=http:\/\/www.fo-territoriaux42.fr\/2021\/05\/28\/representativite-pour-fo-la-confirmlation-de-sa-3eme-place-conforte-son-audience\/&amp;source=gmail&amp;ust=1622446572378000&amp;usg=AFQjCNFaYoTtQB8u7K2bTrJhf7BH_bwGUw\">REPR\u00c9SENTATIVIT\u00c9 : POUR FO, LA CONFIRMLATION DE SA 3\u00c8ME PLACE CONFORTE SON AUDIENCE \u2026<\/a><\/b><\/span><\/div>\n<\/div>\n<\/div>\n<\/div>\n<div class=\"adL\"><\/div>\n<\/div>\n<\/div>\n<div class=\"hi\"><\/div>\n<\/div>\n<\/div>\n","protected":false},"excerpt":{"rendered":"<p>Retrouvez les articles publi\u00e9s\u00a0la\u00a0semaine 21 sur le site Internet fo-territoriaux42.fr\u00a0en cliquant sur le lien de l\u2019article : &#8211;\u00a0AGENTS PUBLICS : LA RECONNAISSANCE SE FAIT ATTENDRE [&#8230;]<\/p>\n","protected":false},"author":1,"featured_media":0,"comment_status":"closed","ping_status":"closed","sticky":false,"template":"","format":"standard","meta":{"jetpack_post_was_ever_published":false,"_jetpack_newsletter_access":"","_jetpack_dont_email_post_to_subs":false,"_jetpack_newsletter_tier_id":0,"_jetpack_memberships_contains_paywalled_content":false,"_jetpack_memberships_contains_paid_content":false,"footnotes":""},"categories":[17],"tags":[],"class_list":["post-1369","post","type-post","status-publish","format-standard","hentry","category-article"],"jetpack_featured_media_url":"","jetpack_sharing_enabled":true,"jetpack_shortlink":"https:\/\/wp.me\/p9roQz-m5","jetpack_likes_enabled":false,"publishpress_future_action":{"enabled":false,"date":"2026-05-10 18:15:13","action":"change-status","newStatus":"draft","terms":[],"taxonomy":"category","extraData":[]},"publishpress_future_workflow_manual_trigger":{"enabledWorkflows":[]},"_links":{"self":[{"href":"https:\/\/www.fo-saint-etienne.fr\/fomunvse\/index.php?rest_route=\/wp\/v2\/posts\/1369","targetHints":{"allow":["GET"]}}],"collection":[{"href":"https:\/\/www.fo-saint-etienne.fr\/fomunvse\/index.php?rest_route=\/wp\/v2\/posts"}],"about":[{"href":"https:\/\/www.fo-saint-etienne.fr\/fomunvse\/index.php?rest_route=\/wp\/v2\/types\/post"}],"author":[{"embeddable":true,"href":"https:\/\/www.fo-saint-etienne.fr\/fomunvse\/index.php?rest_route=\/wp\/v2\/users\/1"}],"replies":[{"embeddable":true,"href":"https:\/\/www.fo-saint-etienne.fr\/fomunvse\/index.php?rest_route=%2Fwp%2Fv2%2Fcomments&post=1369"}],"version-history":[{"count":1,"href":"https:\/\/www.fo-saint-etienne.fr\/fomunvse\/index.php?rest_route=\/wp\/v2\/posts\/1369\/revisions"}],"predecessor-version":[{"id":1370,"href":"https:\/\/www.fo-saint-etienne.fr\/fomunvse\/index.php?rest_route=\/wp\/v2\/posts\/1369\/revisions\/1370"}],"wp:attachment":[{"href":"https:\/\/www.fo-saint-etienne.fr\/fomunvse\/index.php?rest_route=%2Fwp%2Fv2%2Fmedia&parent=1369"}],"wp:term":[{"taxonomy":"category","embeddable":true,"href":"https:\/\/www.fo-saint-etienne.fr\/fomunvse\/index.php?rest_route=%2Fwp%2Fv2%2Fcategories&post=1369"},{"taxonomy":"post_tag","embeddable":true,"href":"https:\/\/www.fo-saint-etienne.fr\/fomunvse\/index.php?rest_route=%2Fwp%2Fv2%2Ftags&post=1369"}],"curies":[{"name":"wp","href":"https:\/\/api.w.org\/{rel}","templated":true}]}}