{"id":1377,"date":"2021-06-06T08:49:43","date_gmt":"2021-06-06T07:49:43","guid":{"rendered":"http:\/\/www.fo-saint-etienne.fr\/fomunvse\/?p=1377"},"modified":"2021-06-27T08:47:47","modified_gmt":"2021-06-27T07:47:47","slug":"info-force-ouvriere-de-la-semaine-22-2021","status":"publish","type":"post","link":"https:\/\/www.fo-saint-etienne.fr\/fomunvse\/?p=1377","title":{"rendered":"Info FORCE OUVRI\u00c8RE de la semaine 22 2021"},"content":{"rendered":"<div class=\"gmail_default\">\n<p>Retrouvez les articles publi\u00e9s\u00a0la\u00a0<strong><span style=\"color: #cc0000; font-size: large;\">semaine 22<\/span><\/strong> sur le site Internet <strong><span style=\"font-size: large;\"><a href=\"http:\/\/fo-territoriaux42.fr\/\" target=\"_blank\" rel=\"noopener\" data-saferedirecturl=\"https:\/\/www.google.com\/url?q=http:\/\/fo-territoriaux42.fr\/&amp;source=gmail&amp;ust=1623051544334000&amp;usg=AFQjCNHDPEOjnIrP_5rIypxv2yxKZtmw9w\">fo-territoriaux42.fr<\/a><\/span><\/strong>\u00a0<wbr \/>en cliquant sur le lien de l\u2019article :<\/p>\n<p><span style=\"font-size: large;\"><b>&#8211;\u00a0<a href=\"http:\/\/www.fo-territoriaux42.fr\/2021\/06\/01\/resolution-du-comite-confederal-national-fo-des-27-et-28-mai-2021\/\" target=\"_blank\" rel=\"noopener\" data-saferedirecturl=\"https:\/\/www.google.com\/url?q=http:\/\/www.fo-territoriaux42.fr\/2021\/06\/01\/resolution-du-comite-confederal-national-fo-des-27-et-28-mai-2021\/&amp;source=gmail&amp;ust=1623051544334000&amp;usg=AFQjCNFaTOO7k61huJ4vrwHGG75EdP0kRQ\">R\u00c9SOLUTION DU COMIT\u00c9 CONF\u00c9D\u00c9RAL NATIONAL FO DES 27 ET 28 MAI 2021<\/a><\/p>\n<p>&#8211;\u00a0<a href=\"http:\/\/www.fo-territoriaux42.fr\/2021\/06\/01\/quadvient-il-des-asa-agents-vulnerables-a-compter-du-1er-juin-date-de-la-fin-de-letat-durgence\/\" target=\"_blank\" rel=\"noopener\" data-saferedirecturl=\"https:\/\/www.google.com\/url?q=http:\/\/www.fo-territoriaux42.fr\/2021\/06\/01\/quadvient-il-des-asa-agents-vulnerables-a-compter-du-1er-juin-date-de-la-fin-de-letat-durgence\/&amp;source=gmail&amp;ust=1623051544334000&amp;usg=AFQjCNHgxri0XXKQYOr4ul2NJIMxNNEhxw\">QU\u2019ADVIENT-IL DES ASA AGENTS VULN\u00c9RABLES \u00c0 COMPTER DU 1ER JUIN, DATE DE LA FIN DE L\u2019\u00c9TAT D\u2019URGENCE ?<\/a><\/p>\n<p>&#8211;\u00a0<a href=\"http:\/\/www.fo-territoriaux42.fr\/2021\/06\/02\/faq-rh-fpt-dgcl-covid-19-publication-dune-mise-a-jour-au-1er-juin-2021\/\" target=\"_blank\" rel=\"noopener\" data-saferedirecturl=\"https:\/\/www.google.com\/url?q=http:\/\/www.fo-territoriaux42.fr\/2021\/06\/02\/faq-rh-fpt-dgcl-covid-19-publication-dune-mise-a-jour-au-1er-juin-2021\/&amp;source=gmail&amp;ust=1623051544334000&amp;usg=AFQjCNGxYjTPTg48WvYpa5-1vfvUfpSWMA\">FAQ RH FPT DGCL COVID-19 : PUBLICATION D\u2019UNE MISE \u00c0 JOUR AU 1ER JUIN 2021<\/a><\/p>\n<p>&#8211;\u00a0<a href=\"http:\/\/www.fo-territoriaux42.fr\/2021\/06\/02\/jour-de-carence-et-arret-maladie-covid-19-suspension-confirmee-jusquau-30-septembre-2021\/\" target=\"_blank\" rel=\"noopener\" data-saferedirecturl=\"https:\/\/www.google.com\/url?q=http:\/\/www.fo-territoriaux42.fr\/2021\/06\/02\/jour-de-carence-et-arret-maladie-covid-19-suspension-confirmee-jusquau-30-septembre-2021\/&amp;source=gmail&amp;ust=1623051544334000&amp;usg=AFQjCNEJ-xA6xs4iHmCvyHQcr6fDt0OIyg\">JOUR DE CARENCE ET ARR\u00caT MALADIE COVID-19 : SUSPENSION CONFIRM\u00c9E JUSQU\u2019AU 30 SEPTEMBRE 2021<\/a><\/p>\n<p>&#8211;\u00a0<a href=\"http:\/\/www.fo-territoriaux42.fr\/2021\/06\/02\/elections-professionnelles-2022-cest-parti-pour-la-preparation-du-scrutin\/\" target=\"_blank\" rel=\"noopener\" data-saferedirecturl=\"https:\/\/www.google.com\/url?q=http:\/\/www.fo-territoriaux42.fr\/2021\/06\/02\/elections-professionnelles-2022-cest-parti-pour-la-preparation-du-scrutin\/&amp;source=gmail&amp;ust=1623051544334000&amp;usg=AFQjCNF64TzLggEUwZakQJumtZWn2iOdEA\">\u00c9LECTIONS PROFESSIONNELLES 2022 : C\u2019EST PARTI POUR LA PR\u00c9PARATION DU SCRUTIN !<\/a><\/p>\n<p>&#8211;\u00a0<a href=\"http:\/\/www.fo-territoriaux42.fr\/2021\/06\/02\/compte-rendu-fo-du-csfpt-du-27-mai-2021\/\" target=\"_blank\" rel=\"noopener\" data-saferedirecturl=\"https:\/\/www.google.com\/url?q=http:\/\/www.fo-territoriaux42.fr\/2021\/06\/02\/compte-rendu-fo-du-csfpt-du-27-mai-2021\/&amp;source=gmail&amp;ust=1623051544334000&amp;usg=AFQjCNGq7LVZUyWfniUu2fU2vW5KJz4SGw\">COMPTE RENDU FO DU CSFPT DU 27 MAI 2021<\/a><\/p>\n<p>&#8211;\u00a0<a href=\"http:\/\/www.fo-territoriaux42.fr\/2021\/06\/03\/les-impacts-de-la-fusion-des-instances-de-dialogue-social-de-la-territoriale\/\" target=\"_blank\" rel=\"noopener\" data-saferedirecturl=\"https:\/\/www.google.com\/url?q=http:\/\/www.fo-territoriaux42.fr\/2021\/06\/03\/les-impacts-de-la-fusion-des-instances-de-dialogue-social-de-la-territoriale\/&amp;source=gmail&amp;ust=1623051544334000&amp;usg=AFQjCNFj-gXynG8MVvbJDfFx4qSRExC2xA\">LES IMPACTS DE LA FUSION DES INSTANCES DE DIALOGUE SOCIAL DE LA TERRITORIALE<\/a><\/p>\n<p>&#8211;\u00a0<a href=\"http:\/\/www.fo-territoriaux42.fr\/2021\/06\/03\/avancement-de-grade-les-tableaux-davancement-devront-toujours-etre-etablis\/\" target=\"_blank\" rel=\"noopener\" data-saferedirecturl=\"https:\/\/www.google.com\/url?q=http:\/\/www.fo-territoriaux42.fr\/2021\/06\/03\/avancement-de-grade-les-tableaux-davancement-devront-toujours-etre-etablis\/&amp;source=gmail&amp;ust=1623051544334000&amp;usg=AFQjCNGTCmj-9UKzt37zofBUMpdDBczlyA\">AVANCEMENT DE GRADE : LES TABLEAUX D\u2019AVANCEMENT DEVRONT TOUJOURS \u00caTRE \u00c9TABLIS<\/a><\/p>\n<p>&#8211;\u00a0<a href=\"http:\/\/www.fo-territoriaux42.fr\/2021\/06\/04\/nouveaux-delais-supplementaires-pour-les-fonctionnaires-territoriaux-stagiaires-le-decret-est-paru\/\" target=\"_blank\" rel=\"noopener\" data-saferedirecturl=\"https:\/\/www.google.com\/url?q=http:\/\/www.fo-territoriaux42.fr\/2021\/06\/04\/nouveaux-delais-supplementaires-pour-les-fonctionnaires-territoriaux-stagiaires-le-decret-est-paru\/&amp;source=gmail&amp;ust=1623051544334000&amp;usg=AFQjCNGI7sCsiLcX6hsCCGVuBZaXTtYSAg\">NOUVEAUX D\u00c9LAIS SUPPL\u00c9MENTAIRES POUR LES FONCTIONNAIRES TERRITORIAUX STAGIAIRES : LE D\u00c9CRET EST PARU<\/a><\/p>\n<p>&#8211;\u00a0<a href=\"http:\/\/www.fo-territoriaux42.fr\/2021\/06\/05\/la-mere-des-reformes-nest-plus-celle-des-retraites-mais-celle-de-lacces-a-lemploi-estime-le-sg-de-fo\/\" target=\"_blank\" rel=\"noopener\" data-saferedirecturl=\"https:\/\/www.google.com\/url?q=http:\/\/www.fo-territoriaux42.fr\/2021\/06\/05\/la-mere-des-reformes-nest-plus-celle-des-retraites-mais-celle-de-lacces-a-lemploi-estime-le-sg-de-fo\/&amp;source=gmail&amp;ust=1623051544334000&amp;usg=AFQjCNG2SJVGNxJeygD2WRez_yrL00RrRg\">\u00ab LA M\u00c8RE DES R\u00c9FORMES N\u2019EST PLUS CELLE DES RETRAITES, MAIS CELLE DE L\u2019ACC\u00c8S \u00c0 L\u2019EMPLOI \u00bb ESTIME LE SG DE FO<\/a><\/b><\/span><\/div>\n<div class=\"gmail_default\"><\/div>\n","protected":false},"excerpt":{"rendered":"<p>Retrouvez les articles publi\u00e9s\u00a0la\u00a0semaine 22 sur le site Internet fo-territoriaux42.fr\u00a0en cliquant sur le lien de l\u2019article : &#8211;\u00a0R\u00c9SOLUTION DU COMIT\u00c9 CONF\u00c9D\u00c9RAL NATIONAL FO DES 27 [&#8230;]<\/p>\n","protected":false},"author":1,"featured_media":0,"comment_status":"closed","ping_status":"closed","sticky":false,"template":"","format":"standard","meta":{"jetpack_post_was_ever_published":false,"_jetpack_newsletter_access":"","_jetpack_dont_email_post_to_subs":false,"_jetpack_newsletter_tier_id":0,"_jetpack_memberships_contains_paywalled_content":false,"_jetpack_memberships_contains_paid_content":false,"footnotes":""},"categories":[17],"tags":[],"class_list":["post-1377","post","type-post","status-publish","format-standard","hentry","category-article"],"jetpack_featured_media_url":"","jetpack_sharing_enabled":true,"jetpack_shortlink":"https:\/\/wp.me\/p9roQz-md","jetpack_likes_enabled":false,"publishpress_future_action":{"enabled":false,"date":"2026-05-10 16:55:50","action":"change-status","newStatus":"draft","terms":[],"taxonomy":"category","extraData":[]},"publishpress_future_workflow_manual_trigger":{"enabledWorkflows":[]},"_links":{"self":[{"href":"https:\/\/www.fo-saint-etienne.fr\/fomunvse\/index.php?rest_route=\/wp\/v2\/posts\/1377","targetHints":{"allow":["GET"]}}],"collection":[{"href":"https:\/\/www.fo-saint-etienne.fr\/fomunvse\/index.php?rest_route=\/wp\/v2\/posts"}],"about":[{"href":"https:\/\/www.fo-saint-etienne.fr\/fomunvse\/index.php?rest_route=\/wp\/v2\/types\/post"}],"author":[{"embeddable":true,"href":"https:\/\/www.fo-saint-etienne.fr\/fomunvse\/index.php?rest_route=\/wp\/v2\/users\/1"}],"replies":[{"embeddable":true,"href":"https:\/\/www.fo-saint-etienne.fr\/fomunvse\/index.php?rest_route=%2Fwp%2Fv2%2Fcomments&post=1377"}],"version-history":[{"count":1,"href":"https:\/\/www.fo-saint-etienne.fr\/fomunvse\/index.php?rest_route=\/wp\/v2\/posts\/1377\/revisions"}],"predecessor-version":[{"id":1378,"href":"https:\/\/www.fo-saint-etienne.fr\/fomunvse\/index.php?rest_route=\/wp\/v2\/posts\/1377\/revisions\/1378"}],"wp:attachment":[{"href":"https:\/\/www.fo-saint-etienne.fr\/fomunvse\/index.php?rest_route=%2Fwp%2Fv2%2Fmedia&parent=1377"}],"wp:term":[{"taxonomy":"category","embeddable":true,"href":"https:\/\/www.fo-saint-etienne.fr\/fomunvse\/index.php?rest_route=%2Fwp%2Fv2%2Fcategories&post=1377"},{"taxonomy":"post_tag","embeddable":true,"href":"https:\/\/www.fo-saint-etienne.fr\/fomunvse\/index.php?rest_route=%2Fwp%2Fv2%2Ftags&post=1377"}],"curies":[{"name":"wp","href":"https:\/\/api.w.org\/{rel}","templated":true}]}}