{"id":1380,"date":"2021-06-14T08:33:11","date_gmt":"2021-06-14T07:33:11","guid":{"rendered":"http:\/\/www.fo-saint-etienne.fr\/fomunvse\/?p=1380"},"modified":"2021-06-27T08:47:46","modified_gmt":"2021-06-27T07:47:46","slug":"info-force-ouvriere-de-la-semaine-23-2021","status":"publish","type":"post","link":"https:\/\/www.fo-saint-etienne.fr\/fomunvse\/?p=1380","title":{"rendered":"Info FORCE OUVRI\u00c8RE de la semaine 23 2021"},"content":{"rendered":"<div class=\"gs\">\n<div class=\"\">\n<div id=\":1b7\" class=\"ii gt\">\n<div id=\":1b6\" class=\"a3s aiL \">\n<div dir=\"ltr\">\n<div class=\"gmail_default\">\n<div class=\"gmail_default\">\n<p>Retrouvez les articles publi\u00e9s\u00a0la\u00a0<strong><span style=\"color: #cc0000; font-size: large;\">semaine 23<\/span><\/strong> sur le site Internet <strong><span style=\"font-size: large;\"><a href=\"http:\/\/fo-territoriaux42.fr\/\" target=\"_blank\" rel=\"noopener\" data-saferedirecturl=\"https:\/\/www.google.com\/url?q=http:\/\/fo-territoriaux42.fr\/&amp;source=gmail&amp;ust=1623742269319000&amp;usg=AFQjCNHHrVdu73GJ2axY0jWYh-Hh29e3xQ\">fo-territoriaux42.fr<\/a><\/span><\/strong>\u00a0<wbr \/>en cliquant sur le lien de l\u2019article :<\/p>\n<p><b><span style=\"font-size: large;\">&#8211;\u00a0<a href=\"http:\/\/www.fo-territoriaux42.fr\/2021\/06\/07\/apres-le-tout-teletravail-le-defi-du-retour-progressif-au-presentiel\/\" target=\"_blank\" rel=\"noopener\" data-saferedirecturl=\"https:\/\/www.google.com\/url?q=http:\/\/www.fo-territoriaux42.fr\/2021\/06\/07\/apres-le-tout-teletravail-le-defi-du-retour-progressif-au-presentiel\/&amp;source=gmail&amp;ust=1623742269319000&amp;usg=AFQjCNGbvA-KLPT421EzpHUPqXs1jtvBaQ\">APR\u00c8S LE \u00ab TOUT-T\u00c9L\u00c9TRAVAIL \u00bb, LE D\u00c9FI DU RETOUR PROGRESSIF AU PR\u00c9SENTIEL<\/a><\/span><\/b><\/p>\n<p>&#8211;\u00a0<a href=\"http:\/\/www.fo-territoriaux42.fr\/2021\/06\/08\/bientot-une-indemnite-teletravail-dans-la-fonction-publique\/\" target=\"_blank\" rel=\"noopener\" data-saferedirecturl=\"https:\/\/www.google.com\/url?q=http:\/\/www.fo-territoriaux42.fr\/2021\/06\/08\/bientot-une-indemnite-teletravail-dans-la-fonction-publique\/&amp;source=gmail&amp;ust=1623742269319000&amp;usg=AFQjCNHBgmYsqCmvSCXgy8noH1JJh9huWg\">BIENT\u00d4T UNE \u00ab INDEMNIT\u00c9 T\u00c9L\u00c9TRAVAIL \u00bb DANS LA FONCTION PUBLIQUE<\/a><\/p>\n<p>&#8211;\u00a0<a href=\"http:\/\/www.fo-territoriaux42.fr\/2021\/06\/08\/ruptures-conventionnelles-prise-en-charge-de-laide-au-retour-a-lemploi-are\/\" target=\"_blank\" rel=\"noopener\" data-saferedirecturl=\"https:\/\/www.google.com\/url?q=http:\/\/www.fo-territoriaux42.fr\/2021\/06\/08\/ruptures-conventionnelles-prise-en-charge-de-laide-au-retour-a-lemploi-are\/&amp;source=gmail&amp;ust=1623742269319000&amp;usg=AFQjCNFT-Hn08mDVy08AJoNHE0KM33rOZg\">RUPTURES CONVENTIONNELLES : PRISE EN CHARGE DE L\u2019AIDE AU RETOUR \u00c0 L\u2019EMPLOI (ARE)<\/a><\/p>\n<p>&#8211;\u00a0<a href=\"http:\/\/www.fo-territoriaux42.fr\/2021\/06\/09\/creation-dun-supplement-de-pension-et-dune-retenue-pour-pension-au-titre-du-cti-pour-certains-agents\/\" target=\"_blank\" rel=\"noopener\" data-saferedirecturl=\"https:\/\/www.google.com\/url?q=http:\/\/www.fo-territoriaux42.fr\/2021\/06\/09\/creation-dun-supplement-de-pension-et-dune-retenue-pour-pension-au-titre-du-cti-pour-certains-agents\/&amp;source=gmail&amp;ust=1623742269319000&amp;usg=AFQjCNHhOcwMWZyJpyE9nCo5Yr3wWMNDsQ\">CR\u00c9ATION D\u2019UN SUPPL\u00c9MENT DE PENSION ET D\u2019UNE RETENUE POUR PENSION AU TITRE DU CTI POUR CERTAINS AGENTS<\/a><\/p>\n<p>&#8211;\u00a0<a href=\"http:\/\/www.fo-territoriaux42.fr\/2021\/06\/09\/covid-19-faq-de-la-dgcl-mise-a-jour-au-7-juin-2021\/\" target=\"_blank\" rel=\"noopener\" data-saferedirecturl=\"https:\/\/www.google.com\/url?q=http:\/\/www.fo-territoriaux42.fr\/2021\/06\/09\/covid-19-faq-de-la-dgcl-mise-a-jour-au-7-juin-2021\/&amp;source=gmail&amp;ust=1623742269319000&amp;usg=AFQjCNFEYO_uhYlxZr3zKJHxCq5sIM_WDw\">COVID-19 : FAQ DE LA DGCL MISE \u00c0 JOUR AU 7 JUIN 2021<\/a><\/p>\n<p>&#8211;\u00a0<a href=\"http:\/\/www.fo-territoriaux42.fr\/2021\/06\/09\/retraites-des-fonctionnaires-laugmentation-de-la-part-des-primes-change-la-donne\/\" target=\"_blank\" rel=\"noopener\" data-saferedirecturl=\"https:\/\/www.google.com\/url?q=http:\/\/www.fo-territoriaux42.fr\/2021\/06\/09\/retraites-des-fonctionnaires-laugmentation-de-la-part-des-primes-change-la-donne\/&amp;source=gmail&amp;ust=1623742269319000&amp;usg=AFQjCNEPNvvjPwPb-9btV0CiV8wzgLu2SQ\">RETRAITES DES FONCTIONNAIRES : L\u2019AUGMENTATION DE LA PART DES PRIMES CHANGE LA DONNE<\/a><\/p>\n<p>&#8211;\u00a0<a href=\"http:\/\/www.fo-territoriaux42.fr\/2021\/06\/09\/edito-dyves-veyrier-du-9-juin-2021-un-vrai-travail-avec-un-vrai-salaire-pour-une-vraie-retraite\/\" target=\"_blank\" rel=\"noopener\" data-saferedirecturl=\"https:\/\/www.google.com\/url?q=http:\/\/www.fo-territoriaux42.fr\/2021\/06\/09\/edito-dyves-veyrier-du-9-juin-2021-un-vrai-travail-avec-un-vrai-salaire-pour-une-vraie-retraite\/&amp;source=gmail&amp;ust=1623742269319000&amp;usg=AFQjCNFGEYN2Cl4tCHQC4cKXwHpY6vrJRg\">\u00c9DITO D\u2019YVES VEYRIER DU 9 JUIN 2021 : UN VRAI TRAVAIL AVEC UN VRAI SALAIRE POUR UNE VRAIE RETRAITE<\/a><\/p>\n<p>&#8211;\u00a0<a href=\"http:\/\/www.fo-territoriaux42.fr\/2021\/06\/10\/le-prochain-rendez-vous-salarial-de-la-fonction-publique-se-tiendra-le-6-juillet-2021\/\" target=\"_blank\" rel=\"noopener\" data-saferedirecturl=\"https:\/\/www.google.com\/url?q=http:\/\/www.fo-territoriaux42.fr\/2021\/06\/10\/le-prochain-rendez-vous-salarial-de-la-fonction-publique-se-tiendra-le-6-juillet-2021\/&amp;source=gmail&amp;ust=1623742269319000&amp;usg=AFQjCNFLvpMoZk1x4WUF1VpGPED_Q5Y0pQ\">LE PROCHAIN RENDEZ-VOUS SALARIAL DE LA FONCTION PUBLIQUE SE TIENDRA LE 6 JUILLET 2021<\/a><\/p>\n<p>&#8211;\u00a0<a href=\"http:\/\/www.fo-territoriaux42.fr\/2021\/06\/10\/protocole-sanitaire-au-travail-quelles-evolutions-a-partir-du-9-juin-2021\/\" target=\"_blank\" rel=\"noopener\" data-saferedirecturl=\"https:\/\/www.google.com\/url?q=http:\/\/www.fo-territoriaux42.fr\/2021\/06\/10\/protocole-sanitaire-au-travail-quelles-evolutions-a-partir-du-9-juin-2021\/&amp;source=gmail&amp;ust=1623742269320000&amp;usg=AFQjCNHo_9-T0wWWf3bB-D4tiU28haWiGw\">PROTOCOLE SANITAIRE AU TRAVAIL : QUELLES \u00c9VOLUTIONS \u00c0 PARTIR DU 9 JUIN 2021 ?<\/a><\/p>\n<p>&#8211;\u00a0<a href=\"http:\/\/www.fo-territoriaux42.fr\/2021\/06\/10\/10-juin-2021-le-gd-fo-des-services-publics-et-de-sante-de-la-loire-en-congres-a-saint-galmier\/\" target=\"_blank\" rel=\"noopener\" data-saferedirecturl=\"https:\/\/www.google.com\/url?q=http:\/\/www.fo-territoriaux42.fr\/2021\/06\/10\/10-juin-2021-le-gd-fo-des-services-publics-et-de-sante-de-la-loire-en-congres-a-saint-galmier\/&amp;source=gmail&amp;ust=1623742269320000&amp;usg=AFQjCNHRMNY3y9oia-EV4yYTOyoanlHAgA\">10 JUIN 2021 : LE GD FO DES SERVICES PUBLICS ET DE SANT\u00c9 DE LA LOIRE EN CONGR\u00c8S \u00c0 SAINT-GALMIER<\/a><\/p>\n<\/div>\n<\/div>\n<\/div>\n<div class=\"adL\"><\/div>\n<\/div>\n<\/div>\n<div class=\"hi\"><\/div>\n<\/div>\n<\/div>\n","protected":false},"excerpt":{"rendered":"<p>Retrouvez les articles publi\u00e9s\u00a0la\u00a0semaine 23 sur le site Internet fo-territoriaux42.fr\u00a0en cliquant sur le lien de l\u2019article : &#8211;\u00a0APR\u00c8S LE \u00ab TOUT-T\u00c9L\u00c9TRAVAIL \u00bb, LE D\u00c9FI DU [&#8230;]<\/p>\n","protected":false},"author":1,"featured_media":0,"comment_status":"closed","ping_status":"closed","sticky":false,"template":"","format":"standard","meta":{"jetpack_post_was_ever_published":false,"_jetpack_newsletter_access":"","_jetpack_dont_email_post_to_subs":false,"_jetpack_newsletter_tier_id":0,"_jetpack_memberships_contains_paywalled_content":false,"_jetpack_memberships_contains_paid_content":false,"footnotes":""},"categories":[17],"tags":[],"class_list":["post-1380","post","type-post","status-publish","format-standard","hentry","category-article"],"jetpack_featured_media_url":"","jetpack_sharing_enabled":true,"jetpack_shortlink":"https:\/\/wp.me\/p9roQz-mg","jetpack_likes_enabled":false,"publishpress_future_action":{"enabled":false,"date":"2026-05-10 15:39:53","action":"change-status","newStatus":"draft","terms":[],"taxonomy":"category","extraData":[]},"publishpress_future_workflow_manual_trigger":{"enabledWorkflows":[]},"_links":{"self":[{"href":"https:\/\/www.fo-saint-etienne.fr\/fomunvse\/index.php?rest_route=\/wp\/v2\/posts\/1380","targetHints":{"allow":["GET"]}}],"collection":[{"href":"https:\/\/www.fo-saint-etienne.fr\/fomunvse\/index.php?rest_route=\/wp\/v2\/posts"}],"about":[{"href":"https:\/\/www.fo-saint-etienne.fr\/fomunvse\/index.php?rest_route=\/wp\/v2\/types\/post"}],"author":[{"embeddable":true,"href":"https:\/\/www.fo-saint-etienne.fr\/fomunvse\/index.php?rest_route=\/wp\/v2\/users\/1"}],"replies":[{"embeddable":true,"href":"https:\/\/www.fo-saint-etienne.fr\/fomunvse\/index.php?rest_route=%2Fwp%2Fv2%2Fcomments&post=1380"}],"version-history":[{"count":2,"href":"https:\/\/www.fo-saint-etienne.fr\/fomunvse\/index.php?rest_route=\/wp\/v2\/posts\/1380\/revisions"}],"predecessor-version":[{"id":1382,"href":"https:\/\/www.fo-saint-etienne.fr\/fomunvse\/index.php?rest_route=\/wp\/v2\/posts\/1380\/revisions\/1382"}],"wp:attachment":[{"href":"https:\/\/www.fo-saint-etienne.fr\/fomunvse\/index.php?rest_route=%2Fwp%2Fv2%2Fmedia&parent=1380"}],"wp:term":[{"taxonomy":"category","embeddable":true,"href":"https:\/\/www.fo-saint-etienne.fr\/fomunvse\/index.php?rest_route=%2Fwp%2Fv2%2Fcategories&post=1380"},{"taxonomy":"post_tag","embeddable":true,"href":"https:\/\/www.fo-saint-etienne.fr\/fomunvse\/index.php?rest_route=%2Fwp%2Fv2%2Ftags&post=1380"}],"curies":[{"name":"wp","href":"https:\/\/api.w.org\/{rel}","templated":true}]}}