{"id":1388,"date":"2021-06-21T08:05:26","date_gmt":"2021-06-21T07:05:26","guid":{"rendered":"http:\/\/www.fo-saint-etienne.fr\/fomunvse\/?p=1388"},"modified":"2021-06-27T08:47:46","modified_gmt":"2021-06-27T07:47:46","slug":"info-force-ouvriere-de-la-semaine-24-2021","status":"publish","type":"post","link":"https:\/\/www.fo-saint-etienne.fr\/fomunvse\/?p=1388","title":{"rendered":"Info FORCE OUVRI\u00c8RE de la semaine 24 2021"},"content":{"rendered":"<div>\n<div>\n<p><em>Retrouvez les informations de<strong>\u00a0FORCE OUVRI\u00c8RE Territoriaux\u00a0<\/strong>publi\u00e9es la semaine 24 sur le site Internet\u00a0<strong><span id=\"m_3266744382589922493OBJ_PREFIX_DWT262_com_zimbra_url\"><span id=\"m_3266744382589922493OBJ_PREFIX_DWT139_com_zimbra_url\"><span id=\"m_3266744382589922493OBJ_PREFIX_DWT151_com_zimbra_url\"><span id=\"m_3266744382589922493OBJ_PREFIX_DWT1401_com_zimbra_url\"><span id=\"m_3266744382589922493OBJ_PREFIX_DWT183_com_zimbra_url\"><span id=\"m_3266744382589922493OBJ_PREFIX_DWT177_com_zimbra_url\"><span id=\"m_3266744382589922493OBJ_PREFIX_DWT225_com_zimbra_url\"><span id=\"m_3266744382589922493OBJ_PREFIX_DWT221_com_zimbra_url\"><span id=\"m_3266744382589922493OBJ_PREFIX_DWT340_com_zimbra_url\"><span id=\"m_3266744382589922493OBJ_PREFIX_DWT86_com_zimbra_url\"><span id=\"m_3266744382589922493OBJ_PREFIX_DWT205_com_zimbra_url\"><span id=\"m_3266744382589922493OBJ_PREFIX_DWT82_com_zimbra_url\"><span id=\"m_3266744382589922493OBJ_PREFIX_DWT150_com_zimbra_url\"><span id=\"m_3266744382589922493OBJ_PREFIX_DWT100_com_zimbra_url\"><span id=\"m_3266744382589922493OBJ_PREFIX_DWT125_com_zimbra_url\"><span id=\"m_3266744382589922493OBJ_PREFIX_DWT702_com_zimbra_url\"><span id=\"m_3266744382589922493OBJ_PREFIX_DWT155_com_zimbra_url\"><span id=\"m_3266744382589922493OBJ_PREFIX_DWT428_com_zimbra_url\"><span id=\"m_3266744382589922493OBJ_PREFIX_DWT291_com_zimbra_url\"><span id=\"m_3266744382589922493OBJ_PREFIX_DWT628_com_zimbra_url\"><span id=\"m_3266744382589922493OBJ_PREFIX_DWT410_com_zimbra_url\"><span id=\"m_3266744382589922493OBJ_PREFIX_DWT226_com_zimbra_url\"><span id=\"m_3266744382589922493OBJ_PREFIX_DWT237_com_zimbra_url\"><span id=\"m_3266744382589922493OBJ_PREFIX_DWT634_com_zimbra_url\"><span id=\"m_3266744382589922493OBJ_PREFIX_DWT192_com_zimbra_url\"><span id=\"m_3266744382589922493OBJ_PREFIX_DWT218_com_zimbra_url\"><span id=\"m_3266744382589922493OBJ_PREFIX_DWT272_com_zimbra_url\"><span id=\"m_3266744382589922493OBJ_PREFIX_DWT244_com_zimbra_url\"><span id=\"m_3266744382589922493OBJ_PREFIX_DWT229_com_zimbra_url\"><span id=\"m_3266744382589922493OBJ_PREFIX_DWT196_com_zimbra_url\"><span id=\"m_3266744382589922493OBJ_PREFIX_DWT290_com_zimbra_url\"><span id=\"m_3266744382589922493OBJ_PREFIX_DWT170_com_zimbra_url\"><span id=\"m_3266744382589922493OBJ_PREFIX_DWT153_com_zimbra_url\"><span id=\"m_3266744382589922493OBJ_PREFIX_DWT258_com_zimbra_url\"><span id=\"m_3266744382589922493OBJ_PREFIX_DWT203_com_zimbra_url\"><span id=\"m_3266744382589922493OBJ_PREFIX_DWT195_com_zimbra_url\"><span id=\"m_3266744382589922493OBJ_PREFIX_DWT148_com_zimbra_url\"><span id=\"m_3266744382589922493OBJ_PREFIX_DWT294_com_zimbra_url\"><span id=\"m_3266744382589922493OBJ_PREFIX_DWT142_com_zimbra_url\"><span id=\"m_3266744382589922493OBJ_PREFIX_DWT365_com_zimbra_url\"><span id=\"m_3266744382589922493OBJ_PREFIX_DWT256_com_zimbra_url\"><span id=\"m_3266744382589922493OBJ_PREFIX_DWT127_com_zimbra_url\"><span id=\"m_3266744382589922493OBJ_PREFIX_DWT265_com_zimbra_url\"><span id=\"m_3266744382589922493OBJ_PREFIX_DWT128_com_zimbra_url\"><span id=\"m_3266744382589922493OBJ_PREFIX_DWT494_com_zimbra_url\"><span id=\"m_3266744382589922493OBJ_PREFIX_DWT223_com_zimbra_url\"><span id=\"m_3266744382589922493OBJ_PREFIX_DWT306_com_zimbra_url\"><a href=\"http:\/\/www.fo-territoriaux42.fr\/\" target=\"_blank\" rel=\"noopener noreferrer nofollow\" data-saferedirecturl=\"https:\/\/www.google.com\/url?q=http:\/\/www.fo-territoriaux42.fr\/&amp;source=gmail&amp;ust=1624344246639000&amp;usg=AFQjCNFciwgdvp38JOScdER-zLKD2WaTBw\">fo-territoriaux42.fr<\/a><\/span><\/span><\/span><\/span><\/span><\/span><\/span><\/span><\/span><\/span><\/span><\/span><\/span><\/span><\/span><\/span><\/span><\/span><\/span><\/span><\/span><\/span><\/span><\/span><\/span><\/span><\/span><\/span><\/span><\/span><\/span><\/span><\/span><\/span><\/span><\/span><\/span><\/span><\/span><\/span><\/span><\/span><\/span><\/span><\/span><\/span><\/span><\/strong>\u00a0<wbr \/>en cliquant sur le lien de l\u2019article :<\/em><\/p>\n<\/div>\n<\/div>\n<p><b>&#8211;\u00a0<a href=\"http:\/\/www.fo-territoriaux42.fr\/2021\/06\/14\/des-cdd-de-pls-en-plus-courts-dans-la-fonction-publique\/\" target=\"_blank\" rel=\"nofollow noopener noreferrer\" data-saferedirecturl=\"https:\/\/www.google.com\/url?q=http:\/\/www.fo-territoriaux42.fr\/2021\/06\/14\/des-cdd-de-pls-en-plus-courts-dans-la-fonction-publique\/&amp;source=gmail&amp;ust=1624344246639000&amp;usg=AFQjCNHxHw7rlfvbIBqkj6kNzMOhEf_MAw\">DES CDD DE PLUS EN PLUS COURTS DANS LA FONCTION PUBLIQUE<\/a><\/b><\/p>\n<p><strong>&#8211;\u00a0<a href=\"http:\/\/www.fo-territoriaux42.fr\/2021\/06\/14\/lemploi-progresse-de-09-dans-la-fonction-publique-territoriale-entre-2018-et-2019\/\" target=\"_blank\" rel=\"nofollow noopener noreferrer\" data-saferedirecturl=\"https:\/\/www.google.com\/url?q=http:\/\/www.fo-territoriaux42.fr\/2021\/06\/14\/lemploi-progresse-de-09-dans-la-fonction-publique-territoriale-entre-2018-et-2019\/&amp;source=gmail&amp;ust=1624344246639000&amp;usg=AFQjCNGwkZBthV0sCHhgotvMIWpDd4v76g\">L\u2019EMPLOI PROGRESSE DE 0,9 % DANS LA FONCTION PUBLIQUE TERRITORIALE ENTRE 2018 ET 2019<\/a><\/strong><\/p>\n<p><strong>&#8211;\u00a0<a href=\"http:\/\/www.fo-territoriaux42.fr\/2021\/06\/14\/le-conseil-constitutionnel-protege-le-secret-medicam-des-agents\/\" target=\"_blank\" rel=\"nofollow noopener noreferrer\" data-saferedirecturl=\"https:\/\/www.google.com\/url?q=http:\/\/www.fo-territoriaux42.fr\/2021\/06\/14\/le-conseil-constitutionnel-protege-le-secret-medicam-des-agents\/&amp;source=gmail&amp;ust=1624344246639000&amp;usg=AFQjCNGhkuUp6ZYmlfKMufAufWJcLO84SA\">LE CONSEIL CONSTITUTIONNEL PROT\u00c8GE LE SECRET M\u00c9DICAL DES AGENTS<\/a><\/strong><\/p>\n<p><strong>&#8211;\u00a0<a href=\"http:\/\/www.fo-territoriaux42.fr\/2021\/06\/15\/conge-paternite-a-compter-du-1er-juillet-2021-il-passe-de-11-a-25-jours\/\" target=\"_blank\" rel=\"nofollow noopener noreferrer\" data-saferedirecturl=\"https:\/\/www.google.com\/url?q=http:\/\/www.fo-territoriaux42.fr\/2021\/06\/15\/conge-paternite-a-compter-du-1er-juillet-2021-il-passe-de-11-a-25-jours\/&amp;source=gmail&amp;ust=1624344246639000&amp;usg=AFQjCNF1qAw7wjSyMPX1zWU1aDwS7uNkpg\">CONG\u00c9 PATERNIT\u00c9 : \u00c0 COMPTER DU 1ER JUILLET 2021, IL PASSE DE 11 \u00c0 25 JOURS<\/a><\/strong><\/p>\n<p><strong>&#8211;\u00a0<a href=\"http:\/\/www.fo-territoriaux42.fr\/2021\/06\/17\/une-collectivite-ne-peut-pas-refuser-en-bloc-le-teletravail-pour-ses-agents\/\" target=\"_blank\" rel=\"nofollow noopener noreferrer\" data-saferedirecturl=\"https:\/\/www.google.com\/url?q=http:\/\/www.fo-territoriaux42.fr\/2021\/06\/17\/une-collectivite-ne-peut-pas-refuser-en-bloc-le-teletravail-pour-ses-agents\/&amp;source=gmail&amp;ust=1624344246639000&amp;usg=AFQjCNG-CUSnSF67J0qQpZCIVmL8gqhLhg\">UNE COLLECTIVIT\u00c9 NE PEUT PAS REFUSER EN BLOC LE T\u00c9L\u00c9TRAVAIL POUR SES AGENTS<\/a><\/strong><\/p>\n<p><strong>&#8211;\u00a0<a href=\"http:\/\/www.fo-territoriaux42.fr\/2021\/06\/17\/la-defenseure-des-droits-veut-une-meilleure-protection-fonctionnelle-pour-les-agents-publics\/\" target=\"_blank\" rel=\"nofollow noopener noreferrer\" data-saferedirecturl=\"https:\/\/www.google.com\/url?q=http:\/\/www.fo-territoriaux42.fr\/2021\/06\/17\/la-defenseure-des-droits-veut-une-meilleure-protection-fonctionnelle-pour-les-agents-publics\/&amp;source=gmail&amp;ust=1624344246639000&amp;usg=AFQjCNGM_68r2ngFH-773I43zWoyw5-unQ\">LA D\u00c9FENSEURE DES DROITS VEUT UNE MEILLEURE PROTECTION FONCTIONNELLE POUR LES AGENTS PUBLICS<\/a><\/strong><\/p>\n<p><strong>&#8211;\u00a0<a href=\"http:\/\/www.fo-territoriaux42.fr\/2021\/06\/18\/une-prime-de-depart-en-retraite-des-agents-territoriaux-est-possible-dans-le-cadre-du-complement-indemnitaire-annuel\/\" target=\"_blank\" rel=\"nofollow noopener noreferrer\" data-saferedirecturl=\"https:\/\/www.google.com\/url?q=http:\/\/www.fo-territoriaux42.fr\/2021\/06\/18\/une-prime-de-depart-en-retraite-des-agents-territoriaux-est-possible-dans-le-cadre-du-complement-indemnitaire-annuel\/&amp;source=gmail&amp;ust=1624344246639000&amp;usg=AFQjCNG7OsMwqcPwqEPdvAio4vOAyI-MXg\">UNE PRIME DE D\u00c9PART EN RETRAITE DES AGENTS TERRITORIAUX EST POSSIBLE DANS LE CADRE DU COMPL\u00c9MENT INDEMNITAIRE ANNUEL<\/a><\/strong><\/p>\n<p><strong>&#8211;\u00a0<\/strong><a href=\"http:\/\/www.fo-territoriaux42.fr\/2021\/06\/18\/23e-congres-de-la-fgf-fo-nous-allons-essayer-dobtenir-le-degel-du-point-dindice-yves-veyrier-sg-de-fo\/\" target=\"_blank\" rel=\"nofollow noopener noreferrer\" data-saferedirecturl=\"https:\/\/www.google.com\/url?q=http:\/\/www.fo-territoriaux42.fr\/2021\/06\/18\/23e-congres-de-la-fgf-fo-nous-allons-essayer-dobtenir-le-degel-du-point-dindice-yves-veyrier-sg-de-fo\/&amp;source=gmail&amp;ust=1624344246639000&amp;usg=AFQjCNELAE0s12dNYTinPNAXYqrbKO4QKQ\"><strong>23e CONGR\u00c8S DE LA FGF-FO : \u00ab NOUS ALLONS ESSAYER D\u2019OBTENIR LE D\u00c9GEL DU POINT D\u2019INDICE \u00bb (YVES VEYRIER, SG DE FO)<\/strong><\/a><\/p>\n","protected":false},"excerpt":{"rendered":"<p>Retrouvez les informations de\u00a0FORCE OUVRI\u00c8RE Territoriaux\u00a0publi\u00e9es la semaine 24 sur le site Internet\u00a0fo-territoriaux42.fr\u00a0en cliquant sur le lien de l\u2019article : &#8211;\u00a0DES CDD DE PLUS EN [&#8230;]<\/p>\n","protected":false},"author":1,"featured_media":0,"comment_status":"closed","ping_status":"closed","sticky":false,"template":"","format":"standard","meta":{"jetpack_post_was_ever_published":false,"_jetpack_newsletter_access":"","_jetpack_dont_email_post_to_subs":false,"_jetpack_newsletter_tier_id":0,"_jetpack_memberships_contains_paywalled_content":false,"_jetpack_memberships_contains_paid_content":false,"footnotes":""},"categories":[17],"tags":[],"class_list":["post-1388","post","type-post","status-publish","format-standard","hentry","category-article"],"jetpack_featured_media_url":"","jetpack_sharing_enabled":true,"jetpack_shortlink":"https:\/\/wp.me\/p9roQz-mo","jetpack_likes_enabled":false,"publishpress_future_action":{"enabled":false,"date":"2026-05-10 14:27:07","action":"change-status","newStatus":"draft","terms":[],"taxonomy":"category","extraData":[]},"publishpress_future_workflow_manual_trigger":{"enabledWorkflows":[]},"_links":{"self":[{"href":"https:\/\/www.fo-saint-etienne.fr\/fomunvse\/index.php?rest_route=\/wp\/v2\/posts\/1388","targetHints":{"allow":["GET"]}}],"collection":[{"href":"https:\/\/www.fo-saint-etienne.fr\/fomunvse\/index.php?rest_route=\/wp\/v2\/posts"}],"about":[{"href":"https:\/\/www.fo-saint-etienne.fr\/fomunvse\/index.php?rest_route=\/wp\/v2\/types\/post"}],"author":[{"embeddable":true,"href":"https:\/\/www.fo-saint-etienne.fr\/fomunvse\/index.php?rest_route=\/wp\/v2\/users\/1"}],"replies":[{"embeddable":true,"href":"https:\/\/www.fo-saint-etienne.fr\/fomunvse\/index.php?rest_route=%2Fwp%2Fv2%2Fcomments&post=1388"}],"version-history":[{"count":2,"href":"https:\/\/www.fo-saint-etienne.fr\/fomunvse\/index.php?rest_route=\/wp\/v2\/posts\/1388\/revisions"}],"predecessor-version":[{"id":1390,"href":"https:\/\/www.fo-saint-etienne.fr\/fomunvse\/index.php?rest_route=\/wp\/v2\/posts\/1388\/revisions\/1390"}],"wp:attachment":[{"href":"https:\/\/www.fo-saint-etienne.fr\/fomunvse\/index.php?rest_route=%2Fwp%2Fv2%2Fmedia&parent=1388"}],"wp:term":[{"taxonomy":"category","embeddable":true,"href":"https:\/\/www.fo-saint-etienne.fr\/fomunvse\/index.php?rest_route=%2Fwp%2Fv2%2Fcategories&post=1388"},{"taxonomy":"post_tag","embeddable":true,"href":"https:\/\/www.fo-saint-etienne.fr\/fomunvse\/index.php?rest_route=%2Fwp%2Fv2%2Ftags&post=1388"}],"curies":[{"name":"wp","href":"https:\/\/api.w.org\/{rel}","templated":true}]}}