{"id":1392,"date":"2021-06-27T08:31:18","date_gmt":"2021-06-27T07:31:18","guid":{"rendered":"http:\/\/www.fo-saint-etienne.fr\/fomunvse\/?p=1392"},"modified":"2021-10-31T09:55:40","modified_gmt":"2021-10-31T08:55:40","slug":"info-force-ouvriere-de-la-semaine-25-2021","status":"publish","type":"post","link":"https:\/\/www.fo-saint-etienne.fr\/fomunvse\/?p=1392","title":{"rendered":"Info FORCE OUVRI\u00c8RE de la semaine 25 2021"},"content":{"rendered":"<div class=\"gs\">\n<div class=\"\">\n<div id=\":1ch\" class=\"ii gt\">\n<div id=\":1qp\" class=\"a3s aiL \">\n<div dir=\"ltr\">\n<div class=\"gmail_default\">\n<div class=\"gmail_default\">\n<p>Retrouvez les articles publi\u00e9s\u00a0la\u00a0<strong><span style=\"color: #cc0000; font-size: large;\">semaine 25<\/span><\/strong> sur le site Internet <strong><span style=\"font-size: large;\"><a href=\"http:\/\/fo-territoriaux42.fr\/\" target=\"_blank\" rel=\"noopener\" data-saferedirecturl=\"https:\/\/www.google.com\/url?q=http:\/\/fo-territoriaux42.fr\/&amp;source=gmail&amp;ust=1624865070687000&amp;usg=AFQjCNFOelaYnIyQZUrrFGld25MgCKjAIw\">fo-territoriaux42.fr<\/a><\/span><\/strong>\u00a0<wbr \/>en cliquant sur le lien de l\u2019article :<\/p>\n<p><span style=\"font-family: arial narrow, sans-serif; font-size: large;\"><b>&#8211;\u00a0<a href=\"http:\/\/www.fo-territoriaux42.fr\/2021\/06\/21\/elections-professionnelles-la-cartographie-des-nouvelles-instances-et-le-vote-electronique-se-precisent\/\" target=\"_blank\" rel=\"noopener\" data-saferedirecturl=\"https:\/\/www.google.com\/url?q=http:\/\/www.fo-territoriaux42.fr\/2021\/06\/21\/elections-professionnelles-la-cartographie-des-nouvelles-instances-et-le-vote-electronique-se-precisent\/&amp;source=gmail&amp;ust=1624865070687000&amp;usg=AFQjCNGlnD6tVRAdbfT-K3qOIXNMBYEo5w\">\u00c9LECTIONS PROFESSIONNELLES : LA CARTOGRAPHIE DES NOUVELLES INSTANCES ET LE VOTE \u00c9LECTRONIQUE SE PR\u00c9CISENT<\/a><\/p>\n<p>&#8211;\u00a0<a href=\"http:\/\/www.fo-territoriaux42.fr\/2021\/06\/21\/fo-recue-par-le-premier-ministre-pour-lui-faire-part-de-ses-revendications\/\" target=\"_blank\" rel=\"noopener\" data-saferedirecturl=\"https:\/\/www.google.com\/url?q=http:\/\/www.fo-territoriaux42.fr\/2021\/06\/21\/fo-recue-par-le-premier-ministre-pour-lui-faire-part-de-ses-revendications\/&amp;source=gmail&amp;ust=1624865070687000&amp;usg=AFQjCNETzv2gwVjqcO09KYP_VafnEL3GDw\">FO RE\u00c7UE PAR LE PREMIER MINISTRE POUR LUI FAIRE PART DE SES REVENDICATIONS<\/a><\/p>\n<p>&#8211;\u00a0<a href=\"http:\/\/www.fo-territoriaux42.fr\/2021\/06\/22\/rupture-de-lengagement-dun-agent-non-titulaire-rappel-des-modalites-de-fin-de-fonction\/\" target=\"_blank\" rel=\"noopener\" data-saferedirecturl=\"https:\/\/www.google.com\/url?q=http:\/\/www.fo-territoriaux42.fr\/2021\/06\/22\/rupture-de-lengagement-dun-agent-non-titulaire-rappel-des-modalites-de-fin-de-fonction\/&amp;source=gmail&amp;ust=1624865070687000&amp;usg=AFQjCNExakCYgGoaci626TLIvsn54RCzBQ\">RUPTURE DE L\u2019ENGAGEMENT D\u2019UN AGENT NON TITULAIRE : RAPPEL DES MODALIT\u00c9S DE FIN DE FONCTION<\/a><\/p>\n<p>&#8211;\u00a0<a href=\"http:\/\/www.fo-territoriaux42.fr\/2021\/06\/24\/journee-internationale-des-services-publics-du-23-juin-2021\/\" target=\"_blank\" rel=\"noopener\" data-saferedirecturl=\"https:\/\/www.google.com\/url?q=http:\/\/www.fo-territoriaux42.fr\/2021\/06\/24\/journee-internationale-des-services-publics-du-23-juin-2021\/&amp;source=gmail&amp;ust=1624865070687000&amp;usg=AFQjCNHVubKjQqWW_98XcRvifkcuuJyUAg\">JOURN\u00c9E INTERNATIONALE DES SERVICES PUBLICS DU 23 JUIN 2021<\/a><\/p>\n<p>&#8211;\u00a0<a href=\"http:\/\/www.fo-territoriaux42.fr\/2021\/06\/24\/assurance-chomage-le-conseil-detat-donne-raison-a-fo-edito-dyves-veyrier-du-23-juin-2021\/\" target=\"_blank\" rel=\"noopener\" data-saferedirecturl=\"https:\/\/www.google.com\/url?q=http:\/\/www.fo-territoriaux42.fr\/2021\/06\/24\/assurance-chomage-le-conseil-detat-donne-raison-a-fo-edito-dyves-veyrier-du-23-juin-2021\/&amp;source=gmail&amp;ust=1624865070687000&amp;usg=AFQjCNHtdJ4M2XX9h3wo0PquUe8zvBEkAA\">\u00ab ASSURANCE CH\u00d4MAGE : LE CONSEIL D\u2019\u00c9TAT DONNE RAISON \u00c0 FO \u00bb : \u00c9DITO D\u2019YVES VEYRIER DU 23 JUIN 2021<\/a><\/p>\n<p>&#8211;\u00a0<a href=\"http:\/\/www.fo-territoriaux42.fr\/2021\/06\/24\/collectivites-locales-fo-mobilisee-contre-laugmentation-du-temps-de-travail\/\" target=\"_blank\" rel=\"noopener\" data-saferedirecturl=\"https:\/\/www.google.com\/url?q=http:\/\/www.fo-territoriaux42.fr\/2021\/06\/24\/collectivites-locales-fo-mobilisee-contre-laugmentation-du-temps-de-travail\/&amp;source=gmail&amp;ust=1624865070687000&amp;usg=AFQjCNF7JFpPwEu4OO1xJhTU1z6A3Ajv9Q\">COLLECTIVIT\u00c9S LOCALES : FO MOBILIS\u00c9E CONTRE L\u2019AUGMENTATION DU TEMPS DE TRAVAIL<\/a><\/p>\n<p>&#8211;\u00a0<a href=\"http:\/\/www.fo-territoriaux42.fr\/2021\/06\/24\/policiers-municiapux-ou-en-est-on-des-dossiers-primes-de-risque-reconnaissance-de-la-penibilite-nbi\/\" target=\"_blank\" rel=\"noopener\" data-saferedirecturl=\"https:\/\/www.google.com\/url?q=http:\/\/www.fo-territoriaux42.fr\/2021\/06\/24\/policiers-municiapux-ou-en-est-on-des-dossiers-primes-de-risque-reconnaissance-de-la-penibilite-nbi\/&amp;source=gmail&amp;ust=1624865070687000&amp;usg=AFQjCNGltItFrJ6pOH15wA13-39_I31AjQ\">POLICIERS MUNICIPAUX : O\u00d9 EN EST-ON DES DOSSIERS PRIMES DE RISQUE, RECONNAISSANCE DE LA P\u00c9NIBILIT\u00c9, NBI \u2026<\/a><\/p>\n<p>&#8211;\u00a0<a href=\"http:\/\/www.fo-territoriaux42.fr\/2021\/06\/25\/psc-la-fgf-fo-exige-le-maintien-de-la-solidarite-inter-generationnelle\/\" target=\"_blank\" rel=\"noopener\" data-saferedirecturl=\"https:\/\/www.google.com\/url?q=http:\/\/www.fo-territoriaux42.fr\/2021\/06\/25\/psc-la-fgf-fo-exige-le-maintien-de-la-solidarite-inter-generationnelle\/&amp;source=gmail&amp;ust=1624865070687000&amp;usg=AFQjCNFqqBl-o-Q-L5VeV_arXADb3r4p-Q\">PSC : LA FGF-FO EXIGE LE MAINTIEN DE LA SOLIDARIT\u00c9 INTER-G\u00c9N\u00c9RATIONNELLE<\/a><\/p>\n<p>&#8211;\u00a0<a href=\"http:\/\/www.fo-territoriaux42.fr\/2021\/06\/25\/fgf-fo-baisse-du-pouvoir-dachat-la-preuve-par-les-chiffres\/\" target=\"_blank\" rel=\"noopener\" data-saferedirecturl=\"https:\/\/www.google.com\/url?q=http:\/\/www.fo-territoriaux42.fr\/2021\/06\/25\/fgf-fo-baisse-du-pouvoir-dachat-la-preuve-par-les-chiffres\/&amp;source=gmail&amp;ust=1624865070687000&amp;usg=AFQjCNHIvTyXimkm6j0g5Ml7nzdbSnPYkQ\">FGF-FO \/ BAISSE DU POUVOIR D\u2019ACHAT : LA PREUVE PAR LES CHIFFRES<\/a><\/p>\n<p>&#8211;\u00a0<a href=\"http:\/\/www.fo-territoriaux42.fr\/2021\/06\/25\/avec-la-crise-les-agents-se-sentent-encore-plus-utiles-mais-moins-reconnus\/\" target=\"_blank\" rel=\"noopener\" data-saferedirecturl=\"https:\/\/www.google.com\/url?q=http:\/\/www.fo-territoriaux42.fr\/2021\/06\/25\/avec-la-crise-les-agents-se-sentent-encore-plus-utiles-mais-moins-reconnus\/&amp;source=gmail&amp;ust=1624865070687000&amp;usg=AFQjCNF-RIKwAc4kk7mhWRmk3mAyngZfhw\">AVEC LA CRISE, LES AGENTS SE SENTENT ENCORE PLUS UTILES \u2026 MAIS MOINS RECONNUS<\/a><\/b><\/span><b><\/b><\/div>\n<\/div>\n<\/div>\n<div class=\"adL\"><\/div>\n<\/div>\n<\/div>\n<div class=\"hi\"><\/div>\n<\/div>\n<\/div>\n","protected":false},"excerpt":{"rendered":"<p>Retrouvez les articles publi\u00e9s\u00a0la\u00a0semaine 25 sur le site Internet fo-territoriaux42.fr\u00a0en cliquant sur le lien de l\u2019article : &#8211;\u00a0\u00c9LECTIONS PROFESSIONNELLES : LA CARTOGRAPHIE DES NOUVELLES INSTANCES [&#8230;]<\/p>\n","protected":false},"author":1,"featured_media":0,"comment_status":"closed","ping_status":"closed","sticky":false,"template":"","format":"standard","meta":{"jetpack_post_was_ever_published":false,"_jetpack_newsletter_access":"","_jetpack_dont_email_post_to_subs":false,"_jetpack_newsletter_tier_id":0,"_jetpack_memberships_contains_paywalled_content":false,"_jetpack_memberships_contains_paid_content":false,"footnotes":""},"categories":[17],"tags":[],"class_list":["post-1392","post","type-post","status-publish","format-standard","hentry","category-article"],"jetpack_featured_media_url":"","jetpack_sharing_enabled":true,"jetpack_shortlink":"https:\/\/wp.me\/p9roQz-ms","jetpack_likes_enabled":false,"publishpress_future_action":{"enabled":false,"date":"2026-05-10 13:00:47","action":"change-status","newStatus":"draft","terms":[],"taxonomy":"category","extraData":[]},"publishpress_future_workflow_manual_trigger":{"enabledWorkflows":[]},"_links":{"self":[{"href":"https:\/\/www.fo-saint-etienne.fr\/fomunvse\/index.php?rest_route=\/wp\/v2\/posts\/1392","targetHints":{"allow":["GET"]}}],"collection":[{"href":"https:\/\/www.fo-saint-etienne.fr\/fomunvse\/index.php?rest_route=\/wp\/v2\/posts"}],"about":[{"href":"https:\/\/www.fo-saint-etienne.fr\/fomunvse\/index.php?rest_route=\/wp\/v2\/types\/post"}],"author":[{"embeddable":true,"href":"https:\/\/www.fo-saint-etienne.fr\/fomunvse\/index.php?rest_route=\/wp\/v2\/users\/1"}],"replies":[{"embeddable":true,"href":"https:\/\/www.fo-saint-etienne.fr\/fomunvse\/index.php?rest_route=%2Fwp%2Fv2%2Fcomments&post=1392"}],"version-history":[{"count":1,"href":"https:\/\/www.fo-saint-etienne.fr\/fomunvse\/index.php?rest_route=\/wp\/v2\/posts\/1392\/revisions"}],"predecessor-version":[{"id":1393,"href":"https:\/\/www.fo-saint-etienne.fr\/fomunvse\/index.php?rest_route=\/wp\/v2\/posts\/1392\/revisions\/1393"}],"wp:attachment":[{"href":"https:\/\/www.fo-saint-etienne.fr\/fomunvse\/index.php?rest_route=%2Fwp%2Fv2%2Fmedia&parent=1392"}],"wp:term":[{"taxonomy":"category","embeddable":true,"href":"https:\/\/www.fo-saint-etienne.fr\/fomunvse\/index.php?rest_route=%2Fwp%2Fv2%2Fcategories&post=1392"},{"taxonomy":"post_tag","embeddable":true,"href":"https:\/\/www.fo-saint-etienne.fr\/fomunvse\/index.php?rest_route=%2Fwp%2Fv2%2Ftags&post=1392"}],"curies":[{"name":"wp","href":"https:\/\/api.w.org\/{rel}","templated":true}]}}