{"id":1410,"date":"2021-07-06T15:32:59","date_gmt":"2021-07-06T14:32:59","guid":{"rendered":"http:\/\/www.fo-saint-etienne.fr\/fomunvse\/?p=1410"},"modified":"2021-10-31T09:55:51","modified_gmt":"2021-10-31T08:55:51","slug":"info-force-ouvriere-de-la-semaine-26-2021","status":"publish","type":"post","link":"https:\/\/www.fo-saint-etienne.fr\/fomunvse\/?p=1410","title":{"rendered":"Info FORCE OUVRI\u00c8RE de la semaine 26 2021"},"content":{"rendered":"<div class=\"gs\">\n<div class=\"\">\n<div id=\":u4\" class=\"ii gt\">\n<div id=\":u5\" class=\"a3s aiL \">\n<div>\n<div>\n<div>\n<div>\n<div>\n<div>\n<div>\n<div>\n<div>\n<div dir=\"ltr\">\n<div>\n<div>\n<div>\n<div>\n<p><em>Retrouvez les informations de<strong>\u00a0FORCE OUVRI\u00c8RE Territoriaux\u00a0<\/strong>publi\u00e9es la semaine 26 sur le site Internet\u00a0<strong><span id=\"m_5120485851527391761OBJ_PREFIX_DWT262_com_zimbra_url\"><span id=\"m_5120485851527391761OBJ_PREFIX_DWT139_com_zimbra_url\"><span id=\"m_5120485851527391761OBJ_PREFIX_DWT151_com_zimbra_url\"><span id=\"m_5120485851527391761OBJ_PREFIX_DWT1401_com_zimbra_url\"><span id=\"m_5120485851527391761OBJ_PREFIX_DWT183_com_zimbra_url\"><span id=\"m_5120485851527391761OBJ_PREFIX_DWT177_com_zimbra_url\"><span id=\"m_5120485851527391761OBJ_PREFIX_DWT225_com_zimbra_url\"><span id=\"m_5120485851527391761OBJ_PREFIX_DWT221_com_zimbra_url\"><span id=\"m_5120485851527391761OBJ_PREFIX_DWT340_com_zimbra_url\"><span id=\"m_5120485851527391761OBJ_PREFIX_DWT86_com_zimbra_url\"><span id=\"m_5120485851527391761OBJ_PREFIX_DWT205_com_zimbra_url\"><span id=\"m_5120485851527391761OBJ_PREFIX_DWT82_com_zimbra_url\"><span id=\"m_5120485851527391761OBJ_PREFIX_DWT150_com_zimbra_url\"><span id=\"m_5120485851527391761OBJ_PREFIX_DWT100_com_zimbra_url\"><span id=\"m_5120485851527391761OBJ_PREFIX_DWT125_com_zimbra_url\"><span id=\"m_5120485851527391761OBJ_PREFIX_DWT702_com_zimbra_url\"><span id=\"m_5120485851527391761OBJ_PREFIX_DWT155_com_zimbra_url\"><span id=\"m_5120485851527391761OBJ_PREFIX_DWT428_com_zimbra_url\"><span id=\"m_5120485851527391761OBJ_PREFIX_DWT291_com_zimbra_url\"><span id=\"m_5120485851527391761OBJ_PREFIX_DWT628_com_zimbra_url\"><span id=\"m_5120485851527391761OBJ_PREFIX_DWT410_com_zimbra_url\"><span id=\"m_5120485851527391761OBJ_PREFIX_DWT226_com_zimbra_url\"><span id=\"m_5120485851527391761OBJ_PREFIX_DWT237_com_zimbra_url\"><span id=\"m_5120485851527391761OBJ_PREFIX_DWT634_com_zimbra_url\"><span id=\"m_5120485851527391761OBJ_PREFIX_DWT192_com_zimbra_url\"><span id=\"m_5120485851527391761OBJ_PREFIX_DWT218_com_zimbra_url\"><span id=\"m_5120485851527391761OBJ_PREFIX_DWT272_com_zimbra_url\"><span id=\"m_5120485851527391761OBJ_PREFIX_DWT244_com_zimbra_url\"><span id=\"m_5120485851527391761OBJ_PREFIX_DWT229_com_zimbra_url\"><span id=\"m_5120485851527391761OBJ_PREFIX_DWT196_com_zimbra_url\"><span id=\"m_5120485851527391761OBJ_PREFIX_DWT290_com_zimbra_url\"><span id=\"m_5120485851527391761OBJ_PREFIX_DWT170_com_zimbra_url\"><span id=\"m_5120485851527391761OBJ_PREFIX_DWT153_com_zimbra_url\"><span id=\"m_5120485851527391761OBJ_PREFIX_DWT258_com_zimbra_url\"><span id=\"m_5120485851527391761OBJ_PREFIX_DWT203_com_zimbra_url\"><span id=\"m_5120485851527391761OBJ_PREFIX_DWT195_com_zimbra_url\"><span id=\"m_5120485851527391761OBJ_PREFIX_DWT148_com_zimbra_url\"><span id=\"m_5120485851527391761OBJ_PREFIX_DWT294_com_zimbra_url\"><span id=\"m_5120485851527391761OBJ_PREFIX_DWT142_com_zimbra_url\"><span id=\"m_5120485851527391761OBJ_PREFIX_DWT365_com_zimbra_url\"><span id=\"m_5120485851527391761OBJ_PREFIX_DWT256_com_zimbra_url\"><span id=\"m_5120485851527391761OBJ_PREFIX_DWT127_com_zimbra_url\"><span id=\"m_5120485851527391761OBJ_PREFIX_DWT265_com_zimbra_url\"><span id=\"m_5120485851527391761OBJ_PREFIX_DWT128_com_zimbra_url\"><span id=\"m_5120485851527391761OBJ_PREFIX_DWT494_com_zimbra_url\"><span id=\"m_5120485851527391761OBJ_PREFIX_DWT223_com_zimbra_url\"><span id=\"m_5120485851527391761OBJ_PREFIX_DWT306_com_zimbra_url\"><span id=\"m_5120485851527391761OBJ_PREFIX_DWT180_com_zimbra_url\"><span id=\"m_5120485851527391761OBJ_PREFIX_DWT252_com_zimbra_url\"><a href=\"http:\/\/www.fo-territoriaux42.fr\/\" target=\"_blank\" rel=\"noopener noreferrer nofollow\" data-saferedirecturl=\"https:\/\/www.google.com\/url?q=http:\/\/www.fo-territoriaux42.fr\/&amp;source=gmail&amp;ust=1625667706187000&amp;usg=AFQjCNHyz7Dk8r6TSOwPZjTBivf7QLaoAg\">fo-territoriaux42.fr<\/a><\/span><\/span><\/span><\/span><\/span><\/span><\/span><\/span><\/span><\/span><\/span><\/span><\/span><\/span><\/span><\/span><\/span><\/span><\/span><\/span><\/span><\/span><\/span><\/span><\/span><\/span><\/span><\/span><\/span><\/span><\/span><\/span><\/span><\/span><\/span><\/span><\/span><\/span><\/span><\/span><\/span><\/span><\/span><\/span><\/span><\/span><\/span><\/span><\/span><\/strong>\u00a0<wbr \/>en cliquant sur le lien de l\u2019article :<\/em><\/p>\n<\/div>\n<\/div>\n<p><b>&#8211;\u00a0<a href=\"http:\/\/www.fo-territoriaux42.fr\/2021\/06\/28\/retraites-le-deficit-se-resorbera-naturellement-selon-le-rapport-du-cor\/\" target=\"_blank\" rel=\"nofollow noopener noreferrer\" data-saferedirecturl=\"https:\/\/www.google.com\/url?q=http:\/\/www.fo-territoriaux42.fr\/2021\/06\/28\/retraites-le-deficit-se-resorbera-naturellement-selon-le-rapport-du-cor\/&amp;source=gmail&amp;ust=1625667706187000&amp;usg=AFQjCNHumtNgvA1YZKtIMnNmk1kA0iYUqw\">RETRAITES : LE D\u00c9FICIT SE R\u00c9SORBERA NATURELLEMENT SELON LE RAPPORT DU COR<\/a><\/b><\/p>\n<p>&#8211;\u00a0<a href=\"http:\/\/www.fo-territoriaux42.fr\/2021\/06\/28\/commission-des-comptes-de-la-securite-sociale\/\" target=\"_blank\" rel=\"nofollow noopener noreferrer\" data-saferedirecturl=\"https:\/\/www.google.com\/url?q=http:\/\/www.fo-territoriaux42.fr\/2021\/06\/28\/commission-des-comptes-de-la-securite-sociale\/&amp;source=gmail&amp;ust=1625667706187000&amp;usg=AFQjCNEEIg4aOi41yizc5i-J_1pKGn1ZiQ\">COMMISSION DES COMPTES DE LA S\u00c9CURIT\u00c9 SOCIALE<\/a><\/p>\n<p>&#8211;\u00a0<a href=\"http:\/\/www.fo-territoriaux42.fr\/2021\/06\/29\/vers-un-dispositif-de-temps-partiel-therapeutique-plus-favorable-aux-agents\/\" target=\"_blank\" rel=\"nofollow noopener noreferrer\" data-saferedirecturl=\"https:\/\/www.google.com\/url?q=http:\/\/www.fo-territoriaux42.fr\/2021\/06\/29\/vers-un-dispositif-de-temps-partiel-therapeutique-plus-favorable-aux-agents\/&amp;source=gmail&amp;ust=1625667706187000&amp;usg=AFQjCNGSbyPIMTp5JkydQ2MVZD5Gbj-Dig\">VERS UN DISPOSITIF DE TEMPS PARTIEL TH\u00c9RAPEUTIQUE PLUS FAVORABLE AUX AGENTS<\/a><\/p>\n<p>&#8211;\u00a0<a href=\"http:\/\/www.fo-territoriaux42.fr\/2021\/06\/29\/application-du-segur-de-la-sante-dans-le-fonction-publique-territoriale\/\" target=\"_blank\" rel=\"nofollow noopener noreferrer\" data-saferedirecturl=\"https:\/\/www.google.com\/url?q=http:\/\/www.fo-territoriaux42.fr\/2021\/06\/29\/application-du-segur-de-la-sante-dans-le-fonction-publique-territoriale\/&amp;source=gmail&amp;ust=1625667706187000&amp;usg=AFQjCNEUrc8kwqXw0Snf-c1RvZsadqdRWg\">APPLICATION DU S\u00c9GUR DE LA SANT\u00c9 DANS LE FONCTION PUBLIQUE TERRITORIALE<\/a><\/p>\n<p>&#8211;\u00a0<a href=\"http:\/\/www.fo-territoriaux42.fr\/2021\/06\/30\/retour-au-travail-en-presentiel-des-teletravailleurs-attention-aux-risques-psychosociaux\/\" target=\"_blank\" rel=\"nofollow noopener noreferrer\" data-saferedirecturl=\"https:\/\/www.google.com\/url?q=http:\/\/www.fo-territoriaux42.fr\/2021\/06\/30\/retour-au-travail-en-presentiel-des-teletravailleurs-attention-aux-risques-psychosociaux\/&amp;source=gmail&amp;ust=1625667706187000&amp;usg=AFQjCNEoZlgpIYvWJ7WsjVD6oBVVROOwAA\">RETOUR AU TRAVAIL EN PR\u00c9SENTIEL DES T\u00c9L\u00c9TRAVAILLEURS : ATTENTION AUX RISQUES PSYCHOSOCIAUX<\/a><\/p>\n<p>&#8211;\u00a0<a href=\"http:\/\/www.fo-territoriaux42.fr\/2021\/06\/30\/le-decret-relatif-aux-conges-de-maternite-et-lies-aux-charges-parentales-dans-la-fpt-est-paru\/\" target=\"_blank\" rel=\"nofollow noopener noreferrer\" data-saferedirecturl=\"https:\/\/www.google.com\/url?q=http:\/\/www.fo-territoriaux42.fr\/2021\/06\/30\/le-decret-relatif-aux-conges-de-maternite-et-lies-aux-charges-parentales-dans-la-fpt-est-paru\/&amp;source=gmail&amp;ust=1625667706187000&amp;usg=AFQjCNGT5f-_f_S35JdLA4CAkYjm0N0Yug\">LE D\u00c9CRET RELATIF AUX CONG\u00c9S DE MATERNIT\u00c9 ET LI\u00c9S AUX CHARGES PARENTALES DANS LA FPT EST PARU<\/a><\/p>\n<p>&#8211;\u00a0<a href=\"http:\/\/www.fo-territoriaux42.fr\/2021\/06\/30\/force-ouvriere-dit-non-a-lallongement-du-temps-de-travail-dans-la-fonction-publique-territoriale\/\" target=\"_blank\" rel=\"nofollow noopener noreferrer\" data-saferedirecturl=\"https:\/\/www.google.com\/url?q=http:\/\/www.fo-territoriaux42.fr\/2021\/06\/30\/force-ouvriere-dit-non-a-lallongement-du-temps-de-travail-dans-la-fonction-publique-territoriale\/&amp;source=gmail&amp;ust=1625667706187000&amp;usg=AFQjCNEIRU_p8pjeSaHguKPU8Bi0-f9daQ\">FORCE OUVRIE\u0300RE DIT NON A L\u2019ALLONGEMENT DU TEMPS DE TRAVAIL DANS LA FONCTION PUBLIQUE TERRITORIALE !<\/a><\/p>\n<p>&#8211;\u00a0<a href=\"http:\/\/www.fo-territoriaux42.fr\/2021\/07\/01\/nouvelle-assouplissement-des-regles-de-teletravail-dans-la-fonction-publique\/\" target=\"_blank\" rel=\"nofollow noopener noreferrer\" data-saferedirecturl=\"https:\/\/www.google.com\/url?q=http:\/\/www.fo-territoriaux42.fr\/2021\/07\/01\/nouvelle-assouplissement-des-regles-de-teletravail-dans-la-fonction-publique\/&amp;source=gmail&amp;ust=1625667706187000&amp;usg=AFQjCNH9zN9PZFEgexSHp6LSd_wrLFK-eA\">NOUVEL ASSOUPLISSEMENT DES R\u00c8GLES DE T\u00c9L\u00c9TRAVAIL DANS LA FONCTION PUBLIQUE<\/a><\/p>\n<p>&#8211;\u00a0<a href=\"http:\/\/www.fo-territoriaux42.fr\/2021\/07\/01\/transposition-du-segur-a-la-fpt-une-victoire-force-ouvriere\/\" target=\"_blank\" rel=\"nofollow noopener noreferrer\" data-saferedirecturl=\"https:\/\/www.google.com\/url?q=http:\/\/www.fo-territoriaux42.fr\/2021\/07\/01\/transposition-du-segur-a-la-fpt-une-victoire-force-ouvriere\/&amp;source=gmail&amp;ust=1625667706187000&amp;usg=AFQjCNGe-uMH2_P-xGK3d8k2h5Kt2OcHOg\">TRANSPOSITION DU S\u00c9GUR \u00c0 LA FPT : UNE VICTOIRE FORCE OUVRI\u00c8RE !<\/a><\/p>\n<p>&#8211;\u00a0<a href=\"http:\/\/www.fo-territoriaux42.fr\/2021\/07\/01\/communique-intersyndical-fo-cgt-fsu-solidaires-mnl-unef-pour-les-droits-et-la-justice-sociale\/\" target=\"_blank\" rel=\"nofollow noopener noreferrer\" data-saferedirecturl=\"https:\/\/www.google.com\/url?q=http:\/\/www.fo-territoriaux42.fr\/2021\/07\/01\/communique-intersyndical-fo-cgt-fsu-solidaires-mnl-unef-pour-les-droits-et-la-justice-sociale\/&amp;source=gmail&amp;ust=1625667706187000&amp;usg=AFQjCNHV9nZhP9lG-MtSBS1ImBQL1hc34w\">COMMUNIQU\u00c9 INTERSYNDICAL FO, CGT, FSU, SOLIDAIRES, MNL, UNEF POUR LES DROITS ET LA JUSTICE SOCIALE<\/a><\/p>\n<p>&#8211;\u00a0<a href=\"http:\/\/www.fo-territoriaux42.fr\/2021\/07\/02\/une-indemnite-de-teletravailm-plafonnee-a-220-euros-annuels-et-sans-seuil-de-declenchement\/\" target=\"_blank\" rel=\"nofollow noopener noreferrer\" data-saferedirecturl=\"https:\/\/www.google.com\/url?q=http:\/\/www.fo-territoriaux42.fr\/2021\/07\/02\/une-indemnite-de-teletravailm-plafonnee-a-220-euros-annuels-et-sans-seuil-de-declenchement\/&amp;source=gmail&amp;ust=1625667706187000&amp;usg=AFQjCNEShIl2CWS_2WZ29DlMAxfWZTl3rA\">UNE INDEMNIT\u00c9 DE T\u00c9L\u00c9TRAVAIL PLAFONN\u00c9E \u00c0 220 EUROS ANNUELS ET SANS SEUIL DE D\u00c9CLENCHEMENT<\/a><\/p>\n<\/div>\n<\/div>\n<\/div>\n<\/div>\n<\/div>\n<\/div>\n<\/div>\n<\/div>\n<\/div>\n<\/div>\n<\/div>\n<\/div>\n<\/div>\n<\/div>\n<\/div>\n<\/div>\n","protected":false},"excerpt":{"rendered":"<p>Retrouvez les informations de\u00a0FORCE OUVRI\u00c8RE Territoriaux\u00a0publi\u00e9es la semaine 26 sur le site Internet\u00a0fo-territoriaux42.fr\u00a0en cliquant sur le lien de l\u2019article : &#8211;\u00a0RETRAITES : LE D\u00c9FICIT SE [&#8230;]<\/p>\n","protected":false},"author":1,"featured_media":0,"comment_status":"closed","ping_status":"closed","sticky":false,"template":"","format":"standard","meta":{"jetpack_post_was_ever_published":false,"_jetpack_newsletter_access":"","_jetpack_dont_email_post_to_subs":false,"_jetpack_newsletter_tier_id":0,"_jetpack_memberships_contains_paywalled_content":false,"_jetpack_memberships_contains_paid_content":false,"footnotes":""},"categories":[17],"tags":[],"class_list":["post-1410","post","type-post","status-publish","format-standard","hentry","category-article"],"jetpack_featured_media_url":"","jetpack_sharing_enabled":true,"jetpack_shortlink":"https:\/\/wp.me\/p9roQz-mK","jetpack_likes_enabled":false,"publishpress_future_action":{"enabled":false,"date":"2026-05-10 11:36:56","action":"change-status","newStatus":"draft","terms":[],"taxonomy":"category","extraData":[]},"publishpress_future_workflow_manual_trigger":{"enabledWorkflows":[]},"_links":{"self":[{"href":"https:\/\/www.fo-saint-etienne.fr\/fomunvse\/index.php?rest_route=\/wp\/v2\/posts\/1410","targetHints":{"allow":["GET"]}}],"collection":[{"href":"https:\/\/www.fo-saint-etienne.fr\/fomunvse\/index.php?rest_route=\/wp\/v2\/posts"}],"about":[{"href":"https:\/\/www.fo-saint-etienne.fr\/fomunvse\/index.php?rest_route=\/wp\/v2\/types\/post"}],"author":[{"embeddable":true,"href":"https:\/\/www.fo-saint-etienne.fr\/fomunvse\/index.php?rest_route=\/wp\/v2\/users\/1"}],"replies":[{"embeddable":true,"href":"https:\/\/www.fo-saint-etienne.fr\/fomunvse\/index.php?rest_route=%2Fwp%2Fv2%2Fcomments&post=1410"}],"version-history":[{"count":3,"href":"https:\/\/www.fo-saint-etienne.fr\/fomunvse\/index.php?rest_route=\/wp\/v2\/posts\/1410\/revisions"}],"predecessor-version":[{"id":1413,"href":"https:\/\/www.fo-saint-etienne.fr\/fomunvse\/index.php?rest_route=\/wp\/v2\/posts\/1410\/revisions\/1413"}],"wp:attachment":[{"href":"https:\/\/www.fo-saint-etienne.fr\/fomunvse\/index.php?rest_route=%2Fwp%2Fv2%2Fmedia&parent=1410"}],"wp:term":[{"taxonomy":"category","embeddable":true,"href":"https:\/\/www.fo-saint-etienne.fr\/fomunvse\/index.php?rest_route=%2Fwp%2Fv2%2Fcategories&post=1410"},{"taxonomy":"post_tag","embeddable":true,"href":"https:\/\/www.fo-saint-etienne.fr\/fomunvse\/index.php?rest_route=%2Fwp%2Fv2%2Ftags&post=1410"}],"curies":[{"name":"wp","href":"https:\/\/api.w.org\/{rel}","templated":true}]}}