{"id":1414,"date":"2021-07-13T12:40:45","date_gmt":"2021-07-13T11:40:45","guid":{"rendered":"http:\/\/www.fo-saint-etienne.fr\/fomunvse\/?p=1414"},"modified":"2021-10-31T09:56:00","modified_gmt":"2021-10-31T08:56:00","slug":"info-force-ouvriere-de-la-semaine-27-2021","status":"publish","type":"post","link":"https:\/\/www.fo-saint-etienne.fr\/fomunvse\/?p=1414","title":{"rendered":"Info FORCE OUVRI\u00c8RE de la semaine 27 2021"},"content":{"rendered":"<div>\n<div>\n<div>\n<p><em>Retrouvez les informations de<strong>\u00a0FORCE OUVRI\u00c8RE Territoriaux\u00a0<\/strong>publi\u00e9es la semaine 27 sur le site Internet\u00a0<strong><span id=\"m_3831318532271167826OBJ_PREFIX_DWT262_com_zimbra_url\"><span id=\"m_3831318532271167826OBJ_PREFIX_DWT139_com_zimbra_url\"><span id=\"m_3831318532271167826OBJ_PREFIX_DWT151_com_zimbra_url\"><span id=\"m_3831318532271167826OBJ_PREFIX_DWT1401_com_zimbra_url\"><span id=\"m_3831318532271167826OBJ_PREFIX_DWT183_com_zimbra_url\"><span id=\"m_3831318532271167826OBJ_PREFIX_DWT177_com_zimbra_url\"><span id=\"m_3831318532271167826OBJ_PREFIX_DWT225_com_zimbra_url\"><span id=\"m_3831318532271167826OBJ_PREFIX_DWT221_com_zimbra_url\"><span id=\"m_3831318532271167826OBJ_PREFIX_DWT340_com_zimbra_url\"><span id=\"m_3831318532271167826OBJ_PREFIX_DWT86_com_zimbra_url\"><span id=\"m_3831318532271167826OBJ_PREFIX_DWT205_com_zimbra_url\"><span id=\"m_3831318532271167826OBJ_PREFIX_DWT82_com_zimbra_url\"><span id=\"m_3831318532271167826OBJ_PREFIX_DWT150_com_zimbra_url\"><span id=\"m_3831318532271167826OBJ_PREFIX_DWT100_com_zimbra_url\"><span id=\"m_3831318532271167826OBJ_PREFIX_DWT125_com_zimbra_url\"><span id=\"m_3831318532271167826OBJ_PREFIX_DWT702_com_zimbra_url\"><span id=\"m_3831318532271167826OBJ_PREFIX_DWT155_com_zimbra_url\"><span id=\"m_3831318532271167826OBJ_PREFIX_DWT428_com_zimbra_url\"><span id=\"m_3831318532271167826OBJ_PREFIX_DWT291_com_zimbra_url\"><span id=\"m_3831318532271167826OBJ_PREFIX_DWT628_com_zimbra_url\"><span id=\"m_3831318532271167826OBJ_PREFIX_DWT410_com_zimbra_url\"><span id=\"m_3831318532271167826OBJ_PREFIX_DWT226_com_zimbra_url\"><span id=\"m_3831318532271167826OBJ_PREFIX_DWT237_com_zimbra_url\"><span id=\"m_3831318532271167826OBJ_PREFIX_DWT634_com_zimbra_url\"><span id=\"m_3831318532271167826OBJ_PREFIX_DWT192_com_zimbra_url\"><span id=\"m_3831318532271167826OBJ_PREFIX_DWT218_com_zimbra_url\"><span id=\"m_3831318532271167826OBJ_PREFIX_DWT272_com_zimbra_url\"><span id=\"m_3831318532271167826OBJ_PREFIX_DWT244_com_zimbra_url\"><span id=\"m_3831318532271167826OBJ_PREFIX_DWT229_com_zimbra_url\"><span id=\"m_3831318532271167826OBJ_PREFIX_DWT196_com_zimbra_url\"><span id=\"m_3831318532271167826OBJ_PREFIX_DWT290_com_zimbra_url\"><span id=\"m_3831318532271167826OBJ_PREFIX_DWT170_com_zimbra_url\"><span id=\"m_3831318532271167826OBJ_PREFIX_DWT153_com_zimbra_url\"><span id=\"m_3831318532271167826OBJ_PREFIX_DWT258_com_zimbra_url\"><span id=\"m_3831318532271167826OBJ_PREFIX_DWT203_com_zimbra_url\"><span id=\"m_3831318532271167826OBJ_PREFIX_DWT195_com_zimbra_url\"><span id=\"m_3831318532271167826OBJ_PREFIX_DWT148_com_zimbra_url\"><span id=\"m_3831318532271167826OBJ_PREFIX_DWT294_com_zimbra_url\"><span id=\"m_3831318532271167826OBJ_PREFIX_DWT142_com_zimbra_url\"><span id=\"m_3831318532271167826OBJ_PREFIX_DWT365_com_zimbra_url\"><span id=\"m_3831318532271167826OBJ_PREFIX_DWT256_com_zimbra_url\"><span id=\"m_3831318532271167826OBJ_PREFIX_DWT127_com_zimbra_url\"><span id=\"m_3831318532271167826OBJ_PREFIX_DWT265_com_zimbra_url\"><span id=\"m_3831318532271167826OBJ_PREFIX_DWT128_com_zimbra_url\"><span id=\"m_3831318532271167826OBJ_PREFIX_DWT494_com_zimbra_url\"><span id=\"m_3831318532271167826OBJ_PREFIX_DWT223_com_zimbra_url\"><span id=\"m_3831318532271167826OBJ_PREFIX_DWT306_com_zimbra_url\"><span id=\"m_3831318532271167826OBJ_PREFIX_DWT180_com_zimbra_url\"><span id=\"m_3831318532271167826OBJ_PREFIX_DWT252_com_zimbra_url\"><span id=\"m_3831318532271167826OBJ_PREFIX_DWT190_com_zimbra_url\"><a href=\"http:\/\/www.fo-territoriaux42.fr\/\" target=\"_blank\" rel=\"noopener noreferrer nofollow\" data-saferedirecturl=\"https:\/\/www.google.com\/url?q=http:\/\/www.fo-territoriaux42.fr\/&amp;source=gmail&amp;ust=1626261930832000&amp;usg=AFQjCNEKXMcGKtQR7BcSoSip4FU-icAIcw\">fo-territoriaux42.fr<\/a><\/span><\/span><\/span><\/span><\/span><\/span><\/span><\/span><\/span><\/span><\/span><\/span><\/span><\/span><\/span><\/span><\/span><\/span><\/span><\/span><\/span><\/span><\/span><\/span><\/span><\/span><\/span><\/span><\/span><\/span><\/span><\/span><\/span><\/span><\/span><\/span><\/span><\/span><\/span><\/span><\/span><\/span><\/span><\/span><\/span><\/span><\/span><\/span><\/span><\/span><\/strong>\u00a0<wbr \/>en cliquant sur le lien de l\u2019article :<br \/>\n<\/em><\/p>\n<\/div>\n<\/div>\n<\/div>\n<div>\n<div>\n<div dir=\"ltr\">\n<div>\n<div>\n<p><b>&#8211;\u00a0<a href=\"http:\/\/www.fo-territoriaux42.fr\/2021\/07\/05\/compte-rendu-fo-sps-du-csfpt-du-30-juin-2021\/\" target=\"_blank\" rel=\"nofollow noopener noreferrer\" data-saferedirecturl=\"https:\/\/www.google.com\/url?q=http:\/\/www.fo-territoriaux42.fr\/2021\/07\/05\/compte-rendu-fo-sps-du-csfpt-du-30-juin-2021\/&amp;source=gmail&amp;ust=1626261930832000&amp;usg=AFQjCNEovkaOmlHIuZkkrLJFTWitWe5Jnw\">COMPTE RENDU FO SPS DU CSFPT DU 30 JUIN 2021<\/a><\/b><\/p>\n<p><b>&#8211;\u00a0<a href=\"http:\/\/www.fo-territoriaux42.fr\/2021\/07\/06\/autorisations-speciales-dabsence-pour-vaccination-et-effets-secondaires-de-la-vaccination\/\" target=\"_blank\" rel=\"nofollow noopener noreferrer\" data-saferedirecturl=\"https:\/\/www.google.com\/url?q=http:\/\/www.fo-territoriaux42.fr\/2021\/07\/06\/autorisations-speciales-dabsence-pour-vaccination-et-effets-secondaires-de-la-vaccination\/&amp;source=gmail&amp;ust=1626261930832000&amp;usg=AFQjCNGEe1H1jF-rt1tHYRlrpi90c8N7VA\">AUTORISATIONS SP\u00c9CIALES D\u2019ABSENCE POUR VACCINATION ET EFFETS SECONDAIRES DE LA VACCINATION<\/a><\/b><b><br \/>\n<\/b><\/p>\n<\/div>\n<div><b>&#8211;\u00a0<a href=\"http:\/\/www.fo-territoriaux42.fr\/2021\/07\/06\/conference-sur-les-perspectives-salariales-declaration-liminaire-de-fo-fonction-publique\/\" target=\"_blank\" rel=\"nofollow noopener noreferrer\" data-saferedirecturl=\"https:\/\/www.google.com\/url?q=http:\/\/www.fo-territoriaux42.fr\/2021\/07\/06\/conference-sur-les-perspectives-salariales-declaration-liminaire-de-fo-fonction-publique\/&amp;source=gmail&amp;ust=1626261930832000&amp;usg=AFQjCNEbj1-QzhJp6yP0M3Tw17kMuOJSrQ\">CONF\u00c9RENCE SUR LES PERSPECTIVES SALARIALES : D\u00c9CLARATION LIMINAIRE DE FO FONCTION PUBLIQUE<\/a><\/p>\n<p><\/b><b><\/b><b><b>&#8211;\u00a0<a href=\"http:\/\/www.fo-territoriaux42.fr\/2021\/07\/07\/publication-dun-guide-sur-les-modalites-de-versement-du-supplement-familial-de-traitement\/\" target=\"_blank\" rel=\"nofollow noopener noreferrer\" data-saferedirecturl=\"https:\/\/www.google.com\/url?q=http:\/\/www.fo-territoriaux42.fr\/2021\/07\/07\/publication-dun-guide-sur-les-modalites-de-versement-du-supplement-familial-de-traitement\/&amp;source=gmail&amp;ust=1626261930832000&amp;usg=AFQjCNFe1sZqejaaMQBNwjwRf8Vn7R4xYw\">PUBLICATION D\u2019UN GUIDE SUR LES MODALIT\u00c9S DE VERSEMENT DU SUPPL\u00c9MENT FAMILIAL DE TRAITEMENT<\/a><\/b><\/b><\/div>\n<div>\n<p>&#8211;\u00a0<a href=\"http:\/\/www.fo-territoriaux42.fr\/2021\/07\/07\/quinquennat-macron-5-ans-de-gel-du-point-dindice\/\" target=\"_blank\" rel=\"nofollow noopener noreferrer\" data-saferedirecturl=\"https:\/\/www.google.com\/url?q=http:\/\/www.fo-territoriaux42.fr\/2021\/07\/07\/quinquennat-macron-5-ans-de-gel-du-point-dindice\/&amp;source=gmail&amp;ust=1626261930832000&amp;usg=AFQjCNEHRrKpH3P9tXGAXFOzDlWMS7OdXg\">QUINQUENNAT MACRON = 5 ANS DE GEL DU POINT D\u2019INDICE<\/a><\/p>\n<p>&#8211;\u00a0<a href=\"http:\/\/www.fo-territoriaux42.fr\/2021\/07\/07\/obligation-vaccinale-ou-pas-telle-est-la-question\/\" target=\"_blank\" rel=\"nofollow noopener noreferrer\" data-saferedirecturl=\"https:\/\/www.google.com\/url?q=http:\/\/www.fo-territoriaux42.fr\/2021\/07\/07\/obligation-vaccinale-ou-pas-telle-est-la-question\/&amp;source=gmail&amp;ust=1626261930832000&amp;usg=AFQjCNE31u4_ljW6F8S60UVf1MMQcXZhjg\">OBLIGATION VACCINALE O\u00d9 PAS ? TELLE EST LA QUESTION !<\/a><\/p>\n<p>&#8211;\u00a0<a href=\"http:\/\/www.fo-territoriaux42.fr\/2021\/07\/08\/fonction-publique-le-gouvernement-refuse-une-hausse-generale-des-salaires\/\" target=\"_blank\" rel=\"nofollow noopener noreferrer\" data-saferedirecturl=\"https:\/\/www.google.com\/url?q=http:\/\/www.fo-territoriaux42.fr\/2021\/07\/08\/fonction-publique-le-gouvernement-refuse-une-hausse-generale-des-salaires\/&amp;source=gmail&amp;ust=1626261930832000&amp;usg=AFQjCNEEa_rSP0MotylwBd9QfLNjzEa3-g\">FONCTION PUBLIQUE : LE GOUVERNEMENT REFUSE UNE HAUSSE G\u00c9N\u00c9RALE DES SALAIRES<\/a><\/p>\n<\/div>\n<div><b>&#8211;\u00a0<a href=\"http:\/\/www.fo-territoriaux42.fr\/2021\/07\/08\/retraites-yves-veyrier-secretaire-general-de-force-ouvriere-etait-invite-le-7-juillet-2021-sur-rfi\/\" target=\"_blank\" rel=\"nofollow noopener noreferrer\" data-saferedirecturl=\"https:\/\/www.google.com\/url?q=http:\/\/www.fo-territoriaux42.fr\/2021\/07\/08\/retraites-yves-veyrier-secretaire-general-de-force-ouvriere-etait-invite-le-7-juillet-2021-sur-rfi\/&amp;source=gmail&amp;ust=1626261930832000&amp;usg=AFQjCNGrsoTBV9ZIl3FObcgkA6kAPYwktw\">RETRAITES : YVES VEYRIER, SECR\u00c9TAIRE G\u00c9N\u00c9RAL DE FORCE OUVRI\u00c8RE \u00c9TAIT INVIT\u00c9 LE 7 JUILLET 2021 SUR RFI<\/a><\/b><\/div>\n<div><b><br \/>\n&#8211;\u00a0<a href=\"http:\/\/www.fo-territoriaux42.fr\/2021\/07\/09\/negociation-et-accords-collectifs-dans-la-fonction-publique-le-decret-est-paru\/\" target=\"_blank\" rel=\"nofollow noopener noreferrer\" data-saferedirecturl=\"https:\/\/www.google.com\/url?q=http:\/\/www.fo-territoriaux42.fr\/2021\/07\/09\/negociation-et-accords-collectifs-dans-la-fonction-publique-le-decret-est-paru\/&amp;source=gmail&amp;ust=1626261930832000&amp;usg=AFQjCNGqofjcxzpJrVFXggK9Kq2i2Bf5vA\">N\u00c9GOCIATION ET ACCORDS COLLECTIFS DANS LA FONCTION PUBLIQUE : LE D\u00c9CRET EST PARU<\/a><\/b><\/div>\n<div><\/div>\n<p><b>&#8211;\u00a0<a href=\"http:\/\/www.fo-territoriaux42.fr\/2021\/07\/10\/reforme-des-retraites-les-syndicats-se-preparent-a-la-mobilisation\/\" target=\"_blank\" rel=\"nofollow noopener noreferrer\" data-saferedirecturl=\"https:\/\/www.google.com\/url?q=http:\/\/www.fo-territoriaux42.fr\/2021\/07\/10\/reforme-des-retraites-les-syndicats-se-preparent-a-la-mobilisation\/&amp;source=gmail&amp;ust=1626261930832000&amp;usg=AFQjCNGuLqOPeiCcHruH4pwdC1gaxMhJfw\">R\u00c9FORME DES RETRAITES : LES SYNDICATS SE PR\u00c9PARENT \u00c0 LA MOBILISATION<\/a><\/b><\/p>\n<\/div>\n<\/div>\n<\/div>\n<\/div>\n","protected":false},"excerpt":{"rendered":"<p>Retrouvez les informations de\u00a0FORCE OUVRI\u00c8RE Territoriaux\u00a0publi\u00e9es la semaine 27 sur le site Internet\u00a0fo-territoriaux42.fr\u00a0en cliquant sur le lien de l\u2019article : &#8211;\u00a0COMPTE RENDU FO SPS DU [&#8230;]<\/p>\n","protected":false},"author":1,"featured_media":0,"comment_status":"closed","ping_status":"closed","sticky":false,"template":"","format":"standard","meta":{"jetpack_post_was_ever_published":false,"_jetpack_newsletter_access":"","_jetpack_dont_email_post_to_subs":false,"_jetpack_newsletter_tier_id":0,"_jetpack_memberships_contains_paywalled_content":false,"_jetpack_memberships_contains_paid_content":false,"footnotes":""},"categories":[17],"tags":[],"class_list":["post-1414","post","type-post","status-publish","format-standard","hentry","category-article"],"jetpack_featured_media_url":"","jetpack_sharing_enabled":true,"jetpack_shortlink":"https:\/\/wp.me\/p9roQz-mO","jetpack_likes_enabled":false,"publishpress_future_action":{"enabled":false,"date":"2026-05-10 10:08:12","action":"change-status","newStatus":"draft","terms":[],"taxonomy":"category","extraData":[]},"publishpress_future_workflow_manual_trigger":{"enabledWorkflows":[]},"_links":{"self":[{"href":"https:\/\/www.fo-saint-etienne.fr\/fomunvse\/index.php?rest_route=\/wp\/v2\/posts\/1414","targetHints":{"allow":["GET"]}}],"collection":[{"href":"https:\/\/www.fo-saint-etienne.fr\/fomunvse\/index.php?rest_route=\/wp\/v2\/posts"}],"about":[{"href":"https:\/\/www.fo-saint-etienne.fr\/fomunvse\/index.php?rest_route=\/wp\/v2\/types\/post"}],"author":[{"embeddable":true,"href":"https:\/\/www.fo-saint-etienne.fr\/fomunvse\/index.php?rest_route=\/wp\/v2\/users\/1"}],"replies":[{"embeddable":true,"href":"https:\/\/www.fo-saint-etienne.fr\/fomunvse\/index.php?rest_route=%2Fwp%2Fv2%2Fcomments&post=1414"}],"version-history":[{"count":2,"href":"https:\/\/www.fo-saint-etienne.fr\/fomunvse\/index.php?rest_route=\/wp\/v2\/posts\/1414\/revisions"}],"predecessor-version":[{"id":1416,"href":"https:\/\/www.fo-saint-etienne.fr\/fomunvse\/index.php?rest_route=\/wp\/v2\/posts\/1414\/revisions\/1416"}],"wp:attachment":[{"href":"https:\/\/www.fo-saint-etienne.fr\/fomunvse\/index.php?rest_route=%2Fwp%2Fv2%2Fmedia&parent=1414"}],"wp:term":[{"taxonomy":"category","embeddable":true,"href":"https:\/\/www.fo-saint-etienne.fr\/fomunvse\/index.php?rest_route=%2Fwp%2Fv2%2Fcategories&post=1414"},{"taxonomy":"post_tag","embeddable":true,"href":"https:\/\/www.fo-saint-etienne.fr\/fomunvse\/index.php?rest_route=%2Fwp%2Fv2%2Ftags&post=1414"}],"curies":[{"name":"wp","href":"https:\/\/api.w.org\/{rel}","templated":true}]}}