{"id":1426,"date":"2021-07-30T08:08:40","date_gmt":"2021-07-30T07:08:40","guid":{"rendered":"http:\/\/www.fo-saint-etienne.fr\/fomunvse\/?p=1426"},"modified":"2021-10-31T09:56:23","modified_gmt":"2021-10-31T08:56:23","slug":"info-force-ouvriere-de-la-semaine-29-2021","status":"publish","type":"post","link":"https:\/\/www.fo-saint-etienne.fr\/fomunvse\/?p=1426","title":{"rendered":"Info FORCE OUVRI\u00c8RE de la semaine 29 2021"},"content":{"rendered":"<p>Retrouvez les articles publi\u00e9s\u00a0la\u00a0<strong><span style=\"color: #cc0000; font-size: large;\">semaine 29<\/span><\/strong> sur le site Internet <strong><span style=\"font-size: large;\"><a href=\"http:\/\/fo-territoriaux42.fr\/\" target=\"_blank\" rel=\"noopener\" data-saferedirecturl=\"https:\/\/www.google.com\/url?q=http:\/\/fo-territoriaux42.fr\/&amp;source=gmail&amp;ust=1627714468240000&amp;usg=AFQjCNFi2gxh2QMU953wdqTLWK4tqhYddw\">fo-territoriaux42.fr<\/a><\/span><\/strong>\u00a0<wbr \/>en cliquant sur le lien de l\u2019article :<\/p>\n<p><b><span style=\"font-size: large;\">&#8211;\u00a0<a href=\"http:\/\/www.fo-territoriaux42.fr\/2021\/07\/20\/obligation-vaccinale-le-projet-de-loi-en-grande-partie-validee-par-le-conseil-detat-est-publie\/\" target=\"_blank\" rel=\"noopener\" data-saferedirecturl=\"https:\/\/www.google.com\/url?q=http:\/\/www.fo-territoriaux42.fr\/2021\/07\/20\/obligation-vaccinale-le-projet-de-loi-en-grande-partie-validee-par-le-conseil-detat-est-publie\/&amp;source=gmail&amp;ust=1627714468240000&amp;usg=AFQjCNHn0bddK3UJiV0nPhQ14D6u0ulULA\">OBLIGATION VACCINALE : LE PROJET DE LOI, EN GRANDE PARTIE VALID\u00c9E PAR LE CONSEIL D\u2019\u00c9TAT, EST PUBLI\u00c9<\/a><\/p>\n<p>&#8211;\u00a0<a href=\"http:\/\/www.fo-territoriaux42.fr\/2021\/07\/20\/reactions-fo-sps-faisant-suite-aux-declarations-du-gouvernement-sur-lobligation-vaccinale\/\" target=\"_blank\" rel=\"noopener\" data-saferedirecturl=\"https:\/\/www.google.com\/url?q=http:\/\/www.fo-territoriaux42.fr\/2021\/07\/20\/reactions-fo-sps-faisant-suite-aux-declarations-du-gouvernement-sur-lobligation-vaccinale\/&amp;source=gmail&amp;ust=1627714468240000&amp;usg=AFQjCNFRA19iR2IM4IupSexXBdPFFwwHyA\">R\u00c9ACTIONS FO SPS FAISANT SUITE AUX D\u00c9CLARATIONS DU GOUVERNEMENT SUR L\u2019OBLIGATION VACCINALE<\/a><\/p>\n<p>&#8211;\u00a0<a href=\"http:\/\/www.fo-territoriaux42.fr\/2021\/07\/22\/un-plan-sante-au-travail-en-5-axes-et-37-mesures-propose-pour-la-fonction-publique\/\" target=\"_blank\" rel=\"noopener\" data-saferedirecturl=\"https:\/\/www.google.com\/url?q=http:\/\/www.fo-territoriaux42.fr\/2021\/07\/22\/un-plan-sante-au-travail-en-5-axes-et-37-mesures-propose-pour-la-fonction-publique\/&amp;source=gmail&amp;ust=1627714468240000&amp;usg=AFQjCNH34b6qj5VO-8SwxfxDps1YlY5sgQ\">UN PLAN \u00ab SANT\u00c9 AU TRAVAIL \u00bb EN 5 AXES ET 37 MESURES PROPOS\u00c9 POUR LA FONCTION PUBLIQUE<\/a><\/p>\n<p>&#8211;\u00a0<a href=\"http:\/\/www.fo-territoriaux42.fr\/2021\/07\/22\/un-contractuel-en-cdi-ne-peut-pas-etre-reclasse-sur-un-emploi-a-duree-determinee\/\" target=\"_blank\" rel=\"noopener\" data-saferedirecturl=\"https:\/\/www.google.com\/url?q=http:\/\/www.fo-territoriaux42.fr\/2021\/07\/22\/un-contractuel-en-cdi-ne-peut-pas-etre-reclasse-sur-un-emploi-a-duree-determinee\/&amp;source=gmail&amp;ust=1627714468240000&amp;usg=AFQjCNFCcZjkBoL_3jwH4tKlP6exxfZzhg\">UN CONTRACTUEL EN CDI NE PEUT PAS \u00caTRE RECLASS\u00c9 SUR UN EMPLOI \u00c0 DUR\u00c9E D\u00c9TERMIN\u00c9E<\/a><\/p>\n<p>&#8211;\u00a0<a href=\"http:\/\/www.fo-territoriaux42.fr\/2021\/07\/22\/temps-partiel-therapeutique-les-nouvelles-modalites\/\" target=\"_blank\" rel=\"noopener\" data-saferedirecturl=\"https:\/\/www.google.com\/url?q=http:\/\/www.fo-territoriaux42.fr\/2021\/07\/22\/temps-partiel-therapeutique-les-nouvelles-modalites\/&amp;source=gmail&amp;ust=1627714468240000&amp;usg=AFQjCNGU5ianMyz5PjKmj08ek4WoZ3reSw\">TEMPS PARTIEL TH\u00c9RAPEUTIQUE : LES NOUVELLES MODALIT\u00c9S<\/a><\/p>\n<p>&#8211;\u00a0<a href=\"http:\/\/www.fo-territoriaux42.fr\/2021\/07\/22\/la-suspension-du-jour-de-carence-en-voie-detre-de-nouveau-prolongee\/\" target=\"_blank\" rel=\"noopener\" data-saferedirecturl=\"https:\/\/www.google.com\/url?q=http:\/\/www.fo-territoriaux42.fr\/2021\/07\/22\/la-suspension-du-jour-de-carence-en-voie-detre-de-nouveau-prolongee\/&amp;source=gmail&amp;ust=1627714468240000&amp;usg=AFQjCNE1kcGK6Gloh3bhMOFJfwYl4rn1OA\">LA SUSPENSION DU JOUR DE CARENCE EN VOIE D\u2019\u00caTRE DE NOUVEAU PROLONG\u00c9E<\/a><\/p>\n<p>&#8211;\u00a0<a href=\"http:\/\/www.fo-territoriaux42.fr\/2021\/07\/22\/obligation-vaccinale-et-pass-sanitaire-le-gouvernement-precise-les-conditions-dans-lesquelles-les-agents-publics-pourraient-etre-sanctionnes\/\" target=\"_blank\" rel=\"noopener\" data-saferedirecturl=\"https:\/\/www.google.com\/url?q=http:\/\/www.fo-territoriaux42.fr\/2021\/07\/22\/obligation-vaccinale-et-pass-sanitaire-le-gouvernement-precise-les-conditions-dans-lesquelles-les-agents-publics-pourraient-etre-sanctionnes\/&amp;source=gmail&amp;ust=1627714468240000&amp;usg=AFQjCNGIUtJEbFAbtEapcNj2QMF0G7XHNw\">OBLIGATION VACCINALE ET PASS SANITAIRE : LE GOUVERNEMENT PR\u00c9CISE LES CONDITIONS DANS LESQUELLES LES AGENTS PUBLICS POURRAIENT \u00caTRE SANCTIONN\u00c9S<\/a><\/p>\n<p>&#8211;\u00a0<a href=\"http:\/\/www.fo-territoriaux42.fr\/2021\/07\/22\/plan-sante-au-travail-dans-la-fonction-publique-pour-fo-territoriaux-la-sante-des-agents-passe-avant-lagenda-social\/\" target=\"_blank\" rel=\"noopener\" data-saferedirecturl=\"https:\/\/www.google.com\/url?q=http:\/\/www.fo-territoriaux42.fr\/2021\/07\/22\/plan-sante-au-travail-dans-la-fonction-publique-pour-fo-territoriaux-la-sante-des-agents-passe-avant-lagenda-social\/&amp;source=gmail&amp;ust=1627714468240000&amp;usg=AFQjCNE3ThDZWeKs9XP3dWOAffmoQ1A8ww\">PLAN SANT\u00c9 AU TRAVAIL DANS LA FONCTION PUBLIQUE : POUR FO TERRITORIAUX, LA SANT\u00c9 DES AGENTS PASSE AVANT L\u2019AGENDA SOCIAL<\/a><\/p>\n<p>&#8211;\u00a0<a href=\"http:\/\/www.fo-territoriaux42.fr\/2021\/07\/23\/les-deputes-approuvent-lobligation-vaccinale-des-agents-publics\/\" target=\"_blank\" rel=\"noopener\" data-saferedirecturl=\"https:\/\/www.google.com\/url?q=http:\/\/www.fo-territoriaux42.fr\/2021\/07\/23\/les-deputes-approuvent-lobligation-vaccinale-des-agents-publics\/&amp;source=gmail&amp;ust=1627714468240000&amp;usg=AFQjCNF40jaAJ6W6W3XbvAj1YJFRC_Udlg\">LES D\u00c9PUT\u00c9S APPROUVENT L\u2019OBLIGATION VACCINALE DES AGENTS PUBLICS<\/a><\/p>\n<p>&#8211;\u00a0<a href=\"http:\/\/www.fo-territoriaux42.fr\/2021\/07\/23\/devoir-de-reserve-il-existe-une-grande-variabilite-au-risque-de-lillisibilite-dans-lapplication\/\" target=\"_blank\" rel=\"noopener\" data-saferedirecturl=\"https:\/\/www.google.com\/url?q=http:\/\/www.fo-territoriaux42.fr\/2021\/07\/23\/devoir-de-reserve-il-existe-une-grande-variabilite-au-risque-de-lillisibilite-dans-lapplication\/&amp;source=gmail&amp;ust=1627714468240000&amp;usg=AFQjCNGZ_LB1gnpAg7ErRjLB0VO9zEcmHw\">DEVOIR DE R\u00c9SERVE : IL EXISTE UNE GRANDE VARIABILIT\u00c9 \u2013 AU RISQUE DE L\u2019ILLISIBILIT\u00c9 \u2013 DANS SON APPLICATION<\/a><\/span><\/b><\/p>\n","protected":false},"excerpt":{"rendered":"<p>Retrouvez les articles publi\u00e9s\u00a0la\u00a0semaine 29 sur le site Internet fo-territoriaux42.fr\u00a0en cliquant sur le lien de l\u2019article : &#8211;\u00a0OBLIGATION VACCINALE : LE PROJET DE LOI, EN [&#8230;]<\/p>\n","protected":false},"author":1,"featured_media":0,"comment_status":"closed","ping_status":"closed","sticky":false,"template":"","format":"standard","meta":{"jetpack_post_was_ever_published":false,"_jetpack_newsletter_access":"","_jetpack_dont_email_post_to_subs":false,"_jetpack_newsletter_tier_id":0,"_jetpack_memberships_contains_paywalled_content":false,"_jetpack_memberships_contains_paid_content":false,"footnotes":""},"categories":[17],"tags":[],"class_list":["post-1426","post","type-post","status-publish","format-standard","hentry","category-article"],"jetpack_featured_media_url":"","jetpack_sharing_enabled":true,"jetpack_shortlink":"https:\/\/wp.me\/p9roQz-n0","jetpack_likes_enabled":false,"publishpress_future_action":{"enabled":false,"date":"2026-05-10 10:06:43","action":"change-status","newStatus":"draft","terms":[],"taxonomy":"category","extraData":[]},"publishpress_future_workflow_manual_trigger":{"enabledWorkflows":[]},"_links":{"self":[{"href":"https:\/\/www.fo-saint-etienne.fr\/fomunvse\/index.php?rest_route=\/wp\/v2\/posts\/1426","targetHints":{"allow":["GET"]}}],"collection":[{"href":"https:\/\/www.fo-saint-etienne.fr\/fomunvse\/index.php?rest_route=\/wp\/v2\/posts"}],"about":[{"href":"https:\/\/www.fo-saint-etienne.fr\/fomunvse\/index.php?rest_route=\/wp\/v2\/types\/post"}],"author":[{"embeddable":true,"href":"https:\/\/www.fo-saint-etienne.fr\/fomunvse\/index.php?rest_route=\/wp\/v2\/users\/1"}],"replies":[{"embeddable":true,"href":"https:\/\/www.fo-saint-etienne.fr\/fomunvse\/index.php?rest_route=%2Fwp%2Fv2%2Fcomments&post=1426"}],"version-history":[{"count":1,"href":"https:\/\/www.fo-saint-etienne.fr\/fomunvse\/index.php?rest_route=\/wp\/v2\/posts\/1426\/revisions"}],"predecessor-version":[{"id":1427,"href":"https:\/\/www.fo-saint-etienne.fr\/fomunvse\/index.php?rest_route=\/wp\/v2\/posts\/1426\/revisions\/1427"}],"wp:attachment":[{"href":"https:\/\/www.fo-saint-etienne.fr\/fomunvse\/index.php?rest_route=%2Fwp%2Fv2%2Fmedia&parent=1426"}],"wp:term":[{"taxonomy":"category","embeddable":true,"href":"https:\/\/www.fo-saint-etienne.fr\/fomunvse\/index.php?rest_route=%2Fwp%2Fv2%2Fcategories&post=1426"},{"taxonomy":"post_tag","embeddable":true,"href":"https:\/\/www.fo-saint-etienne.fr\/fomunvse\/index.php?rest_route=%2Fwp%2Fv2%2Ftags&post=1426"}],"curies":[{"name":"wp","href":"https:\/\/api.w.org\/{rel}","templated":true}]}}