{"id":1436,"date":"2021-08-08T10:06:51","date_gmt":"2021-08-08T09:06:51","guid":{"rendered":"http:\/\/www.fo-saint-etienne.fr\/fomunvse\/?p=1436"},"modified":"2021-10-31T09:56:55","modified_gmt":"2021-10-31T08:56:55","slug":"info-force-ouvriere-de-la-semaine-31-2021","status":"publish","type":"post","link":"https:\/\/www.fo-saint-etienne.fr\/fomunvse\/?p=1436","title":{"rendered":"Info FORCE OUVRI\u00c8RE de la semaine 31 2021"},"content":{"rendered":"<p>Retrouvez les articles publi\u00e9s\u00a0la\u00a0<strong><span style=\"color: #cc0000; font-size: large;\">semaine 31<\/span><\/strong> sur le site Internet\u00a0<strong><span style=\"font-size: large;\"><a href=\"http:\/\/fo-territoriaux42.fr\/\" target=\"_blank\" rel=\"noopener\" data-saferedirecturl=\"https:\/\/www.google.com\/url?q=http:\/\/fo-territoriaux42.fr\/&amp;source=gmail&amp;ust=1628499812673000&amp;usg=AFQjCNHeudfiAzwkpdJCCpPvM05SoqZQkg\">fo-territoriaux42.fr<\/a><\/span><\/strong>\u00a0<wbr \/>en cliquant sur le lien de l\u2019article :<\/p>\n<p><span style=\"font-size: large;\"><b>&#8211;\u00a0<a href=\"http:\/\/www.fo-territoriaux42.fr\/2021\/08\/02\/carrieres-et-remunerations-le-gouvernement-entend-reformer-un-systeme-a-bout-de-souffle\/\" target=\"_blank\" rel=\"noopener\" data-saferedirecturl=\"https:\/\/www.google.com\/url?q=http:\/\/www.fo-territoriaux42.fr\/2021\/08\/02\/carrieres-et-remunerations-le-gouvernement-entend-reformer-un-systeme-a-bout-de-souffle\/&amp;source=gmail&amp;ust=1628499812673000&amp;usg=AFQjCNHb3PbbtE77DYYkAdZxNTpsmjXbrQ\">CARRI\u00c8RES ET R\u00c9MUN\u00c9RATIONS : LE GOUVERNEMENT ENTEND R\u00c9FORMER UN SYST\u00c8ME \u00ab \u00c0 BOUT DE SOUFFLE \u00bb<\/a><\/p>\n<p>&#8211;\u00a0<a href=\"http:\/\/www.fo-territoriaux42.fr\/2021\/08\/02\/vaccination-obligatoire-quels-sont-les-agents-publics-concernes\/\" target=\"_blank\" rel=\"noopener\" data-saferedirecturl=\"https:\/\/www.google.com\/url?q=http:\/\/www.fo-territoriaux42.fr\/2021\/08\/02\/vaccination-obligatoire-quels-sont-les-agents-publics-concernes\/&amp;source=gmail&amp;ust=1628499812673000&amp;usg=AFQjCNHCAooyxVnTInzp_93Gkt56FB9jWg\">VACCINATION OBLIGATOIRE : QUELS SONT LES AGENTS PUBLICS CONCERN\u00c9S ?<\/a><\/p>\n<p>&#8211;\u00a0<a href=\"http:\/\/www.fo-territoriaux42.fr\/2021\/08\/04\/la-prevention-en-sante-au-travail-est-renforcee-par-une-nouvelle-loi\/\" target=\"_blank\" rel=\"noopener\" data-saferedirecturl=\"https:\/\/www.google.com\/url?q=http:\/\/www.fo-territoriaux42.fr\/2021\/08\/04\/la-prevention-en-sante-au-travail-est-renforcee-par-une-nouvelle-loi\/&amp;source=gmail&amp;ust=1628499812673000&amp;usg=AFQjCNFoYadepW5zvQNys_w3mtTAhIB4xA\">LA PR\u00c9VENTION EN SANT\u00c9 AU TRAVAIL EST RENFORC\u00c9E PAR UNE NOUVELLE LOI<\/a><\/p>\n<p>&#8211;\u00a0<a href=\"http:\/\/www.fo-territoriaux42.fr\/2021\/08\/06\/projet-de-loi-sur-la-gestion-de-la-crise-sanitaire-censure-du-conseil-constitutionnel-de-certaines-dispositions\/\" target=\"_blank\" rel=\"noopener\" data-saferedirecturl=\"https:\/\/www.google.com\/url?q=http:\/\/www.fo-territoriaux42.fr\/2021\/08\/06\/projet-de-loi-sur-la-gestion-de-la-crise-sanitaire-censure-du-conseil-constitutionnel-de-certaines-dispositions\/&amp;source=gmail&amp;ust=1628499812673000&amp;usg=AFQjCNHQIPrJ_xrom9lQRO2jHq7tavOXJw\">PROJET DE LOI SUR LA GESTION DE LA CRISE SANITAIRE : CENSURE DU CONSEIL CONSTITUTIONNEL DE CERTAINES DISPOSITIONS<\/a><\/p>\n<p>&#8211;\u00a0<a href=\"http:\/\/www.fo-territoriaux42.fr\/2021\/08\/06\/passe-sanitaire-et-conseil-constitutionnel-reaction-de-force-ouvriere\/\" target=\"_blank\" rel=\"noopener\" data-saferedirecturl=\"https:\/\/www.google.com\/url?q=http:\/\/www.fo-territoriaux42.fr\/2021\/08\/06\/passe-sanitaire-et-conseil-constitutionnel-reaction-de-force-ouvriere\/&amp;source=gmail&amp;ust=1628499812673000&amp;usg=AFQjCNGdLMWG9Dgpf7M6EJRRWk-W-covNA\">PASSE SANITAIRE ET CONSEIL CONSTITUTIONNEL : R\u00c9ACTION DE FORCE OUVRI\u00c8RE<\/a><\/p>\n<p>&#8211;\u00a0<a href=\"http:\/\/www.fo-territoriaux42.fr\/2021\/08\/06\/modalites-dacces-aux-dossiers-individuels-des-fonctionnaires\/\" target=\"_blank\" rel=\"noopener\" data-saferedirecturl=\"https:\/\/www.google.com\/url?q=http:\/\/www.fo-territoriaux42.fr\/2021\/08\/06\/modalites-dacces-aux-dossiers-individuels-des-fonctionnaires\/&amp;source=gmail&amp;ust=1628499812673000&amp;usg=AFQjCNGd51Umtpc9woZ9FdF4M2KDsTvrrA\">MODALIT\u00c9S D\u2019ACC\u00c8S AUX DOSSIERS INDIVIDUELS DES FONCTIONNAIRES<\/a><\/b><\/span><\/p>\n","protected":false},"excerpt":{"rendered":"<p>Retrouvez les articles publi\u00e9s\u00a0la\u00a0semaine 31 sur le site Internet\u00a0fo-territoriaux42.fr\u00a0en cliquant sur le lien de l\u2019article : &#8211;\u00a0CARRI\u00c8RES ET R\u00c9MUN\u00c9RATIONS : LE GOUVERNEMENT ENTEND R\u00c9FORMER UN [&#8230;]<\/p>\n","protected":false},"author":1,"featured_media":0,"comment_status":"closed","ping_status":"closed","sticky":false,"template":"","format":"standard","meta":{"jetpack_post_was_ever_published":false,"_jetpack_newsletter_access":"","_jetpack_dont_email_post_to_subs":false,"_jetpack_newsletter_tier_id":0,"_jetpack_memberships_contains_paywalled_content":false,"_jetpack_memberships_contains_paid_content":false,"footnotes":""},"categories":[17],"tags":[],"class_list":["post-1436","post","type-post","status-publish","format-standard","hentry","category-article"],"jetpack_featured_media_url":"","jetpack_sharing_enabled":true,"jetpack_shortlink":"https:\/\/wp.me\/p9roQz-na","jetpack_likes_enabled":false,"publishpress_future_action":{"enabled":false,"date":"2026-05-10 12:50:31","action":"change-status","newStatus":"draft","terms":[],"taxonomy":"category","extraData":[]},"publishpress_future_workflow_manual_trigger":{"enabledWorkflows":[]},"_links":{"self":[{"href":"https:\/\/www.fo-saint-etienne.fr\/fomunvse\/index.php?rest_route=\/wp\/v2\/posts\/1436","targetHints":{"allow":["GET"]}}],"collection":[{"href":"https:\/\/www.fo-saint-etienne.fr\/fomunvse\/index.php?rest_route=\/wp\/v2\/posts"}],"about":[{"href":"https:\/\/www.fo-saint-etienne.fr\/fomunvse\/index.php?rest_route=\/wp\/v2\/types\/post"}],"author":[{"embeddable":true,"href":"https:\/\/www.fo-saint-etienne.fr\/fomunvse\/index.php?rest_route=\/wp\/v2\/users\/1"}],"replies":[{"embeddable":true,"href":"https:\/\/www.fo-saint-etienne.fr\/fomunvse\/index.php?rest_route=%2Fwp%2Fv2%2Fcomments&post=1436"}],"version-history":[{"count":1,"href":"https:\/\/www.fo-saint-etienne.fr\/fomunvse\/index.php?rest_route=\/wp\/v2\/posts\/1436\/revisions"}],"predecessor-version":[{"id":1437,"href":"https:\/\/www.fo-saint-etienne.fr\/fomunvse\/index.php?rest_route=\/wp\/v2\/posts\/1436\/revisions\/1437"}],"wp:attachment":[{"href":"https:\/\/www.fo-saint-etienne.fr\/fomunvse\/index.php?rest_route=%2Fwp%2Fv2%2Fmedia&parent=1436"}],"wp:term":[{"taxonomy":"category","embeddable":true,"href":"https:\/\/www.fo-saint-etienne.fr\/fomunvse\/index.php?rest_route=%2Fwp%2Fv2%2Fcategories&post=1436"},{"taxonomy":"post_tag","embeddable":true,"href":"https:\/\/www.fo-saint-etienne.fr\/fomunvse\/index.php?rest_route=%2Fwp%2Fv2%2Ftags&post=1436"}],"curies":[{"name":"wp","href":"https:\/\/api.w.org\/{rel}","templated":true}]}}