{"id":1450,"date":"2021-08-18T16:36:46","date_gmt":"2021-08-18T15:36:46","guid":{"rendered":"http:\/\/www.fo-saint-etienne.fr\/fomunvse\/?p=1450"},"modified":"2021-10-31T09:56:41","modified_gmt":"2021-10-31T08:56:41","slug":"info-force-ouvriere-de-la-semaine-32-2021","status":"publish","type":"post","link":"https:\/\/www.fo-saint-etienne.fr\/fomunvse\/?p=1450","title":{"rendered":"Info FORCE OUVRI\u00c8RE de la semaine 32 2021"},"content":{"rendered":"<div class=\"gmail_default\">\n<p>Retrouvez les articles publi\u00e9s\u00a0la\u00a0<strong><span style=\"color: #cc0000; font-size: large;\">semaine 32<\/span><\/strong> sur le site Internet <strong><span style=\"font-size: large;\"><a href=\"http:\/\/fo-territoriaux42.fr\/\" target=\"_blank\" rel=\"noopener\" data-saferedirecturl=\"https:\/\/www.google.com\/url?q=http:\/\/fo-territoriaux42.fr\/&amp;source=gmail&amp;ust=1629387054815000&amp;usg=AFQjCNHxyCSHlUmP0DhMUTFhFDpImgidqQ\">fo-territoriaux42.fr<\/a><\/span><\/strong>\u00a0<wbr \/>en cliquant sur le lien de l\u2019article :<\/p>\n<p><b><span style=\"font-size: large;\">&#8211;\u00a0<a href=\"http:\/\/www.fo-territoriaux42.fr\/2021\/08\/10\/droit-de-greve-les-syndicats-fo-cgt-et-sur-denoncent-des-propos-dolivier-veran\/\" target=\"_blank\" rel=\"noopener\" data-saferedirecturl=\"https:\/\/www.google.com\/url?q=http:\/\/www.fo-territoriaux42.fr\/2021\/08\/10\/droit-de-greve-les-syndicats-fo-cgt-et-sur-denoncent-des-propos-dolivier-veran\/&amp;source=gmail&amp;ust=1629387054815000&amp;usg=AFQjCNExdtIOogd43dVlYbuV4uId5gSDsQ\">DROIT DE GR\u00c8VE : LES SYNDICATS FO, CGT ET SUD D\u00c9NONCENT DES PROPOS D\u2019OLIVIER V\u00c9RAN<\/a><\/span><\/b><\/p>\n<p>&#8211;\u00a0<a href=\"http:\/\/www.fo-territoriaux42.fr\/2021\/08\/10\/droit-de-greve-force-ouvriere-denonce-toute-mise-en-cause\/\" target=\"_blank\" rel=\"noopener\" data-saferedirecturl=\"https:\/\/www.google.com\/url?q=http:\/\/www.fo-territoriaux42.fr\/2021\/08\/10\/droit-de-greve-force-ouvriere-denonce-toute-mise-en-cause\/&amp;source=gmail&amp;ust=1629387054815000&amp;usg=AFQjCNEbGXlvuEk0IeR9hmR6wGtqW2Ii_g\">DROIT DE GR\u00c8VE : FORCE OUVRI\u00c8RE D\u00c9NONCE TOUTE MISE EN CAUSE<\/a><\/p>\n<p>&#8211;\u00a0<a href=\"http:\/\/www.fo-territoriaux42.fr\/2021\/08\/10\/il-faut-faire-confiance-informer-expliquer-rassurer-et-non-pas-menacer-et-licencier-yves-veyrier\/\" target=\"_blank\" rel=\"noopener\" data-saferedirecturl=\"https:\/\/www.google.com\/url?q=http:\/\/www.fo-territoriaux42.fr\/2021\/08\/10\/il-faut-faire-confiance-informer-expliquer-rassurer-et-non-pas-menacer-et-licencier-yves-veyrier\/&amp;source=gmail&amp;ust=1629387054815000&amp;usg=AFQjCNHP6e0zG1AAUzp6dGmVVQsnCDmHUA\">\u00ab IL FAUT FAIRE CONFIANCE, INFORMER, EXPLIQUER, RASSURER \u2026 ET NON PAS MENACER ET LICENCIER \u00bb YVES VEYRIER<\/a><b><b><\/b><\/b><br \/>\n<b><b><\/b><\/b><\/p>\n<\/div>\n<div class=\"gmail_default\"><b><b><span style=\"font-size: large;\">&#8211;\u00a0<a href=\"http:\/\/www.fo-territoriaux42.fr\/2021\/08\/10\/lobligation-dobeissance-hierarchique-dun-agent-public\/\" target=\"_blank\" rel=\"noopener\" data-saferedirecturl=\"https:\/\/www.google.com\/url?q=http:\/\/www.fo-territoriaux42.fr\/2021\/08\/10\/lobligation-dobeissance-hierarchique-dun-agent-public\/&amp;source=gmail&amp;ust=1629387054815000&amp;usg=AFQjCNHs8et2ljaaVrbNknQvq0MEpPVTPQ\">L\u2019OBLIGATION D\u2019OB\u00c9ISSANCE HI\u00c9RARCHIQUE D\u2019UN AGENT PUBLIC<\/a><\/span><\/b><\/b>&#8211;\u00a0<a href=\"http:\/\/www.fo-territoriaux42.fr\/2021\/08\/10\/la-remuneration-des-fonctionnaires-serode\/\" target=\"_blank\" rel=\"noopener\" data-saferedirecturl=\"https:\/\/www.google.com\/url?q=http:\/\/www.fo-territoriaux42.fr\/2021\/08\/10\/la-remuneration-des-fonctionnaires-serode\/&amp;source=gmail&amp;ust=1629387054815000&amp;usg=AFQjCNEzR7BAmCZisbdue4c9yZiZxKqlqA\">LA R\u00c9MUN\u00c9RATION DES FONCTIONNAIRES S\u2019\u00c9RODE !<\/a><\/p>\n<p>&#8211;\u00a0<a href=\"http:\/\/www.fo-territoriaux42.fr\/2021\/08\/11\/loi-portant-gestion-de-la-crise-sanitaire-pour-fo-fonction-publique-cest-toujours-non\/\" target=\"_blank\" rel=\"noopener\" data-saferedirecturl=\"https:\/\/www.google.com\/url?q=http:\/\/www.fo-territoriaux42.fr\/2021\/08\/11\/loi-portant-gestion-de-la-crise-sanitaire-pour-fo-fonction-publique-cest-toujours-non\/&amp;source=gmail&amp;ust=1629387054815000&amp;usg=AFQjCNGyfonU4vqVjiX8o_pc-Fj2Aq6Swg\">LOI PORTANT GESTION DE LA CRISE SANITAIRE : POUR FO FONCTION PUBLIQUE, C\u2019EST TOUJOURS NON !<\/a><\/p>\n<p>&#8211;\u00a0<a href=\"http:\/\/www.fo-territoriaux42.fr\/2021\/08\/12\/questions-reponses-relatives-a-la-prise-en-compte-dans-la-fpt-de-levolution-de-lepidemie-de-covid-19-mise-a-jour-au-11-aout-2021\/\" target=\"_blank\" rel=\"noopener\" data-saferedirecturl=\"https:\/\/www.google.com\/url?q=http:\/\/www.fo-territoriaux42.fr\/2021\/08\/12\/questions-reponses-relatives-a-la-prise-en-compte-dans-la-fpt-de-levolution-de-lepidemie-de-covid-19-mise-a-jour-au-11-aout-2021\/&amp;source=gmail&amp;ust=1629387054815000&amp;usg=AFQjCNHQXbMwRdgKAEcZ9yql7qPYyOY3SQ\">QUESTIONS-R\u00c9PONSES RELATIVES \u00c0 LA PRISE EN COMPTE DANS LA FPT DE L\u2019\u00c9VOLUTION DE L\u2019\u00c9PID\u00c9MIE DE COVID-19 \u2013 M\u00c0J AU 11 AO\u00dbT 2021<\/a><\/p>\n<p>&#8211;\u00a0<a href=\"http:\/\/www.fo-territoriaux42.fr\/2021\/08\/12\/synthese-fo-de-la-faq-passe-sanitaire-de-la-dgcl\/\" target=\"_blank\" rel=\"noopener\" data-saferedirecturl=\"https:\/\/www.google.com\/url?q=http:\/\/www.fo-territoriaux42.fr\/2021\/08\/12\/synthese-fo-de-la-faq-passe-sanitaire-de-la-dgcl\/&amp;source=gmail&amp;ust=1629387054815000&amp;usg=AFQjCNFJHWpNG_KeIGIOjL2jqfcCmOMHmA\">SYNTH\u00c8SE FO DE LA FAQ PASSE SANITAIRE DE LA DGCL<\/a><\/p>\n<p>&#8211;\u00a0<a href=\"http:\/\/www.fo-territoriaux42.fr\/2021\/08\/12\/passe-sanitaire-autotest-et-suspension-des-agents-comment-proceder\/\" target=\"_blank\" rel=\"noopener\" data-saferedirecturl=\"https:\/\/www.google.com\/url?q=http:\/\/www.fo-territoriaux42.fr\/2021\/08\/12\/passe-sanitaire-autotest-et-suspension-des-agents-comment-proceder\/&amp;source=gmail&amp;ust=1629387054815000&amp;usg=AFQjCNGzRDxWaRT1iFH0TFn2Vwerq7m9yg\">PASSE SANITAIRE, AUTOTEST ET SUSPENSION DES AGENTS : COMMENT PROC\u00c9DER ?<\/a><\/p>\n<p>&#8211;\u00a0<a href=\"http:\/\/www.fo-territoriaux42.fr\/2021\/08\/13\/agents-des-creches-et-vaccination-obligatoire-le-grand-flou\/\" target=\"_blank\" rel=\"noopener\" data-saferedirecturl=\"https:\/\/www.google.com\/url?q=http:\/\/www.fo-territoriaux42.fr\/2021\/08\/13\/agents-des-creches-et-vaccination-obligatoire-le-grand-flou\/&amp;source=gmail&amp;ust=1629387054815000&amp;usg=AFQjCNGy5FzpthTlaG2hJfQUv9tBN9DTUQ\">AGENTS DES CR\u00c8CHES ET VACCINATION OBLIGATOIRE : LE GRAND FLOU !<\/a><\/p>\n<\/div>\n","protected":false},"excerpt":{"rendered":"<p>Retrouvez les articles publi\u00e9s\u00a0la\u00a0semaine 32 sur le site Internet fo-territoriaux42.fr\u00a0en cliquant sur le lien de l\u2019article : &#8211;\u00a0DROIT DE GR\u00c8VE : LES SYNDICATS FO, CGT [&#8230;]<\/p>\n","protected":false},"author":1,"featured_media":0,"comment_status":"closed","ping_status":"closed","sticky":false,"template":"","format":"standard","meta":{"jetpack_post_was_ever_published":false,"_jetpack_newsletter_access":"","_jetpack_dont_email_post_to_subs":false,"_jetpack_newsletter_tier_id":0,"_jetpack_memberships_contains_paywalled_content":false,"_jetpack_memberships_contains_paid_content":false,"footnotes":""},"categories":[17],"tags":[],"class_list":["post-1450","post","type-post","status-publish","format-standard","hentry","category-article"],"jetpack_featured_media_url":"","jetpack_sharing_enabled":true,"jetpack_shortlink":"https:\/\/wp.me\/p9roQz-no","jetpack_likes_enabled":false,"publishpress_future_action":{"enabled":false,"date":"2026-05-10 14:08:13","action":"change-status","newStatus":"draft","terms":[],"taxonomy":"category","extraData":[]},"publishpress_future_workflow_manual_trigger":{"enabledWorkflows":[]},"_links":{"self":[{"href":"https:\/\/www.fo-saint-etienne.fr\/fomunvse\/index.php?rest_route=\/wp\/v2\/posts\/1450","targetHints":{"allow":["GET"]}}],"collection":[{"href":"https:\/\/www.fo-saint-etienne.fr\/fomunvse\/index.php?rest_route=\/wp\/v2\/posts"}],"about":[{"href":"https:\/\/www.fo-saint-etienne.fr\/fomunvse\/index.php?rest_route=\/wp\/v2\/types\/post"}],"author":[{"embeddable":true,"href":"https:\/\/www.fo-saint-etienne.fr\/fomunvse\/index.php?rest_route=\/wp\/v2\/users\/1"}],"replies":[{"embeddable":true,"href":"https:\/\/www.fo-saint-etienne.fr\/fomunvse\/index.php?rest_route=%2Fwp%2Fv2%2Fcomments&post=1450"}],"version-history":[{"count":2,"href":"https:\/\/www.fo-saint-etienne.fr\/fomunvse\/index.php?rest_route=\/wp\/v2\/posts\/1450\/revisions"}],"predecessor-version":[{"id":1452,"href":"https:\/\/www.fo-saint-etienne.fr\/fomunvse\/index.php?rest_route=\/wp\/v2\/posts\/1450\/revisions\/1452"}],"wp:attachment":[{"href":"https:\/\/www.fo-saint-etienne.fr\/fomunvse\/index.php?rest_route=%2Fwp%2Fv2%2Fmedia&parent=1450"}],"wp:term":[{"taxonomy":"category","embeddable":true,"href":"https:\/\/www.fo-saint-etienne.fr\/fomunvse\/index.php?rest_route=%2Fwp%2Fv2%2Fcategories&post=1450"},{"taxonomy":"post_tag","embeddable":true,"href":"https:\/\/www.fo-saint-etienne.fr\/fomunvse\/index.php?rest_route=%2Fwp%2Fv2%2Ftags&post=1450"}],"curies":[{"name":"wp","href":"https:\/\/api.w.org\/{rel}","templated":true}]}}