{"id":1453,"date":"2021-08-24T16:56:22","date_gmt":"2021-08-24T15:56:22","guid":{"rendered":"http:\/\/www.fo-saint-etienne.fr\/fomunvse\/?p=1453"},"modified":"2021-10-31T09:57:08","modified_gmt":"2021-10-31T08:57:08","slug":"info-force-ouvriere-de-la-semaine-33-2021","status":"publish","type":"post","link":"https:\/\/www.fo-saint-etienne.fr\/fomunvse\/?p=1453","title":{"rendered":"Info FORCE OUVRI\u00c8RE de la semaine 33 2021"},"content":{"rendered":"<p>Retrouvez les articles publi\u00e9s\u00a0la\u00a0<strong><span style=\"color: #cc0000; font-size: large;\">semaine 33<\/span><\/strong> sur le site Internet <strong><span style=\"font-size: large;\"><a href=\"http:\/\/fo-territoriaux42.fr\/\" target=\"_blank\" rel=\"noopener\" data-saferedirecturl=\"https:\/\/www.google.com\/url?q=http:\/\/fo-territoriaux42.fr\/&amp;source=gmail&amp;ust=1629906753800000&amp;usg=AFQjCNHExk6ySggsCqgqcfXeRx9kBiyv_Q\">fo-territoriaux42.fr<\/a><\/span><\/strong>\u00a0<wbr \/>en cliquant sur le lien de l\u2019article :<\/p>\n<p><span style=\"font-size: large;\"><b>&#8211;\u00a0<a href=\"http:\/\/www.fo-territoriaux42.fr\/2021\/08\/16\/visite-medicale-des-travailleurs-avant-leur-depart-en-retraite\/\" target=\"_blank\" rel=\"noopener\" data-saferedirecturl=\"https:\/\/www.google.com\/url?q=http:\/\/www.fo-territoriaux42.fr\/2021\/08\/16\/visite-medicale-des-travailleurs-avant-leur-depart-en-retraite\/&amp;source=gmail&amp;ust=1629906753800000&amp;usg=AFQjCNGKeBhq8bHAYCoaUP_KSc41m6gT2Q\">VISITE M\u00c9DICALE DES TRAVAILLEURS AVANT LEUR D\u00c9PART EN RETRAITE<\/a><\/p>\n<p>&#8211;\u00a0<a href=\"http:\/\/www.fo-territoriaux42.fr\/2021\/08\/17\/mise-en-oeuvre-de-lobligation-vaccinale-et-du-passe-sanitaire-dans-les-etablissements-de-sante-sociaux-et-medico-sociaux\/\" target=\"_blank\" rel=\"noopener\" data-saferedirecturl=\"https:\/\/www.google.com\/url?q=http:\/\/www.fo-territoriaux42.fr\/2021\/08\/17\/mise-en-oeuvre-de-lobligation-vaccinale-et-du-passe-sanitaire-dans-les-etablissements-de-sante-sociaux-et-medico-sociaux\/&amp;source=gmail&amp;ust=1629906753800000&amp;usg=AFQjCNHNk4oTw6UMtVBpOToRCPMrucU_9w\">MISE EN \u0152UVRE DE L\u2019OBLIGATION VACCINALE ET DU PASSE SANITAIRE DANS LES \u00c9TABLISSEMENTS DE SANT\u00c9, SOCIAUX ET M\u00c9DICO-SOCIAUX<\/a><\/p>\n<p>&#8211;\u00a0<a href=\"http:\/\/www.fo-territoriaux42.fr\/2021\/08\/17\/protocole-sanitaire-au-travail-quelles-evolutions-depuis-le-9-aout-2021\/\" target=\"_blank\" rel=\"noopener\" data-saferedirecturl=\"https:\/\/www.google.com\/url?q=http:\/\/www.fo-territoriaux42.fr\/2021\/08\/17\/protocole-sanitaire-au-travail-quelles-evolutions-depuis-le-9-aout-2021\/&amp;source=gmail&amp;ust=1629906753800000&amp;usg=AFQjCNGAlbI_wf1L5D3qhdGT7qTU_4rQAg\">PROTOCOLE SANITAIRE AU TRAVAIL : QUELLES \u00c9VOLUTIONS DEPUIS LE 9 AO\u00dbT 2021 ?<\/a><\/p>\n<p>&#8211;\u00a0<a href=\"http:\/\/www.fo-territoriaux42.fr\/2021\/08\/17\/garantie-individuelle-du-pouvoir-dachat-gipa-elements-de-calcul-a-prendre-en-compte\/\" target=\"_blank\" rel=\"noopener\" data-saferedirecturl=\"https:\/\/www.google.com\/url?q=http:\/\/www.fo-territoriaux42.fr\/2021\/08\/17\/garantie-individuelle-du-pouvoir-dachat-gipa-elements-de-calcul-a-prendre-en-compte\/&amp;source=gmail&amp;ust=1629906753800000&amp;usg=AFQjCNGf295Ak7x_YYbBHFU-KuUxWTjHog\">GARANTIE INDIVIDUELLE DU POUVOIR D\u2019ACHAT (GIPA) : \u00c9L\u00c9MENTS DE CALCUL \u00c0 PRENDRE EN COMPTE<\/a><\/p>\n<p>&#8211;\u00a0<a href=\"http:\/\/www.fo-territoriaux42.fr\/2021\/08\/19\/questions-reponses-relatives-a-la-prise-en-compte-dans-la-fpt-de-levolution-de-lepidemie-de-covid-19-maj-au-13-aout-2021\/\" target=\"_blank\" rel=\"noopener\" data-saferedirecturl=\"https:\/\/www.google.com\/url?q=http:\/\/www.fo-territoriaux42.fr\/2021\/08\/19\/questions-reponses-relatives-a-la-prise-en-compte-dans-la-fpt-de-levolution-de-lepidemie-de-covid-19-maj-au-13-aout-2021\/&amp;source=gmail&amp;ust=1629906753800000&amp;usg=AFQjCNEszDLyBRZyZTQov3QiE9zzXvLWZg\">QUESTIONS-R\u00c9PONSES RELATIVES \u00c0 LA PRISE EN COMPTE DANS LA FPT DE L\u2019\u00c9VOLUTION DE L\u2019\u00c9PID\u00c9MIE DE COVID-19 \u2013 M\u00c0J AU 13 AO\u00dbT 2021<\/a><\/p>\n<p>&#8211;\u00a0<a href=\"http:\/\/www.fo-territoriaux42.fr\/2021\/08\/20\/deroulement-des-concours-et-examens-de-la-fonction-publique-en-periode-de-crise-sanitaire-recommandations-ao-09-08-2021\/\" target=\"_blank\" rel=\"noopener\" data-saferedirecturl=\"https:\/\/www.google.com\/url?q=http:\/\/www.fo-territoriaux42.fr\/2021\/08\/20\/deroulement-des-concours-et-examens-de-la-fonction-publique-en-periode-de-crise-sanitaire-recommandations-ao-09-08-2021\/&amp;source=gmail&amp;ust=1629906753800000&amp;usg=AFQjCNHKeqBQciBPmvrQr0xXna-2VAOo0Q\">D\u00c9ROULEMENT DES CONCOURS ET EXAMENS DE LA FONCTION PUBLIQUE EN P\u00c9RIODE DE CRISE SANITAIRE : RECOMMANDATIONS AU 09\/08\/2021<\/a><\/b><\/span><\/p>\n","protected":false},"excerpt":{"rendered":"<p>Retrouvez les articles publi\u00e9s\u00a0la\u00a0semaine 33 sur le site Internet fo-territoriaux42.fr\u00a0en cliquant sur le lien de l\u2019article : &#8211;\u00a0VISITE M\u00c9DICALE DES TRAVAILLEURS AVANT LEUR D\u00c9PART EN [&#8230;]<\/p>\n","protected":false},"author":1,"featured_media":0,"comment_status":"closed","ping_status":"closed","sticky":false,"template":"","format":"standard","meta":{"jetpack_post_was_ever_published":false,"_jetpack_newsletter_access":"","_jetpack_dont_email_post_to_subs":false,"_jetpack_newsletter_tier_id":0,"_jetpack_memberships_contains_paywalled_content":false,"_jetpack_memberships_contains_paid_content":false,"footnotes":""},"categories":[17],"tags":[],"class_list":["post-1453","post","type-post","status-publish","format-standard","hentry","category-article"],"jetpack_featured_media_url":"","jetpack_sharing_enabled":true,"jetpack_shortlink":"https:\/\/wp.me\/p9roQz-nr","jetpack_likes_enabled":false,"publishpress_future_action":{"enabled":false,"date":"2026-05-10 15:26:45","action":"change-status","newStatus":"draft","terms":[],"taxonomy":"category","extraData":[]},"publishpress_future_workflow_manual_trigger":{"enabledWorkflows":[]},"_links":{"self":[{"href":"https:\/\/www.fo-saint-etienne.fr\/fomunvse\/index.php?rest_route=\/wp\/v2\/posts\/1453","targetHints":{"allow":["GET"]}}],"collection":[{"href":"https:\/\/www.fo-saint-etienne.fr\/fomunvse\/index.php?rest_route=\/wp\/v2\/posts"}],"about":[{"href":"https:\/\/www.fo-saint-etienne.fr\/fomunvse\/index.php?rest_route=\/wp\/v2\/types\/post"}],"author":[{"embeddable":true,"href":"https:\/\/www.fo-saint-etienne.fr\/fomunvse\/index.php?rest_route=\/wp\/v2\/users\/1"}],"replies":[{"embeddable":true,"href":"https:\/\/www.fo-saint-etienne.fr\/fomunvse\/index.php?rest_route=%2Fwp%2Fv2%2Fcomments&post=1453"}],"version-history":[{"count":1,"href":"https:\/\/www.fo-saint-etienne.fr\/fomunvse\/index.php?rest_route=\/wp\/v2\/posts\/1453\/revisions"}],"predecessor-version":[{"id":1454,"href":"https:\/\/www.fo-saint-etienne.fr\/fomunvse\/index.php?rest_route=\/wp\/v2\/posts\/1453\/revisions\/1454"}],"wp:attachment":[{"href":"https:\/\/www.fo-saint-etienne.fr\/fomunvse\/index.php?rest_route=%2Fwp%2Fv2%2Fmedia&parent=1453"}],"wp:term":[{"taxonomy":"category","embeddable":true,"href":"https:\/\/www.fo-saint-etienne.fr\/fomunvse\/index.php?rest_route=%2Fwp%2Fv2%2Fcategories&post=1453"},{"taxonomy":"post_tag","embeddable":true,"href":"https:\/\/www.fo-saint-etienne.fr\/fomunvse\/index.php?rest_route=%2Fwp%2Fv2%2Ftags&post=1453"}],"curies":[{"name":"wp","href":"https:\/\/api.w.org\/{rel}","templated":true}]}}