{"id":1456,"date":"2021-08-29T17:52:12","date_gmt":"2021-08-29T16:52:12","guid":{"rendered":"http:\/\/www.fo-saint-etienne.fr\/fomunvse\/?p=1456"},"modified":"2021-10-31T09:57:18","modified_gmt":"2021-10-31T08:57:18","slug":"info-force-ouvriere-de-la-semaine-34-2021","status":"publish","type":"post","link":"https:\/\/www.fo-saint-etienne.fr\/fomunvse\/?p=1456","title":{"rendered":"Info FORCE OUVRI\u00c8RE de la semaine 34 2021"},"content":{"rendered":"<div class=\"gmail_default\">\n<div class=\"gmail_default\">\n<p>Bonjour \u00e0 toutes et \u00e0 tous,<\/p>\n<p>Retrouvez les articles publi\u00e9s\u00a0la\u00a0<strong><span style=\"color: #cc0000; font-size: large;\">semaine 34<\/span><\/strong> sur le site Internet\u00a0<strong><span style=\"font-size: large;\"><a href=\"http:\/\/fo-territoriaux42.fr\/\" target=\"_blank\" rel=\"noopener\" data-saferedirecturl=\"https:\/\/www.google.com\/url?q=http:\/\/fo-territoriaux42.fr\/&amp;source=gmail&amp;ust=1630339974542000&amp;usg=AFQjCNEpGLHH1p_-oX77ZfPESxa8PWJExg\">fo-territoriaux42.fr<\/a><\/span><\/strong>\u00a0<wbr \/>en cliquant sur le lien de l\u2019article :<\/p>\n<p><span style=\"font-size: large;\"><b>&#8211;\u00a0<a href=\"http:\/\/www.fo-territoriaux42.fr\/2021\/08\/23\/le-gouvernement-precise-les-contours-de-lindemnite-de-teletravail-dans-la-fonction-publique\/\" target=\"_blank\" rel=\"noopener\" data-saferedirecturl=\"https:\/\/www.google.com\/url?q=http:\/\/www.fo-territoriaux42.fr\/2021\/08\/23\/le-gouvernement-precise-les-contours-de-lindemnite-de-teletravail-dans-la-fonction-publique\/&amp;source=gmail&amp;ust=1630339974542000&amp;usg=AFQjCNH5Yd3DM1URj6q-RDXLE7wioKN9Mg\">LE GOUVERNEMENT PR\u00c9CISE LES CONTOURS DE L\u2019INDEMNIT\u00c9 DE T\u00c9L\u00c9TRAVAIL DANS LA FONCTION PUBLIQUE<\/a><\/b><\/span><\/p>\n<p>&#8211;\u00a0<a href=\"http:\/\/www.fo-territoriaux42.fr\/2021\/08\/23\/conditions-de-versement-de-la-prime-grand-age\/\" target=\"_blank\" rel=\"noopener\" data-saferedirecturl=\"https:\/\/www.google.com\/url?q=http:\/\/www.fo-territoriaux42.fr\/2021\/08\/23\/conditions-de-versement-de-la-prime-grand-age\/&amp;source=gmail&amp;ust=1630339974542000&amp;usg=AFQjCNGCdzHHGrMoqfKzlBAz-rIE7HZRpQ\">CONDITIONS DE VERSEMENT DE LA PRIME \u00ab GRAND \u00c2GE \u00bb<\/a><\/p>\n<p>&#8211;\u00a0<a href=\"http:\/\/www.fo-territoriaux42.fr\/2021\/08\/23\/obligation-vaccinale-toutes-les-reponses-a-vos-questions\/\" target=\"_blank\" rel=\"noopener\" data-saferedirecturl=\"https:\/\/www.google.com\/url?q=http:\/\/www.fo-territoriaux42.fr\/2021\/08\/23\/obligation-vaccinale-toutes-les-reponses-a-vos-questions\/&amp;source=gmail&amp;ust=1630339974542000&amp;usg=AFQjCNEcAxPiMc79d4XaxPjPJBRv4BMK8g\">OBLIGATION VACCINALE : TOUTES LES R\u00c9PONSES \u00c0 VOS QUESTIONS !<\/a><\/p>\n<p>&#8211;\u00a0<a href=\"http:\/\/www.fo-territoriaux42.fr\/2021\/08\/24\/indemnite-de-teletravail-pas-dobligation-de-versement-dans-la-fonction-publique-territoriale\/\" target=\"_blank\" rel=\"noopener\" data-saferedirecturl=\"https:\/\/www.google.com\/url?q=http:\/\/www.fo-territoriaux42.fr\/2021\/08\/24\/indemnite-de-teletravail-pas-dobligation-de-versement-dans-la-fonction-publique-territoriale\/&amp;source=gmail&amp;ust=1630339974542000&amp;usg=AFQjCNGljIjSXbvsegq30ba7NLsIXkoPIw\">INDEMNIT\u00c9 DE T\u00c9L\u00c9TRAVAIL : PAS D\u2019OBLIGATION DE VERSEMENT DANS LA FONCTION PUBLIQUE TERRITORIALE<\/a><\/p>\n<p>&#8211;\u00a0<a href=\"http:\/\/www.fo-territoriaux42.fr\/2021\/08\/24\/passe-sanitaire-la-liste-des-contre-indications-a-la-vaccination-est-publiee\/\" target=\"_blank\" rel=\"noopener\" data-saferedirecturl=\"https:\/\/www.google.com\/url?q=http:\/\/www.fo-territoriaux42.fr\/2021\/08\/24\/passe-sanitaire-la-liste-des-contre-indications-a-la-vaccination-est-publiee\/&amp;source=gmail&amp;ust=1630339974542000&amp;usg=AFQjCNHEH-i1dRb9lMF4Cz1bo_cI0-YDYA\">PASSE SANITAIRE : LA LISTE DES CONTRE-INDICATIONS \u00c0 LA VACCINATION EST PUBLI\u00c9E<\/a><\/p>\n<p>&#8211;\u00a0<a href=\"http:\/\/www.fo-territoriaux42.fr\/2021\/08\/24\/interview-dyves-veyrier-sur-les-retraites-du-24-aout-2021-dans-lopinion\/\" target=\"_blank\" rel=\"noopener\" data-saferedirecturl=\"https:\/\/www.google.com\/url?q=http:\/\/www.fo-territoriaux42.fr\/2021\/08\/24\/interview-dyves-veyrier-sur-les-retraites-du-24-aout-2021-dans-lopinion\/&amp;source=gmail&amp;ust=1630339974542000&amp;usg=AFQjCNHkYJ3RfFMa5hLPmYOQt3YOxJg8-A\">INTERVIEW D\u2019YVES VEYRIER SUR LES RETRAITES DU 24 AO\u00dbT 2021 DANS \u00ab L\u2019OPINION \u00bb<\/a><\/p>\n<p>&#8211;\u00a0<a href=\"http:\/\/www.fo-territoriaux42.fr\/2021\/08\/25\/pas-de-passe-sanitaire-pour-les-concours-et-examens-de-la-fonction-publique\/\" target=\"_blank\" rel=\"noopener\" data-saferedirecturl=\"https:\/\/www.google.com\/url?q=http:\/\/www.fo-territoriaux42.fr\/2021\/08\/25\/pas-de-passe-sanitaire-pour-les-concours-et-examens-de-la-fonction-publique\/&amp;source=gmail&amp;ust=1630339974542000&amp;usg=AFQjCNGN3B8b6P6c0CyPBHk-O3cJlGP4ng\">PAS DE PASSE SANITAIRE POUR LES CONCOURS ET EXAMENS DE LA FONCTION PUBLIQUE<\/a><\/p>\n<p>&#8211;\u00a0<a href=\"http:\/\/www.fo-territoriaux42.fr\/2021\/08\/26\/passe-sanitaire-liste-des-etablissements-et-services-concernes-dans-la-fonction-publique-territoriale\/\" target=\"_blank\" rel=\"noopener\" data-saferedirecturl=\"https:\/\/www.google.com\/url?q=http:\/\/www.fo-territoriaux42.fr\/2021\/08\/26\/passe-sanitaire-liste-des-etablissements-et-services-concernes-dans-la-fonction-publique-territoriale\/&amp;source=gmail&amp;ust=1630339974542000&amp;usg=AFQjCNHJXZYfhIMQ96aHpF1HCGHHqEPZhw\">PASSE SANITAIRE : LISTE DES \u00c9TABLISSEMENTS ET SERVICES CONCERN\u00c9S DANS LA FONCTION PUBLIQUE TERRITORIALE<\/a><\/p>\n<p>&#8211;\u00a0<a href=\"http:\/\/www.fo-territoriaux42.fr\/2021\/08\/27\/cinq-ans-de-gel-du-point-dindice-une-situation-salariale-inedite-dans-la-fonction-publique\/\" target=\"_blank\" rel=\"noopener\" data-saferedirecturl=\"https:\/\/www.google.com\/url?q=http:\/\/www.fo-territoriaux42.fr\/2021\/08\/27\/cinq-ans-de-gel-du-point-dindice-une-situation-salariale-inedite-dans-la-fonction-publique\/&amp;source=gmail&amp;ust=1630339974542000&amp;usg=AFQjCNEdWWExuLR8QwXTnS_i_gm88B9TMw\">CINQ ANS DE GEL DU POINT D\u2019INDICE : UNE SITUATION SALARIALE IN\u00c9DITE DANS LA FONCTION PUBLIQUE<\/a><\/p>\n<\/div>\n<p><span style=\"font-size: large;\"><b>&#8211;\u00a0<a href=\"http:\/\/www.fo-territoriaux42.fr\/2021\/08\/28\/tickets-restaurant-gaz-tabac-teletravail-ce-qui-change-au-1er-septembre-2021\/\" target=\"_blank\" rel=\"noopener\" data-saferedirecturl=\"https:\/\/www.google.com\/url?q=http:\/\/www.fo-territoriaux42.fr\/2021\/08\/28\/tickets-restaurant-gaz-tabac-teletravail-ce-qui-change-au-1er-septembre-2021\/&amp;source=gmail&amp;ust=1630339974542000&amp;usg=AFQjCNGlFXAGSMxAqHJmCOkmlYt8V14y-A\">TICKETS RESTAURANT, GAZ, TABAC, T\u00c9L\u00c9TRAVAIL \u2026 : CE QUI CHANGE AU 1er SEPTEMBRE 2021<\/a><\/b><\/span><\/p>\n<\/div>\n","protected":false},"excerpt":{"rendered":"<p>Bonjour \u00e0 toutes et \u00e0 tous, Retrouvez les articles publi\u00e9s\u00a0la\u00a0semaine 34 sur le site Internet\u00a0fo-territoriaux42.fr\u00a0en cliquant sur le lien de l\u2019article : &#8211;\u00a0LE GOUVERNEMENT PR\u00c9CISE [&#8230;]<\/p>\n","protected":false},"author":1,"featured_media":0,"comment_status":"closed","ping_status":"closed","sticky":false,"template":"","format":"standard","meta":{"jetpack_post_was_ever_published":false,"_jetpack_newsletter_access":"","_jetpack_dont_email_post_to_subs":false,"_jetpack_newsletter_tier_id":0,"_jetpack_memberships_contains_paywalled_content":false,"_jetpack_memberships_contains_paid_content":false,"footnotes":""},"categories":[17],"tags":[],"class_list":["post-1456","post","type-post","status-publish","format-standard","hentry","category-article"],"jetpack_featured_media_url":"","jetpack_sharing_enabled":true,"jetpack_shortlink":"https:\/\/wp.me\/p9roQz-nu","jetpack_likes_enabled":false,"publishpress_future_action":{"enabled":false,"date":"2026-05-10 16:41:35","action":"change-status","newStatus":"draft","terms":[],"taxonomy":"category","extraData":[]},"publishpress_future_workflow_manual_trigger":{"enabledWorkflows":[]},"_links":{"self":[{"href":"https:\/\/www.fo-saint-etienne.fr\/fomunvse\/index.php?rest_route=\/wp\/v2\/posts\/1456","targetHints":{"allow":["GET"]}}],"collection":[{"href":"https:\/\/www.fo-saint-etienne.fr\/fomunvse\/index.php?rest_route=\/wp\/v2\/posts"}],"about":[{"href":"https:\/\/www.fo-saint-etienne.fr\/fomunvse\/index.php?rest_route=\/wp\/v2\/types\/post"}],"author":[{"embeddable":true,"href":"https:\/\/www.fo-saint-etienne.fr\/fomunvse\/index.php?rest_route=\/wp\/v2\/users\/1"}],"replies":[{"embeddable":true,"href":"https:\/\/www.fo-saint-etienne.fr\/fomunvse\/index.php?rest_route=%2Fwp%2Fv2%2Fcomments&post=1456"}],"version-history":[{"count":2,"href":"https:\/\/www.fo-saint-etienne.fr\/fomunvse\/index.php?rest_route=\/wp\/v2\/posts\/1456\/revisions"}],"predecessor-version":[{"id":1458,"href":"https:\/\/www.fo-saint-etienne.fr\/fomunvse\/index.php?rest_route=\/wp\/v2\/posts\/1456\/revisions\/1458"}],"wp:attachment":[{"href":"https:\/\/www.fo-saint-etienne.fr\/fomunvse\/index.php?rest_route=%2Fwp%2Fv2%2Fmedia&parent=1456"}],"wp:term":[{"taxonomy":"category","embeddable":true,"href":"https:\/\/www.fo-saint-etienne.fr\/fomunvse\/index.php?rest_route=%2Fwp%2Fv2%2Fcategories&post=1456"},{"taxonomy":"post_tag","embeddable":true,"href":"https:\/\/www.fo-saint-etienne.fr\/fomunvse\/index.php?rest_route=%2Fwp%2Fv2%2Ftags&post=1456"}],"curies":[{"name":"wp","href":"https:\/\/api.w.org\/{rel}","templated":true}]}}