{"id":1605,"date":"2022-03-28T09:43:45","date_gmt":"2022-03-28T08:43:45","guid":{"rendered":"http:\/\/www.fo-saint-etienne.fr\/fomunvse\/?p=1605"},"modified":"2022-04-05T12:19:39","modified_gmt":"2022-04-05T11:19:39","slug":"info-force-ouvriere-de-la-semaine-12-2022","status":"publish","type":"post","link":"https:\/\/www.fo-saint-etienne.fr\/fomunvse\/?p=1605","title":{"rendered":"Info FORCE OUVRI\u00c8RE de la semaine 12 2022"},"content":{"rendered":"<div>\n<div dir=\"ltr\">\n<div>\n<div>\n<div dir=\"ltr\">\n<div>\n<div>\n<div>\n<div>\n<p><em>Comme chaque semaine, vous pourrez retrouver les articles publi\u00e9s\u00a0la\u00a0<b>semaine 12\u00a0<\/b>de l&rsquo;ann\u00e9e 2022\u00a0sur le site\u00a0<u><b><span id=\"m_-5047244030127805116OBJ_PREFIX_DWT70_com_zimbra_url\"><span id=\"m_-5047244030127805116OBJ_PREFIX_DWT243_com_zimbra_url\"><a href=\"http:\/\/fo-territoriaux42.fr\/\" target=\"_blank\" rel=\"nofollow noopener noreferrer\" data-saferedirecturl=\"https:\/\/www.google.com\/url?q=http:\/\/fo-territoriaux42.fr\/&amp;source=gmail&amp;ust=1648543300560000&amp;usg=AOvVaw3DXnurjMdTtaMDvE05k7FV\">fo-territoriaux42.fr<\/a><\/span><\/span><\/b><\/u> en cliquant sur le lien de l\u2019article :<\/em><\/p>\n<\/div>\n<\/div>\n<\/div>\n<\/div>\n<\/div>\n<\/div>\n<\/div>\n<\/div>\n<\/div>\n<div>\n<div><b>&#8211;\u00a0<a href=\"http:\/\/www.fo-territoriaux42.fr\/2022\/03\/21\/les-effectifs-de-la-territoriale-ont-legerement-baisse-entre-2019-et-2020\/\" target=\"_blank\" rel=\"nofollow noopener noreferrer\" data-saferedirecturl=\"https:\/\/www.google.com\/url?q=http:\/\/www.fo-territoriaux42.fr\/2022\/03\/21\/les-effectifs-de-la-territoriale-ont-legerement-baisse-entre-2019-et-2020\/&amp;source=gmail&amp;ust=1648543300560000&amp;usg=AOvVaw3yYYlWO1ogZtjvfmRJaNgd\">LES EFFECTIFS DE LA TERRITORIALE ONT L\u00c9G\u00c8REMENT BAISS\u00c9 ENTRE 2019 ET 2020<\/a><\/p>\n<p>&#8211;\u00a0<a href=\"http:\/\/www.fo-territoriaux42.fr\/2022\/03\/21\/21-mars-2022-contre-le-racisme-la-xenophobie-et-les-discriminations-fo-defend-la-solidarite-entre-le-stravailleurs\/\" target=\"_blank\" rel=\"nofollow noopener noreferrer\" data-saferedirecturl=\"https:\/\/www.google.com\/url?q=http:\/\/www.fo-territoriaux42.fr\/2022\/03\/21\/21-mars-2022-contre-le-racisme-la-xenophobie-et-les-discriminations-fo-defend-la-solidarite-entre-le-stravailleurs\/&amp;source=gmail&amp;ust=1648543300560000&amp;usg=AOvVaw3Kp80KWBUA1vzz2peXr4xl\">21 MARS 2022 : CONTRE LE RACISME, LA X\u00c9NOPHOBIE ET LES DISCRIMINATIONS, FO D\u00c9FEND LA SOLIDARIT\u00c9 ENTRE LES TRAVAILLEURS<\/a><\/p>\n<p>&#8211;\u00a0<a href=\"http:\/\/www.fo-territoriaux42.fr\/2022\/03\/22\/degel-du-point-dindice-les-employeurs-publics-locaux-redoutent-la-facture\/\" target=\"_blank\" rel=\"nofollow noopener noreferrer\" data-saferedirecturl=\"https:\/\/www.google.com\/url?q=http:\/\/www.fo-territoriaux42.fr\/2022\/03\/22\/degel-du-point-dindice-les-employeurs-publics-locaux-redoutent-la-facture\/&amp;source=gmail&amp;ust=1648543300560000&amp;usg=AOvVaw17AZIyjKoVCsOIOhJ-_Opo\">D\u00c9GEL DU POINT D\u2019INDICE : LES EMPLOYEURS PUBLICS LOCAUX REDOUTENT LA FACTURE<\/a><\/p>\n<p>&#8211;\u00a0<a href=\"http:\/\/www.fo-territoriaux42.fr\/2022\/03\/23\/edito-dyves-veyrier-du-23-mars-2022-des-perspectives-syndicales\/\" target=\"_blank\" rel=\"nofollow noopener noreferrer\" data-saferedirecturl=\"https:\/\/www.google.com\/url?q=http:\/\/www.fo-territoriaux42.fr\/2022\/03\/23\/edito-dyves-veyrier-du-23-mars-2022-des-perspectives-syndicales\/&amp;source=gmail&amp;ust=1648543300560000&amp;usg=AOvVaw1tAj3T_6e-Lj_LiyWpJwBw\">\u00c9DITO D\u2019YVES VEYRIER DU 23 MARS 2022 : \u00ab DES PERSPECTIVES SYNDICALES \u00bb<\/a><\/p>\n<p>&#8211;\u00a0<a href=\"http:\/\/www.fo-territoriaux42.fr\/2022\/03\/24\/ukraine-la-solidarite-syndicale-internationale\/\" target=\"_blank\" rel=\"nofollow noopener noreferrer\" data-saferedirecturl=\"https:\/\/www.google.com\/url?q=http:\/\/www.fo-territoriaux42.fr\/2022\/03\/24\/ukraine-la-solidarite-syndicale-internationale\/&amp;source=gmail&amp;ust=1648543300560000&amp;usg=AOvVaw3XuVDMFBdXEqjoTQAi5pMK\">UKRAINE : LA SOLIDARIT\u00c9 SYNDICALE INTERNATIONALE<\/a><\/p>\n<p>&#8211;\u00a0<a href=\"http:\/\/www.fo-territoriaux42.fr\/2022\/03\/24\/fonction-public-et-maintenant-le-degel-du-point-dindice-tel-un-mirage\/\" target=\"_blank\" rel=\"nofollow noopener noreferrer\" data-saferedirecturl=\"https:\/\/www.google.com\/url?q=http:\/\/www.fo-territoriaux42.fr\/2022\/03\/24\/fonction-public-et-maintenant-le-degel-du-point-dindice-tel-un-mirage\/&amp;source=gmail&amp;ust=1648543300560000&amp;usg=AOvVaw3t0C4bC87bmas76gYpUwSl\">FONCTION PUBLIC : ET MAINTENANT LE D\u00c9GEL DU POINT D\u2019INDICE TEL UN MIRAGE ?<\/a><\/p>\n<p>&#8211;\u00a0<a href=\"http:\/\/www.fo-territoriaux42.fr\/2022\/03\/24\/compte-rendu-fo-du-csfpt-du-16-mars-2022-et-intervention-sur-lattractivite-de-la-fpt\/\" target=\"_blank\" rel=\"nofollow noopener noreferrer\" data-saferedirecturl=\"https:\/\/www.google.com\/url?q=http:\/\/www.fo-territoriaux42.fr\/2022\/03\/24\/compte-rendu-fo-du-csfpt-du-16-mars-2022-et-intervention-sur-lattractivite-de-la-fpt\/&amp;source=gmail&amp;ust=1648543300560000&amp;usg=AOvVaw17ggx5YUXauB1xyjmeZkn3\">COMPTE RENDU FO DU CSFPT DU 16 MARS 2022 ET INTERVENTION SUR L\u2019ATTRACTIVIT\u00c9 DE LA FPT<\/a><\/p>\n<p>&#8211;\u00a0<a href=\"http:\/\/www.fo-territoriaux42.fr\/2022\/03\/25\/la-reforme-des-instances-de-dialogue-social-na-pas-encore-fait-ses-preuves\/\" target=\"_blank\" rel=\"nofollow noopener noreferrer\" data-saferedirecturl=\"https:\/\/www.google.com\/url?q=http:\/\/www.fo-territoriaux42.fr\/2022\/03\/25\/la-reforme-des-instances-de-dialogue-social-na-pas-encore-fait-ses-preuves\/&amp;source=gmail&amp;ust=1648543300560000&amp;usg=AOvVaw37MPUZ_g8TD_fYQIXYbnDz\">LA R\u00c9FORME DES INSTANCES DE DIALOGUE SOCIAL N\u2019A PAS ENCORE FAIT SES PREUVES<\/a><\/p>\n<p>&#8211;\u00a0<a href=\"http:\/\/www.fo-territoriaux42.fr\/2022\/03\/25\/emploi-et-handicap-la-fpt-toujours-la-plus-vertueuse\/\" target=\"_blank\" rel=\"nofollow noopener noreferrer\" data-saferedirecturl=\"https:\/\/www.google.com\/url?q=http:\/\/www.fo-territoriaux42.fr\/2022\/03\/25\/emploi-et-handicap-la-fpt-toujours-la-plus-vertueuse\/&amp;source=gmail&amp;ust=1648543300560000&amp;usg=AOvVaw2iFwTBbriZPaMrO9fSkM-2\">EMPLOI ET HANDICAP : LA FPT TOUJOURS LA PLUS VERTUEUSE<\/a><\/p>\n<p>&#8211;\u00a0<a href=\"http:\/\/www.fo-territoriaux42.fr\/2022\/03\/25\/adaptation-temporaire-des-delais-de-realisation-des-visites-et-examens-medicaux-au-travail-a-lurgence-sanitaire\/\" target=\"_blank\" rel=\"nofollow noopener noreferrer\" data-saferedirecturl=\"https:\/\/www.google.com\/url?q=http:\/\/www.fo-territoriaux42.fr\/2022\/03\/25\/adaptation-temporaire-des-delais-de-realisation-des-visites-et-examens-medicaux-au-travail-a-lurgence-sanitaire\/&amp;source=gmail&amp;ust=1648543300560000&amp;usg=AOvVaw00pCZa7WhGaVqnsDfu-3ni\">ADAPTATION TEMPORAIRE DES D\u00c9LAIS DE R\u00c9ALISATION DES VISITES ET EXAMENS M\u00c9DICAUX AU TRAVAIL \u00c0 L\u2019URGENCE SANITAIRE<\/a><\/b><\/div>\n<\/div>\n","protected":false},"excerpt":{"rendered":"<p>Comme chaque semaine, vous pourrez retrouver les articles publi\u00e9s\u00a0la\u00a0semaine 12\u00a0de l&rsquo;ann\u00e9e 2022\u00a0sur le site\u00a0fo-territoriaux42.fr en cliquant sur le lien de l\u2019article : &#8211;\u00a0LES EFFECTIFS DE [&#8230;]<\/p>\n","protected":false},"author":1,"featured_media":0,"comment_status":"closed","ping_status":"closed","sticky":false,"template":"","format":"standard","meta":{"jetpack_post_was_ever_published":false,"_jetpack_newsletter_access":"","_jetpack_dont_email_post_to_subs":false,"_jetpack_newsletter_tier_id":0,"_jetpack_memberships_contains_paywalled_content":false,"_jetpack_memberships_contains_paid_content":false,"footnotes":""},"categories":[17],"tags":[],"class_list":["post-1605","post","type-post","status-publish","format-standard","hentry","category-article"],"jetpack_featured_media_url":"","jetpack_sharing_enabled":true,"jetpack_shortlink":"https:\/\/wp.me\/p9roQz-pT","jetpack_likes_enabled":false,"publishpress_future_action":{"enabled":false,"date":"2026-05-09 04:07:24","action":"change-status","newStatus":"draft","terms":[],"taxonomy":"category","extraData":[]},"publishpress_future_workflow_manual_trigger":{"enabledWorkflows":[]},"_links":{"self":[{"href":"https:\/\/www.fo-saint-etienne.fr\/fomunvse\/index.php?rest_route=\/wp\/v2\/posts\/1605","targetHints":{"allow":["GET"]}}],"collection":[{"href":"https:\/\/www.fo-saint-etienne.fr\/fomunvse\/index.php?rest_route=\/wp\/v2\/posts"}],"about":[{"href":"https:\/\/www.fo-saint-etienne.fr\/fomunvse\/index.php?rest_route=\/wp\/v2\/types\/post"}],"author":[{"embeddable":true,"href":"https:\/\/www.fo-saint-etienne.fr\/fomunvse\/index.php?rest_route=\/wp\/v2\/users\/1"}],"replies":[{"embeddable":true,"href":"https:\/\/www.fo-saint-etienne.fr\/fomunvse\/index.php?rest_route=%2Fwp%2Fv2%2Fcomments&post=1605"}],"version-history":[{"count":1,"href":"https:\/\/www.fo-saint-etienne.fr\/fomunvse\/index.php?rest_route=\/wp\/v2\/posts\/1605\/revisions"}],"predecessor-version":[{"id":1606,"href":"https:\/\/www.fo-saint-etienne.fr\/fomunvse\/index.php?rest_route=\/wp\/v2\/posts\/1605\/revisions\/1606"}],"wp:attachment":[{"href":"https:\/\/www.fo-saint-etienne.fr\/fomunvse\/index.php?rest_route=%2Fwp%2Fv2%2Fmedia&parent=1605"}],"wp:term":[{"taxonomy":"category","embeddable":true,"href":"https:\/\/www.fo-saint-etienne.fr\/fomunvse\/index.php?rest_route=%2Fwp%2Fv2%2Fcategories&post=1605"},{"taxonomy":"post_tag","embeddable":true,"href":"https:\/\/www.fo-saint-etienne.fr\/fomunvse\/index.php?rest_route=%2Fwp%2Fv2%2Ftags&post=1605"}],"curies":[{"name":"wp","href":"https:\/\/api.w.org\/{rel}","templated":true}]}}