{"id":1610,"date":"2022-04-12T10:12:03","date_gmt":"2022-04-12T09:12:03","guid":{"rendered":"http:\/\/www.fo-saint-etienne.fr\/fomunvse\/?p=1610"},"modified":"2022-04-22T09:31:41","modified_gmt":"2022-04-22T08:31:41","slug":"info-force-ouvriere-de-la-semaine-14-2022","status":"publish","type":"post","link":"https:\/\/www.fo-saint-etienne.fr\/fomunvse\/?p=1610","title":{"rendered":"Info FORCE OUVRI\u00c8RE de la semaine 14 2022"},"content":{"rendered":"<p><span style=\"font-size: large;\">Comme chaque semaine, vous pourrez retrouver les articles publi\u00e9s\u00a0la\u00a0<b>semaine 14\u00a0<\/b>de l&rsquo;ann\u00e9e 2022 sur le site Internet\u00a0<u><b><a href=\"http:\/\/fo-territoriaux42.fr\/\" target=\"_blank\" rel=\"noopener\" data-saferedirecturl=\"https:\/\/www.google.com\/url?q=http:\/\/fo-territoriaux42.fr&amp;source=gmail&amp;ust=1649840841994000&amp;usg=AOvVaw2hnWucQBnS9xEUN-K8wOgi\">fo-territoriaux42.fr<\/a><\/b><\/u>\u00a0<\/span><span style=\"font-size: large;\"><wbr \/>en cliquant sur le lien de l\u2019article :<\/span><\/p>\n<div>\n<div>\n<p><b>&#8211;\u00a0<a href=\"http:\/\/www.fo-territoriaux42.fr\/2022\/04\/04\/unis-dans-notre-exigence-de-justice-sociale\/\" target=\"_blank\" rel=\"noopener\" data-saferedirecturl=\"https:\/\/www.google.com\/url?q=http:\/\/www.fo-territoriaux42.fr\/2022\/04\/04\/unis-dans-notre-exigence-de-justice-sociale\/&amp;source=gmail&amp;ust=1649840841994000&amp;usg=AOvVaw3la0-8B_3McxrwuNBBV4GL\">UNIS DANS NOTRE EXIGENCE DE JUSTICE SOCIALE<\/a><\/b><\/p>\n<p>&#8211;\u00a0<a href=\"http:\/\/www.fo-territoriaux42.fr\/2022\/04\/04\/nouveau-relevement-du-minimum-de-traitement-en-vue-dans-la-fonction-publique\/\" target=\"_blank\" rel=\"noopener\" data-saferedirecturl=\"https:\/\/www.google.com\/url?q=http:\/\/www.fo-territoriaux42.fr\/2022\/04\/04\/nouveau-relevement-du-minimum-de-traitement-en-vue-dans-la-fonction-publique\/&amp;source=gmail&amp;ust=1649840841994000&amp;usg=AOvVaw1MVGu24GfTxdErjUHSVou2\">NOUVEAU REL\u00c8VEMENT DU MINIMUM DE TRAITEMENT EN VUE DANS LA FONCTION PUBLIQUE<\/a><\/p>\n<\/div>\n<div>\n<p><b><b>&#8211;\u00a0<a href=\"http:\/\/www.fo-territoriaux42.fr\/2022\/04\/04\/lemploi-a-continue-daugmenter-dans-la-fonction-publique-en-202-porte-par-la-fph\/\" target=\"_blank\" rel=\"noopener\" data-saferedirecturl=\"https:\/\/www.google.com\/url?q=http:\/\/www.fo-territoriaux42.fr\/2022\/04\/04\/lemploi-a-continue-daugmenter-dans-la-fonction-publique-en-202-porte-par-la-fph\/&amp;source=gmail&amp;ust=1649840841994000&amp;usg=AOvVaw0cYW8pN0eyn6S-eecPf_r3\">L\u2019EMPLOI A CONTINU\u00c9 D\u2019AUGMENTER DANS LA FONCTION PUBLIQUE EN 2020, PORT\u00c9 PAR LA FPH<\/a><\/b><\/b>&#8211;\u00a0<a href=\"http:\/\/www.fo-territoriaux42.fr\/2022\/04\/04\/force-ouvriere-ne-signera-pas-laccord-de-methode-prevoyance\/\" target=\"_blank\" rel=\"noopener\" data-saferedirecturl=\"https:\/\/www.google.com\/url?q=http:\/\/www.fo-territoriaux42.fr\/2022\/04\/04\/force-ouvriere-ne-signera-pas-laccord-de-methode-prevoyance\/&amp;source=gmail&amp;ust=1649840841994000&amp;usg=AOvVaw2I7bsJaGBI34wTvxf6gTMp\">FORCE OUVRI\u00c8RE NE SIGNERA PAS L\u2019ACCORD DE M\u00c9THODE \u00ab PR\u00c9VOYANCE \u00bb<\/a><\/p>\n<p>&#8211;\u00a0<a href=\"http:\/\/www.fo-territoriaux42.fr\/2022\/04\/05\/extension-des-183-e-a-la-filiere-medico-sociale-de-la-fpt-sous-conditions-inacceptable-pour-fo\/\" target=\"_blank\" rel=\"noopener\" data-saferedirecturl=\"https:\/\/www.google.com\/url?q=http:\/\/www.fo-territoriaux42.fr\/2022\/04\/05\/extension-des-183-e-a-la-filiere-medico-sociale-de-la-fpt-sous-conditions-inacceptable-pour-fo\/&amp;source=gmail&amp;ust=1649840841994000&amp;usg=AOvVaw3Tv0H87_JmAv6if0AxJZN0\">EXTENSION DES 183 \u20ac A LA FILI\u00c8RE M\u00c9DICO-SOCIALE DE LA FPT \u00ab SOUS CONDITIONS \u00bb : INACCEPTABLE POUR FO<\/a><\/p>\n<p>&#8211;\u00a0<a href=\"http:\/\/www.fo-territoriaux42.fr\/2022\/04\/05\/circulaire-federale-fo-sps-sur-la-mediation-obligatoire\/\" target=\"_blank\" rel=\"noopener\" data-saferedirecturl=\"https:\/\/www.google.com\/url?q=http:\/\/www.fo-territoriaux42.fr\/2022\/04\/05\/circulaire-federale-fo-sps-sur-la-mediation-obligatoire\/&amp;source=gmail&amp;ust=1649840841994000&amp;usg=AOvVaw3UBxFqYgA1Xfm0l1WT_IXI\">CIRCULAIRE F\u00c9D\u00c9RALE FO SPS SUR LA M\u00c9DIATION OBLIGATOIRE<\/a><\/p>\n<p>&#8211;\u00a0<a href=\"http:\/\/www.fo-territoriaux42.fr\/2022\/04\/06\/edito-dyves-veyrier-du-6-avril-2022-unanimes-pour-une-congres-rassemble-et-ambitieux\/\" target=\"_blank\" rel=\"noopener\" data-saferedirecturl=\"https:\/\/www.google.com\/url?q=http:\/\/www.fo-territoriaux42.fr\/2022\/04\/06\/edito-dyves-veyrier-du-6-avril-2022-unanimes-pour-une-congres-rassemble-et-ambitieux\/&amp;source=gmail&amp;ust=1649840841994000&amp;usg=AOvVaw1IgMkvvodr7_QcKR38EAhi\">\u00c9DITO D\u2019YVES VEYRIER DU 6 AVRIL 2022 : \u00ab UNANIMES, POUR UN CONGR\u00c8S RASSEMBL\u00c9 ET AMBITIEUX \u00bb<\/a><\/p>\n<p>&#8211;\u00a0<a href=\"http:\/\/www.fo-territoriaux42.fr\/2022\/04\/07\/commissions-administratives-paritaires-cap-les-nouveautes-de-fonctionnement-peinent-a-convaincre\/\" target=\"_blank\" rel=\"noopener\" data-saferedirecturl=\"https:\/\/www.google.com\/url?q=http:\/\/www.fo-territoriaux42.fr\/2022\/04\/07\/commissions-administratives-paritaires-cap-les-nouveautes-de-fonctionnement-peinent-a-convaincre\/&amp;source=gmail&amp;ust=1649840841994000&amp;usg=AOvVaw2yL4rNwYjxZkwnWkBBzdMZ\">COMMISSIONS ADMINISTRATIVES PARITAIRES (CAP) : LES NOUVEAUT\u00c9S DE FONCTIONNEMENT PEINENT \u00c0 CONVAINCRE<\/a><\/p>\n<p>&#8211;\u00a0<a href=\"http:\/\/www.fo-territoriaux42.fr\/2022\/04\/07\/extension-des-183-e-a-la-filiere-medico-sociale-le-gouvernement-campe-sur-ses-positions-fo-prendra-ses-responsabilites\/\" target=\"_blank\" rel=\"noopener\" data-saferedirecturl=\"https:\/\/www.google.com\/url?q=http:\/\/www.fo-territoriaux42.fr\/2022\/04\/07\/extension-des-183-e-a-la-filiere-medico-sociale-le-gouvernement-campe-sur-ses-positions-fo-prendra-ses-responsabilites\/&amp;source=gmail&amp;ust=1649840841994000&amp;usg=AOvVaw3G7eIxL89Vyfo0m7yMi6ET\">EXTENSION DES 183 \u20ac \u00c0 LA FILI\u00c8RE M\u00c9DICO-SOCIALE : LE GOUVERNEMENT CAMPE SUR SES POSITIONS \u2013 FO PRENDRA SES RESPONSABILIT\u00c9S<\/a><\/p>\n<p>&#8211;\u00a0<a href=\"http:\/\/www.fo-territoriaux42.fr\/2022\/04\/07\/fonction-publique-recul-des-agents-en-situation-de-handicap\/\" target=\"_blank\" rel=\"noopener\" data-saferedirecturl=\"https:\/\/www.google.com\/url?q=http:\/\/www.fo-territoriaux42.fr\/2022\/04\/07\/fonction-publique-recul-des-agents-en-situation-de-handicap\/&amp;source=gmail&amp;ust=1649840841994000&amp;usg=AOvVaw2DI9VrLhm5oPF36CybwXzh\">FONCTION PUBLIQUE : RECUL DES AGENTS EN SITUATION DE HANDICAP<\/a><\/p>\n<p>&#8211;\u00a0<a href=\"http:\/\/www.fo-territoriaux42.fr\/2022\/04\/08\/salaires-des-agents-publics-des-promesses-daugmentation-a-tout-va-chez-les-candidats\/\" target=\"_blank\" rel=\"noopener\" data-saferedirecturl=\"https:\/\/www.google.com\/url?q=http:\/\/www.fo-territoriaux42.fr\/2022\/04\/08\/salaires-des-agents-publics-des-promesses-daugmentation-a-tout-va-chez-les-candidats\/&amp;source=gmail&amp;ust=1649840841994000&amp;usg=AOvVaw2dm-pVDxhkRD2bxwwTE_xd\">SALAIRES DES AGENTS PUBLICS : DES PROMESSES D\u2019AUGMENTATION \u00c0 TOUT-VA CHEZ LES CANDIDATS<\/a><\/p>\n<p>&#8211;\u00a0<a href=\"http:\/\/www.fo-territoriaux42.fr\/2022\/04\/08\/csfpt-du-6-avril-2022-compte-rendu-fo-declaration-fo-voeu-fo\/\" target=\"_blank\" rel=\"noopener\" data-saferedirecturl=\"https:\/\/www.google.com\/url?q=http:\/\/www.fo-territoriaux42.fr\/2022\/04\/08\/csfpt-du-6-avril-2022-compte-rendu-fo-declaration-fo-voeu-fo\/&amp;source=gmail&amp;ust=1649840841995000&amp;usg=AOvVaw3hU3l5fNjibJCQQqS9i0d0\">CSFPT DU 6 AVRIL 2022 : COMPTE RENDU FO \u2013 D\u00c9CLARATION FO \u2013 V\u0152U FO<\/a><span style=\"font-size: xx-large;\">\u00a0<\/span><\/p>\n<h5><span style=\"font-size: xx-large;\"><a href=\"http:\/\/www.fo-territoriaux42.fr\/2022\/04\/08\/numero-special-impots-2022-force-ouvriere\/\" target=\"_blank\" rel=\"noopener\" data-saferedirecturl=\"https:\/\/www.google.com\/url?q=http:\/\/www.fo-territoriaux42.fr\/2022\/04\/08\/numero-special-impots-2022-force-ouvriere\/&amp;source=gmail&amp;ust=1649840841995000&amp;usg=AOvVaw3TUVRhx-8-3IeCCvctzCmF\">&#8211; NUM\u00c9RO SP\u00c9CIAL IMP\u00d4TS 2022 FORCE OUVRI\u00c8RE<\/a><\/span><\/h5>\n<\/div>\n<\/div>\n","protected":false},"excerpt":{"rendered":"<p>Comme chaque semaine, vous pourrez retrouver les articles publi\u00e9s\u00a0la\u00a0semaine 14\u00a0de l&rsquo;ann\u00e9e 2022 sur le site Internet\u00a0fo-territoriaux42.fr\u00a0en cliquant sur le lien de l\u2019article : &#8211;\u00a0UNIS DANS [&#8230;]<\/p>\n","protected":false},"author":1,"featured_media":0,"comment_status":"closed","ping_status":"closed","sticky":false,"template":"","format":"standard","meta":{"jetpack_post_was_ever_published":false,"_jetpack_newsletter_access":"","_jetpack_dont_email_post_to_subs":false,"_jetpack_newsletter_tier_id":0,"_jetpack_memberships_contains_paywalled_content":false,"_jetpack_memberships_contains_paid_content":false,"footnotes":""},"categories":[17],"tags":[],"class_list":["post-1610","post","type-post","status-publish","format-standard","hentry","category-article"],"jetpack_featured_media_url":"","jetpack_sharing_enabled":true,"jetpack_shortlink":"https:\/\/wp.me\/p9roQz-pY","jetpack_likes_enabled":false,"publishpress_future_action":{"enabled":false,"date":"2026-05-09 04:08:35","action":"change-status","newStatus":"draft","terms":[],"taxonomy":"category","extraData":[]},"publishpress_future_workflow_manual_trigger":{"enabledWorkflows":[]},"_links":{"self":[{"href":"https:\/\/www.fo-saint-etienne.fr\/fomunvse\/index.php?rest_route=\/wp\/v2\/posts\/1610","targetHints":{"allow":["GET"]}}],"collection":[{"href":"https:\/\/www.fo-saint-etienne.fr\/fomunvse\/index.php?rest_route=\/wp\/v2\/posts"}],"about":[{"href":"https:\/\/www.fo-saint-etienne.fr\/fomunvse\/index.php?rest_route=\/wp\/v2\/types\/post"}],"author":[{"embeddable":true,"href":"https:\/\/www.fo-saint-etienne.fr\/fomunvse\/index.php?rest_route=\/wp\/v2\/users\/1"}],"replies":[{"embeddable":true,"href":"https:\/\/www.fo-saint-etienne.fr\/fomunvse\/index.php?rest_route=%2Fwp%2Fv2%2Fcomments&post=1610"}],"version-history":[{"count":4,"href":"https:\/\/www.fo-saint-etienne.fr\/fomunvse\/index.php?rest_route=\/wp\/v2\/posts\/1610\/revisions"}],"predecessor-version":[{"id":1614,"href":"https:\/\/www.fo-saint-etienne.fr\/fomunvse\/index.php?rest_route=\/wp\/v2\/posts\/1610\/revisions\/1614"}],"wp:attachment":[{"href":"https:\/\/www.fo-saint-etienne.fr\/fomunvse\/index.php?rest_route=%2Fwp%2Fv2%2Fmedia&parent=1610"}],"wp:term":[{"taxonomy":"category","embeddable":true,"href":"https:\/\/www.fo-saint-etienne.fr\/fomunvse\/index.php?rest_route=%2Fwp%2Fv2%2Fcategories&post=1610"},{"taxonomy":"post_tag","embeddable":true,"href":"https:\/\/www.fo-saint-etienne.fr\/fomunvse\/index.php?rest_route=%2Fwp%2Fv2%2Ftags&post=1610"}],"curies":[{"name":"wp","href":"https:\/\/api.w.org\/{rel}","templated":true}]}}