{"id":1630,"date":"2022-05-04T09:16:18","date_gmt":"2022-05-04T08:16:18","guid":{"rendered":"http:\/\/www.fo-saint-etienne.fr\/fomunvse\/?p=1630"},"modified":"2022-05-09T08:15:07","modified_gmt":"2022-05-09T07:15:07","slug":"info-force-ouvriere-de-la-semaine-17-2022","status":"publish","type":"post","link":"https:\/\/www.fo-saint-etienne.fr\/fomunvse\/?p=1630","title":{"rendered":"Info FORCE OUVRI\u00c8RE de la semaine 17 2022"},"content":{"rendered":"<div>\n<div dir=\"ltr\">\n<div>\n<div>\n<div dir=\"ltr\">\n<div>\n<div>\n<div>\n<div>\n<p><em>Comme chaque semaine, vous pourrez retrouver les articles publi\u00e9s\u00a0la\u00a0<b>semaine 17\u00a0<\/b>de l&rsquo;ann\u00e9e 2022\u00a0sur le site\u00a0<u><b><span id=\"m_-2148682242852142444OBJ_PREFIX_DWT70_com_zimbra_url\"><span id=\"m_-2148682242852142444OBJ_PREFIX_DWT404_com_zimbra_url\"><span id=\"m_-2148682242852142444OBJ_PREFIX_DWT185_com_zimbra_url\"><span id=\"m_-2148682242852142444OBJ_PREFIX_DWT448_com_zimbra_url\"><span id=\"m_-2148682242852142444OBJ_PREFIX_DWT191_com_zimbra_url\"><a href=\"http:\/\/fo-territoriaux42.fr\/\" target=\"_blank\" rel=\"nofollow noopener noreferrer\" data-saferedirecturl=\"https:\/\/www.google.com\/url?q=http:\/\/fo-territoriaux42.fr\/&amp;source=gmail&amp;ust=1651737324509000&amp;usg=AOvVaw1AvqFx4AXM3ZhyuQehDf-E\">fo-territoriaux42.fr<\/a><\/span><\/span><\/span><\/span><\/span><\/b><\/u> en cliquant sur le lien de l\u2019article :<\/em><\/p>\n<\/div>\n<\/div>\n<\/div>\n<\/div>\n<\/div>\n<\/div>\n<\/div>\n<\/div>\n<\/div>\n<div>\n<div>\n<p><b>&#8211;\u00a0<a href=\"http:\/\/www.fo-territoriaux42.fr\/2022\/04\/25\/obligation-de-publicite-des-emplois-vacants-modification-du-decret-du-28-decembre-2018\/\" target=\"_blank\" rel=\"nofollow noopener noreferrer\" data-saferedirecturl=\"https:\/\/www.google.com\/url?q=http:\/\/www.fo-territoriaux42.fr\/2022\/04\/25\/obligation-de-publicite-des-emplois-vacants-modification-du-decret-du-28-decembre-2018\/&amp;source=gmail&amp;ust=1651737324509000&amp;usg=AOvVaw3-Z4cIXQR-eU3tFzk8sjvL\">OBLIGATION DE PUBLICIT\u00c9 DES EMPLOIS VACANTS : MODIFICATION DU D\u00c9CRET DU 28 D\u00c9CEMBRE 2018<\/a><\/b><\/p>\n<p><strong>&#8211;\u00a0<a href=\"http:\/\/www.fo-territoriaux42.fr\/2022\/04\/25\/fonction-publique-un-programme-macronien-axe-sur-la-remuneration\/\" target=\"_blank\" rel=\"nofollow noopener noreferrer\" data-saferedirecturl=\"https:\/\/www.google.com\/url?q=http:\/\/www.fo-territoriaux42.fr\/2022\/04\/25\/fonction-publique-un-programme-macronien-axe-sur-la-remuneration\/&amp;source=gmail&amp;ust=1651737324509000&amp;usg=AOvVaw2KPgDo7QWe-99HXO_d_HaX\">FONCTION PUBLIQUE : UN PROGRAMME \u00ab MACRONIEN \u00bb AX\u00c9 SUR LA R\u00c9MUN\u00c9RATION<\/a><\/strong><\/p>\n<p><strong>&#8211;\u00a0<a href=\"http:\/\/www.fo-territoriaux42.fr\/2022\/04\/25\/covid-19-et-autorisations-speciales-dabsence-ou-en-est-on\/\" target=\"_blank\" rel=\"nofollow noopener noreferrer\" data-saferedirecturl=\"https:\/\/www.google.com\/url?q=http:\/\/www.fo-territoriaux42.fr\/2022\/04\/25\/covid-19-et-autorisations-speciales-dabsence-ou-en-est-on\/&amp;source=gmail&amp;ust=1651737324509000&amp;usg=AOvVaw2166aeYcEJVnLE8W-N_fen\">COVID-19 ET AUTORISATIONS SP\u00c9CIALES D\u2019ABSENCE : O\u00d9 EN EST-ON ?<\/a><\/strong><\/p>\n<p><strong>&#8211;\u00a0<a href=\"http:\/\/www.fo-territoriaux42.fr\/2022\/04\/26\/1er-mai-2022-plus-que-jamais-mobilisees-pour-nos-revendications\/\" target=\"_blank\" rel=\"nofollow noopener noreferrer\" data-saferedirecturl=\"https:\/\/www.google.com\/url?q=http:\/\/www.fo-territoriaux42.fr\/2022\/04\/26\/1er-mai-2022-plus-que-jamais-mobilisees-pour-nos-revendications\/&amp;source=gmail&amp;ust=1651737324509000&amp;usg=AOvVaw1OGZqVW38ikJuSZbQZHmxf\">1er MAI 2022 : PLUS QUE JAMAIS MOBILIS\u00c9(E)S POUR NOS REVENDICATIONS !<\/a><\/strong><\/p>\n<p><strong>&#8211;\u00a0<a href=\"http:\/\/www.fo-territoriaux42.fr\/2022\/04\/26\/un-decret-modifie-la-procedure-de-reclassement-des-fonctionnaires-territoriaux\/\" target=\"_blank\" rel=\"nofollow noopener noreferrer\" data-saferedirecturl=\"https:\/\/www.google.com\/url?q=http:\/\/www.fo-territoriaux42.fr\/2022\/04\/26\/un-decret-modifie-la-procedure-de-reclassement-des-fonctionnaires-territoriaux\/&amp;source=gmail&amp;ust=1651737324509000&amp;usg=AOvVaw0RpGwHZ4Gck_z0uXls_Too\">UN D\u00c9CRET MODIFIE LA PROC\u00c9DURE DE RECLASSEMENT DES FONCTIONNAIRES TERRITORIAUX<\/a><\/strong><\/p>\n<p><strong>&#8211;\u00a0<a href=\"http:\/\/www.fo-territoriaux42.fr\/2022\/04\/28\/1er-mai-2022-yves-veyrier-secretaire-generale-de-force-ouvriere\/\" target=\"_blank\" rel=\"nofollow noopener noreferrer\" data-saferedirecturl=\"https:\/\/www.google.com\/url?q=http:\/\/www.fo-territoriaux42.fr\/2022\/04\/28\/1er-mai-2022-yves-veyrier-secretaire-generale-de-force-ouvriere\/&amp;source=gmail&amp;ust=1651737324509000&amp;usg=AOvVaw2w4zLg4LT8SMUaLN8_Acd4\">1er Mai 2022 : YVES VEYRIER SECR\u00c9TAIRE G\u00c9N\u00c9RAL DE FORCE OUVRI\u00c8RE<\/a><\/strong><\/p>\n<p><strong>&#8211;\u00a0<a href=\"http:\/\/www.fo-territoriaux42.fr\/2022\/04\/28\/solidarite-avec-lukraine-fo-partie-prenante-du-convoi-intersyndical-francais\/\" target=\"_blank\" rel=\"nofollow noopener noreferrer\" data-saferedirecturl=\"https:\/\/www.google.com\/url?q=http:\/\/www.fo-territoriaux42.fr\/2022\/04\/28\/solidarite-avec-lukraine-fo-partie-prenante-du-convoi-intersyndical-francais\/&amp;source=gmail&amp;ust=1651737324509000&amp;usg=AOvVaw01zf0mUeRU1EfOwlC3rmvC\">SOLIDARIT\u00c9 AVEC L\u2019UKRAINE : FO, PARTIE PRENANTE DU CONVOI INTERSYNDICAL FRAN\u00c7AIS<\/a><\/strong><\/p>\n<p><strong>&#8211;\u00a0<a href=\"http:\/\/www.fo-territoriaux42.fr\/2022\/04\/28\/la-smicardisation-atteint-desormais-plus-de-700-000-agents-publics\/\" target=\"_blank\" rel=\"nofollow noopener noreferrer\" data-saferedirecturl=\"https:\/\/www.google.com\/url?q=http:\/\/www.fo-territoriaux42.fr\/2022\/04\/28\/la-smicardisation-atteint-desormais-plus-de-700-000-agents-publics\/&amp;source=gmail&amp;ust=1651737324509000&amp;usg=AOvVaw2LidH7pb00rRStjghZUo-f\">LA SMICARDISATION ATTEINT D\u00c9SORMAIS PLUS DE 700 000 AGENTS PUBLICS<\/a><\/strong><\/p>\n<p><strong>&#8211;\u00a0<\/strong><a href=\"http:\/\/www.fo-territoriaux42.fr\/2022\/04\/29\/regime-indemnitaire-des-agents-territoriaux-de-la-sante-un-decret-qui-force-la-main-des-collectivites\/\" target=\"_blank\" rel=\"nofollow noopener noreferrer\" data-saferedirecturl=\"https:\/\/www.google.com\/url?q=http:\/\/www.fo-territoriaux42.fr\/2022\/04\/29\/regime-indemnitaire-des-agents-territoriaux-de-la-sante-un-decret-qui-force-la-main-des-collectivites\/&amp;source=gmail&amp;ust=1651737324509000&amp;usg=AOvVaw1aoZXHj6g8WdolanUrdXk0\"><strong>R\u00c9GIME INDEMNITAIRE DES AGENTS TERRITORIAUX DE LA SANT\u00c9 : UN D\u00c9CRET QUI FORCE LA MAIN DES COLLECTIVIT\u00c9S<\/strong><\/a><\/p>\n<\/div>\n<\/div>\n","protected":false},"excerpt":{"rendered":"<p>Comme chaque semaine, vous pourrez retrouver les articles publi\u00e9s\u00a0la\u00a0semaine 17\u00a0de l&rsquo;ann\u00e9e 2022\u00a0sur le site\u00a0fo-territoriaux42.fr en cliquant sur le lien de l\u2019article : &#8211;\u00a0OBLIGATION DE PUBLICIT\u00c9 [&#8230;]<\/p>\n","protected":false},"author":1,"featured_media":0,"comment_status":"closed","ping_status":"closed","sticky":false,"template":"","format":"standard","meta":{"jetpack_post_was_ever_published":false,"_jetpack_newsletter_access":"","_jetpack_dont_email_post_to_subs":false,"_jetpack_newsletter_tier_id":0,"_jetpack_memberships_contains_paywalled_content":false,"_jetpack_memberships_contains_paid_content":false,"footnotes":""},"categories":[17],"tags":[],"class_list":["post-1630","post","type-post","status-publish","format-standard","hentry","category-article"],"jetpack_featured_media_url":"","jetpack_sharing_enabled":true,"jetpack_shortlink":"https:\/\/wp.me\/p9roQz-qi","jetpack_likes_enabled":false,"publishpress_future_action":{"enabled":false,"date":"2026-05-09 07:54:51","action":"change-status","newStatus":"draft","terms":[],"taxonomy":"category","extraData":[]},"publishpress_future_workflow_manual_trigger":{"enabledWorkflows":[]},"_links":{"self":[{"href":"https:\/\/www.fo-saint-etienne.fr\/fomunvse\/index.php?rest_route=\/wp\/v2\/posts\/1630","targetHints":{"allow":["GET"]}}],"collection":[{"href":"https:\/\/www.fo-saint-etienne.fr\/fomunvse\/index.php?rest_route=\/wp\/v2\/posts"}],"about":[{"href":"https:\/\/www.fo-saint-etienne.fr\/fomunvse\/index.php?rest_route=\/wp\/v2\/types\/post"}],"author":[{"embeddable":true,"href":"https:\/\/www.fo-saint-etienne.fr\/fomunvse\/index.php?rest_route=\/wp\/v2\/users\/1"}],"replies":[{"embeddable":true,"href":"https:\/\/www.fo-saint-etienne.fr\/fomunvse\/index.php?rest_route=%2Fwp%2Fv2%2Fcomments&post=1630"}],"version-history":[{"count":3,"href":"https:\/\/www.fo-saint-etienne.fr\/fomunvse\/index.php?rest_route=\/wp\/v2\/posts\/1630\/revisions"}],"predecessor-version":[{"id":1633,"href":"https:\/\/www.fo-saint-etienne.fr\/fomunvse\/index.php?rest_route=\/wp\/v2\/posts\/1630\/revisions\/1633"}],"wp:attachment":[{"href":"https:\/\/www.fo-saint-etienne.fr\/fomunvse\/index.php?rest_route=%2Fwp%2Fv2%2Fmedia&parent=1630"}],"wp:term":[{"taxonomy":"category","embeddable":true,"href":"https:\/\/www.fo-saint-etienne.fr\/fomunvse\/index.php?rest_route=%2Fwp%2Fv2%2Fcategories&post=1630"},{"taxonomy":"post_tag","embeddable":true,"href":"https:\/\/www.fo-saint-etienne.fr\/fomunvse\/index.php?rest_route=%2Fwp%2Fv2%2Ftags&post=1630"}],"curies":[{"name":"wp","href":"https:\/\/api.w.org\/{rel}","templated":true}]}}