{"id":1642,"date":"2022-05-17T10:35:14","date_gmt":"2022-05-17T09:35:14","guid":{"rendered":"http:\/\/www.fo-saint-etienne.fr\/fomunvse\/?p=1642"},"modified":"2022-05-23T17:28:27","modified_gmt":"2022-05-23T16:28:27","slug":"info-force-ouvriere-de-la-semaine-19-2022","status":"publish","type":"post","link":"https:\/\/www.fo-saint-etienne.fr\/fomunvse\/?p=1642","title":{"rendered":"Info FORCE OUVRI\u00c8RE de la semaine 19 2022"},"content":{"rendered":"<div>\n<div dir=\"ltr\">\n<div>\n<div>\n<div dir=\"ltr\">\n<div>\n<div>\n<div>\n<div>\n<p><em>Comme chaque semaine, vous pourrez retrouver les articles publi\u00e9s\u00a0la\u00a0<b>semaine 19\u00a0<\/b>de l&rsquo;ann\u00e9e 2022\u00a0sur le site\u00a0<u><b><span id=\"m_-1189947421192092203OBJ_PREFIX_DWT70_com_zimbra_url\"><span id=\"m_-1189947421192092203OBJ_PREFIX_DWT404_com_zimbra_url\"><span id=\"m_-1189947421192092203OBJ_PREFIX_DWT185_com_zimbra_url\"><span id=\"m_-1189947421192092203OBJ_PREFIX_DWT448_com_zimbra_url\"><span id=\"m_-1189947421192092203OBJ_PREFIX_DWT180_com_zimbra_url\"><span id=\"m_-1189947421192092203OBJ_PREFIX_DWT987_com_zimbra_url\"><a href=\"http:\/\/fo-territoriaux42.fr\/\" target=\"_blank\" rel=\"nofollow noopener noreferrer\" data-saferedirecturl=\"https:\/\/www.google.com\/url?q=http:\/\/fo-territoriaux42.fr\/&amp;source=gmail&amp;ust=1652865215135000&amp;usg=AOvVaw2AH-1yUObisVk7fGPepOqH\">fo-territoriaux42.fr<\/a><\/span><\/span><\/span><\/span><\/span><\/span><\/b><\/u> en cliquant sur le lien de l\u2019article :<\/em><\/p>\n<\/div>\n<\/div>\n<\/div>\n<\/div>\n<\/div>\n<\/div>\n<\/div>\n<\/div>\n<\/div>\n<div>\n<div><b>&#8211;\u00a0<a href=\"http:\/\/www.fo-territoriaux42.fr\/2022\/05\/09\/pour-fo-la-revendication-ne-connait-pas-dentreacte\/\" target=\"_blank\" rel=\"nofollow noopener noreferrer\" data-saferedirecturl=\"https:\/\/www.google.com\/url?q=http:\/\/www.fo-territoriaux42.fr\/2022\/05\/09\/pour-fo-la-revendication-ne-connait-pas-dentreacte\/&amp;source=gmail&amp;ust=1652865215135000&amp;usg=AOvVaw1nYHjhJwthqT3zgnfftClv\">POUR FO, LA REVENDICATION NE CONNA\u00ceT PAS D\u2019ENTRACTE<\/a><\/p>\n<p>&#8211;\u00a0<a href=\"http:\/\/www.fo-territoriaux42.fr\/2022\/05\/10\/depart-anticipe-a-la-retraite-le-nombre-de-beneficiaires-en-baisse-dans-la-territoriale-et-lhospitaliere\/\" target=\"_blank\" rel=\"nofollow noopener noreferrer\" data-saferedirecturl=\"https:\/\/www.google.com\/url?q=http:\/\/www.fo-territoriaux42.fr\/2022\/05\/10\/depart-anticipe-a-la-retraite-le-nombre-de-beneficiaires-en-baisse-dans-la-territoriale-et-lhospitaliere\/&amp;source=gmail&amp;ust=1652865215135000&amp;usg=AOvVaw22AEgpf3_Kj5ulWq64H2Dt\">D\u00c9PART ANTICIP\u00c9 \u00c0 LA RETRAITE : LE NOMBRE DE B\u00c9N\u00c9FICIAIRES EN BAISSE DANS LA TERRITORIALE ET L\u2019HOSPITALI\u00c8RE<\/a><\/p>\n<p>&#8211;\u00a0<a href=\"http:\/\/www.fo-territoriaux42.fr\/2022\/05\/12\/fonction-publique-le-nombre-doffres-demploi-publiees-en-forte-hausse\/\" target=\"_blank\" rel=\"nofollow noopener noreferrer\" data-saferedirecturl=\"https:\/\/www.google.com\/url?q=http:\/\/www.fo-territoriaux42.fr\/2022\/05\/12\/fonction-publique-le-nombre-doffres-demploi-publiees-en-forte-hausse\/&amp;source=gmail&amp;ust=1652865215135000&amp;usg=AOvVaw2E7Xqq6YyTYgHcoiNhAMW-\">FONCTION PUBLIQUE : LE NOMBRE D\u2019OFFRES D\u2019EMPLOI PUBLI\u00c9ES EN FORTE HAUSSE<\/a><\/p>\n<p>&#8211;\u00a0<a href=\"http:\/\/www.fo-territoriaux42.fr\/2022\/05\/12\/nbi-accueil-precisions-sur-les-modalites-de-versement-pour-les-agents-exercant-des-fonctions-daccueil-a-titre-principal\/\" target=\"_blank\" rel=\"nofollow noopener noreferrer\" data-saferedirecturl=\"https:\/\/www.google.com\/url?q=http:\/\/www.fo-territoriaux42.fr\/2022\/05\/12\/nbi-accueil-precisions-sur-les-modalites-de-versement-pour-les-agents-exercant-des-fonctions-daccueil-a-titre-principal\/&amp;source=gmail&amp;ust=1652865215135000&amp;usg=AOvVaw0RWvmyhlvYOLzusOsQzDGB\">NBI ACCUEIL : PR\u00c9CISIONS SUR LES MODALIT\u00c9S DE VERSEMENT POUR LES AGENTS EXER\u00c7ANT DES FONCTIONS D\u2019ACCUEIL \u00c0 TITRE PRINCIPAL<\/a><\/p>\n<p>&#8211;\u00a0<a href=\"http:\/\/www.fo-territoriaux42.fr\/2022\/05\/12\/la-reforme-des-retraites\/\" target=\"_blank\" rel=\"nofollow noopener noreferrer\" data-saferedirecturl=\"https:\/\/www.google.com\/url?q=http:\/\/www.fo-territoriaux42.fr\/2022\/05\/12\/la-reforme-des-retraites\/&amp;source=gmail&amp;ust=1652865215135000&amp;usg=AOvVaw13c2EObiM88RrFLq-KXMPN\">LA R\u00c9FORME DES RETRAITES<\/a><\/p>\n<p>&#8211;\u00a0<a href=\"http:\/\/www.fo-territoriaux42.fr\/2022\/05\/12\/le-degel-du-point-dindice-de-la-fonction-publique-se-prepare\/\" target=\"_blank\" rel=\"nofollow noopener noreferrer\" data-saferedirecturl=\"https:\/\/www.google.com\/url?q=http:\/\/www.fo-territoriaux42.fr\/2022\/05\/12\/le-degel-du-point-dindice-de-la-fonction-publique-se-prepare\/&amp;source=gmail&amp;ust=1652865215135000&amp;usg=AOvVaw0B10WbX17DH-p_cRZ_ngf9\">LE D\u00c9GEL DU POINT D\u2019INDICE DE LA FONCTION PUBLIQUE SE PR\u00c9PARE<\/a><\/p>\n<p>&#8211;\u00a0<a href=\"http:\/\/www.fo-territoriaux42.fr\/2022\/05\/14\/craintes-soulevees-par-la-reforme-de-la-protection-sociale-complementaire-dans-la-fonction-publique\/\" target=\"_blank\" rel=\"nofollow noopener noreferrer\" data-saferedirecturl=\"https:\/\/www.google.com\/url?q=http:\/\/www.fo-territoriaux42.fr\/2022\/05\/14\/craintes-soulevees-par-la-reforme-de-la-protection-sociale-complementaire-dans-la-fonction-publique\/&amp;source=gmail&amp;ust=1652865215135000&amp;usg=AOvVaw1pwbS0ER5cr1tnnYMliyLF\">CRAINTES SOULEV\u00c9ES PAR LA R\u00c9FORME DE LA PROTECTION SOCIALE COMPL\u00c9MENTAIRE DANS LA FONCTION PUBLIQUE<\/a><\/b><\/div>\n<\/div>\n","protected":false},"excerpt":{"rendered":"<p>Comme chaque semaine, vous pourrez retrouver les articles publi\u00e9s\u00a0la\u00a0semaine 19\u00a0de l&rsquo;ann\u00e9e 2022\u00a0sur le site\u00a0fo-territoriaux42.fr en cliquant sur le lien de l\u2019article : &#8211;\u00a0POUR FO, LA [&#8230;]<\/p>\n","protected":false},"author":1,"featured_media":0,"comment_status":"closed","ping_status":"closed","sticky":false,"template":"","format":"standard","meta":{"jetpack_post_was_ever_published":false,"_jetpack_newsletter_access":"","_jetpack_dont_email_post_to_subs":false,"_jetpack_newsletter_tier_id":0,"_jetpack_memberships_contains_paywalled_content":false,"_jetpack_memberships_contains_paid_content":false,"footnotes":""},"categories":[17],"tags":[],"class_list":["post-1642","post","type-post","status-publish","format-standard","hentry","category-article"],"jetpack_featured_media_url":"","jetpack_sharing_enabled":true,"jetpack_shortlink":"https:\/\/wp.me\/p9roQz-qu","jetpack_likes_enabled":false,"publishpress_future_action":{"enabled":false,"date":"2026-05-09 10:49:42","action":"change-status","newStatus":"draft","terms":[],"taxonomy":"category","extraData":[]},"publishpress_future_workflow_manual_trigger":{"enabledWorkflows":[]},"_links":{"self":[{"href":"https:\/\/www.fo-saint-etienne.fr\/fomunvse\/index.php?rest_route=\/wp\/v2\/posts\/1642","targetHints":{"allow":["GET"]}}],"collection":[{"href":"https:\/\/www.fo-saint-etienne.fr\/fomunvse\/index.php?rest_route=\/wp\/v2\/posts"}],"about":[{"href":"https:\/\/www.fo-saint-etienne.fr\/fomunvse\/index.php?rest_route=\/wp\/v2\/types\/post"}],"author":[{"embeddable":true,"href":"https:\/\/www.fo-saint-etienne.fr\/fomunvse\/index.php?rest_route=\/wp\/v2\/users\/1"}],"replies":[{"embeddable":true,"href":"https:\/\/www.fo-saint-etienne.fr\/fomunvse\/index.php?rest_route=%2Fwp%2Fv2%2Fcomments&post=1642"}],"version-history":[{"count":1,"href":"https:\/\/www.fo-saint-etienne.fr\/fomunvse\/index.php?rest_route=\/wp\/v2\/posts\/1642\/revisions"}],"predecessor-version":[{"id":1643,"href":"https:\/\/www.fo-saint-etienne.fr\/fomunvse\/index.php?rest_route=\/wp\/v2\/posts\/1642\/revisions\/1643"}],"wp:attachment":[{"href":"https:\/\/www.fo-saint-etienne.fr\/fomunvse\/index.php?rest_route=%2Fwp%2Fv2%2Fmedia&parent=1642"}],"wp:term":[{"taxonomy":"category","embeddable":true,"href":"https:\/\/www.fo-saint-etienne.fr\/fomunvse\/index.php?rest_route=%2Fwp%2Fv2%2Fcategories&post=1642"},{"taxonomy":"post_tag","embeddable":true,"href":"https:\/\/www.fo-saint-etienne.fr\/fomunvse\/index.php?rest_route=%2Fwp%2Fv2%2Ftags&post=1642"}],"curies":[{"name":"wp","href":"https:\/\/api.w.org\/{rel}","templated":true}]}}