{"id":1644,"date":"2022-05-23T17:29:20","date_gmt":"2022-05-23T16:29:20","guid":{"rendered":"http:\/\/www.fo-saint-etienne.fr\/fomunvse\/?p=1644"},"modified":"2022-06-05T13:54:32","modified_gmt":"2022-06-05T12:54:32","slug":"info-force-ouvriere-de-la-semaine-20-2022","status":"publish","type":"post","link":"https:\/\/www.fo-saint-etienne.fr\/fomunvse\/?p=1644","title":{"rendered":"Info FORCE OUVRI\u00c8RE de la semaine 20 2022"},"content":{"rendered":"<div>\n<div dir=\"ltr\">\n<div>\n<div>\n<div dir=\"ltr\">\n<div>\n<div>\n<div>\n<div>\n<p><em>Comme chaque semaine, vous pourrez retrouver les articles publi\u00e9s\u00a0la\u00a0<b>semaine 20\u00a0<\/b>de l&rsquo;ann\u00e9e 2022\u00a0sur le site\u00a0<u><b><span id=\"m_8364165782728352208OBJ_PREFIX_DWT70_com_zimbra_url\"><span id=\"m_8364165782728352208OBJ_PREFIX_DWT404_com_zimbra_url\"><span id=\"m_8364165782728352208OBJ_PREFIX_DWT185_com_zimbra_url\"><span id=\"m_8364165782728352208OBJ_PREFIX_DWT448_com_zimbra_url\"><span id=\"m_8364165782728352208OBJ_PREFIX_DWT180_com_zimbra_url\"><span id=\"m_8364165782728352208OBJ_PREFIX_DWT987_com_zimbra_url\"><span id=\"m_8364165782728352208OBJ_PREFIX_DWT253_com_zimbra_url\"><a href=\"http:\/\/fo-territoriaux42.fr\/\" target=\"_blank\" rel=\"nofollow noopener noreferrer\" data-saferedirecturl=\"https:\/\/www.google.com\/url?q=http:\/\/fo-territoriaux42.fr\/&amp;source=gmail&amp;ust=1653409256447000&amp;usg=AOvVaw3FlihIoVDOVM26clpcx16q\">fo-territoriaux42.fr<\/a><\/span><\/span><\/span><\/span><\/span><\/span><\/span><\/b><\/u> en cliquant sur le lien de l\u2019article :<\/em><\/p>\n<\/div>\n<\/div>\n<\/div>\n<\/div>\n<\/div>\n<\/div>\n<\/div>\n<\/div>\n<\/div>\n<div>\n<div>\n<p><b>&#8211;\u00a0<a href=\"http:\/\/www.fo-territoriaux42.fr\/2022\/05\/16\/elections-professionnelles-les-syndicats-naccederont-plus-au-fichier-des-votants\/\" target=\"_blank\" rel=\"nofollow noopener noreferrer\" data-saferedirecturl=\"https:\/\/www.google.com\/url?q=http:\/\/www.fo-territoriaux42.fr\/2022\/05\/16\/elections-professionnelles-les-syndicats-naccederont-plus-au-fichier-des-votants\/&amp;source=gmail&amp;ust=1653409256447000&amp;usg=AOvVaw0UqaDGH6FXHnoJJ82QhfbB\">\u00c9LECTIONS PROFESSIONNELLES : LES SYNDICATS N\u2019ACC\u00c9DERONT PLUS AU FICHIER DES VOTANTS<\/a><\/b><\/p>\n<p><strong>&#8211;\u00a0<a href=\"http:\/\/www.fo-territoriaux42.fr\/2022\/05\/18\/retraites-que-lexecutif-ecoute-ce-que-lon-dit\/\" target=\"_blank\" rel=\"nofollow noopener noreferrer\" data-saferedirecturl=\"https:\/\/www.google.com\/url?q=http:\/\/www.fo-territoriaux42.fr\/2022\/05\/18\/retraites-que-lexecutif-ecoute-ce-que-lon-dit\/&amp;source=gmail&amp;ust=1653409256447000&amp;usg=AOvVaw0cc-Pxz9cPrVb5V1sJvmf-\">RETRAITES : \u00ab QUE L\u2019EX\u00c9CUTIF \u00c9COUTE CE QUE L\u2019ON DIT ! \u00bb<\/a><\/strong><\/p>\n<p><strong>&#8211;\u00a0<a href=\"http:\/\/www.fo-territoriaux42.fr\/2022\/05\/18\/pouvoir-dachat-pour-combattre-les-inegalites-redonner-de-la-vigueur-aux-salaires\/\" target=\"_blank\" rel=\"nofollow noopener noreferrer\" data-saferedirecturl=\"https:\/\/www.google.com\/url?q=http:\/\/www.fo-territoriaux42.fr\/2022\/05\/18\/pouvoir-dachat-pour-combattre-les-inegalites-redonner-de-la-vigueur-aux-salaires\/&amp;source=gmail&amp;ust=1653409256447000&amp;usg=AOvVaw340ytpYdGACm6GCEdSBZVM\">POUVOIR D\u2019ACHAT : POUR COMBATTRE LES IN\u00c9GALIT\u00c9S, REDONNER DE LA VIGUEUR AUX SALAIRES<\/a><\/strong><\/p>\n<p><strong>&#8211;\u00a0<a href=\"http:\/\/www.fo-territoriaux42.fr\/2022\/05\/18\/patrons-du-cac-40-leurs-salaires-ne-connaissent-pas-la-crise\/\" target=\"_blank\" rel=\"nofollow noopener noreferrer\" data-saferedirecturl=\"https:\/\/www.google.com\/url?q=http:\/\/www.fo-territoriaux42.fr\/2022\/05\/18\/patrons-du-cac-40-leurs-salaires-ne-connaissent-pas-la-crise\/&amp;source=gmail&amp;ust=1653409256447000&amp;usg=AOvVaw2mMzGVn0lVFJCLZisIAqze\">PATRONS DU CAC 40 : LEURS SALAIRES NE CONNAISSENT PAS LA CRISE<\/a><\/strong><\/p>\n<p><strong>&#8211;\u00a0<a href=\"http:\/\/www.fo-territoriaux42.fr\/2022\/05\/18\/travail-le-dimanche-et-les-jours-feries-vers-une-hausse-des-indemnites-versees-aux-agents\/\" target=\"_blank\" rel=\"nofollow noopener noreferrer\" data-saferedirecturl=\"https:\/\/www.google.com\/url?q=http:\/\/www.fo-territoriaux42.fr\/2022\/05\/18\/travail-le-dimanche-et-les-jours-feries-vers-une-hausse-des-indemnites-versees-aux-agents\/&amp;source=gmail&amp;ust=1653409256447000&amp;usg=AOvVaw1ZHr8mNNR1dxTpGTFxpbUN\">TRAVAIL LE DIMANCHE ET LES JOURS F\u00c9RI\u00c9S : VERS UNE HAUSSE DES INDEMNIT\u00c9S VERS\u00c9ES AUX AGENTS ?<\/a><\/strong><\/p>\n<p><strong>&#8211;\u00a0<a href=\"http:\/\/www.fo-territoriaux42.fr\/2022\/05\/18\/complementaire-sante-et-prevoyance-une-reforme-a-248-millions-deuros-dans-la-territoriale\/\" target=\"_blank\" rel=\"nofollow noopener noreferrer\" data-saferedirecturl=\"https:\/\/www.google.com\/url?q=http:\/\/www.fo-territoriaux42.fr\/2022\/05\/18\/complementaire-sante-et-prevoyance-une-reforme-a-248-millions-deuros-dans-la-territoriale\/&amp;source=gmail&amp;ust=1653409256447000&amp;usg=AOvVaw1kOcaXYDCz-T-53eFBAnof\">COMPL\u00c9MENTAIRE SANT\u00c9 ET PR\u00c9VOYANCE : UNE R\u00c9FORME \u00c0 248 MILLIONS D\u2019EUROS DANS LA TERRITORIALE<\/a><\/strong><\/p>\n<p><strong>&#8211;\u00a0<a href=\"http:\/\/www.fo-territoriaux42.fr\/2022\/05\/19\/point-dindice-grilles-retraites-elisabeth-borne-deja-mise-sous-pression\/\" target=\"_blank\" rel=\"nofollow noopener noreferrer\" data-saferedirecturl=\"https:\/\/www.google.com\/url?q=http:\/\/www.fo-territoriaux42.fr\/2022\/05\/19\/point-dindice-grilles-retraites-elisabeth-borne-deja-mise-sous-pression\/&amp;source=gmail&amp;ust=1653409256447000&amp;usg=AOvVaw3LITSG4xmFoW9uJr_y90hu\">POINT D\u2019INDICE, GRILLES, RETRAITES \u2026 \u00c9LISABETH BORNE D\u00c9J\u00c0 MISE SOUS PRESSION<\/a><\/strong><\/p>\n<p><strong>&#8211;\u00a0<a href=\"http:\/\/www.fo-territoriaux42.fr\/2022\/05\/20\/fonction-publique-territoriale-fo-souligne-lenjeu-dune-attractivite-des-carrieres\/\" target=\"_blank\" rel=\"nofollow noopener noreferrer\" data-saferedirecturl=\"https:\/\/www.google.com\/url?q=http:\/\/www.fo-territoriaux42.fr\/2022\/05\/20\/fonction-publique-territoriale-fo-souligne-lenjeu-dune-attractivite-des-carrieres\/&amp;source=gmail&amp;ust=1653409256447000&amp;usg=AOvVaw1cX2D0mqcni4wlg0qwZ3qw\">FONCTION PUBLIQUE TERRITORIALE : FO SOULIGNE L\u2019ENJEU D\u2019UNE ATTRACTIVIT\u00c9 DES CARRI\u00c8RES<\/a><\/strong><\/p>\n<p><strong>&#8211;\u00a0<a href=\"http:\/\/www.fo-territoriaux42.fr\/2022\/05\/20\/la-gauche-promet-une-hausse-de-10-du-point-dindice-dans-la-fonction-publique\/\" target=\"_blank\" rel=\"nofollow noopener noreferrer\" data-saferedirecturl=\"https:\/\/www.google.com\/url?q=http:\/\/www.fo-territoriaux42.fr\/2022\/05\/20\/la-gauche-promet-une-hausse-de-10-du-point-dindice-dans-la-fonction-publique\/&amp;source=gmail&amp;ust=1653409256447000&amp;usg=AOvVaw2iovCDRt11n90wu9SsoE4e\">LA GAUCHE PROMET UNE HAUSSE DE 10 % DU POINT D\u2019INDICE DANS LA FONCTION PUBLIQUE<\/a><\/strong><\/p>\n<p><strong>&#8211;\u00a0<a href=\"http:\/\/www.fo-territoriaux42.fr\/2022\/05\/20\/du-changement-dans-la-continuite-pour-la-fonction-publique-et-la-reforme-de-letat\/\" target=\"_blank\" rel=\"nofollow noopener noreferrer\" data-saferedirecturl=\"https:\/\/www.google.com\/url?q=http:\/\/www.fo-territoriaux42.fr\/2022\/05\/20\/du-changement-dans-la-continuite-pour-la-fonction-publique-et-la-reforme-de-letat\/&amp;source=gmail&amp;ust=1653409256447000&amp;usg=AOvVaw0P3lyjHJVcetbyQcdIlitC\">DU CHANGEMENT DANS LA CONTINUIT\u00c9 POUR LA FONCTION PUBLIQUE ET LA R\u00c9FORME DE L\u2019\u00c9TAT<\/a><\/strong><\/p>\n<p><strong>&#8211;\u00a0<a href=\"http:\/\/www.fo-territoriaux42.fr\/2022\/05\/20\/edito-dyves-veyrier-du-18-mai-2022-du-30-mai-au-3-juin-le-xxveme-congres-confederal-fo\/\" target=\"_blank\" rel=\"nofollow noopener noreferrer\" data-saferedirecturl=\"https:\/\/www.google.com\/url?q=http:\/\/www.fo-territoriaux42.fr\/2022\/05\/20\/edito-dyves-veyrier-du-18-mai-2022-du-30-mai-au-3-juin-le-xxveme-congres-confederal-fo\/&amp;source=gmail&amp;ust=1653409256447000&amp;usg=AOvVaw3wptuiYNNGe7IsRN5bGfBF\">\u00c9DITO D\u2019YVES VEYRIER DU 18 MAI 2022 : \u00ab DU 30 MAI AU 3 JUIN \u2013 LE XXVe CONGR\u00c8S CONF\u00c9D\u00c9RAL FO \u00bb<\/a><\/strong><\/p>\n<\/div>\n<\/div>\n","protected":false},"excerpt":{"rendered":"<p>Comme chaque semaine, vous pourrez retrouver les articles publi\u00e9s\u00a0la\u00a0semaine 20\u00a0de l&rsquo;ann\u00e9e 2022\u00a0sur le site\u00a0fo-territoriaux42.fr en cliquant sur le lien de l\u2019article : &#8211;\u00a0\u00c9LECTIONS PROFESSIONNELLES : [&#8230;]<\/p>\n","protected":false},"author":1,"featured_media":0,"comment_status":"closed","ping_status":"closed","sticky":false,"template":"","format":"standard","meta":{"jetpack_post_was_ever_published":false,"_jetpack_newsletter_access":"","_jetpack_dont_email_post_to_subs":false,"_jetpack_newsletter_tier_id":0,"_jetpack_memberships_contains_paywalled_content":false,"_jetpack_memberships_contains_paid_content":false,"footnotes":""},"categories":[17],"tags":[],"class_list":["post-1644","post","type-post","status-publish","format-standard","hentry","category-article"],"jetpack_featured_media_url":"","jetpack_sharing_enabled":true,"jetpack_shortlink":"https:\/\/wp.me\/p9roQz-qw","jetpack_likes_enabled":false,"publishpress_future_action":{"enabled":false,"date":"2026-05-09 12:07:25","action":"change-status","newStatus":"draft","terms":[],"taxonomy":"category","extraData":[]},"publishpress_future_workflow_manual_trigger":{"enabledWorkflows":[]},"_links":{"self":[{"href":"https:\/\/www.fo-saint-etienne.fr\/fomunvse\/index.php?rest_route=\/wp\/v2\/posts\/1644","targetHints":{"allow":["GET"]}}],"collection":[{"href":"https:\/\/www.fo-saint-etienne.fr\/fomunvse\/index.php?rest_route=\/wp\/v2\/posts"}],"about":[{"href":"https:\/\/www.fo-saint-etienne.fr\/fomunvse\/index.php?rest_route=\/wp\/v2\/types\/post"}],"author":[{"embeddable":true,"href":"https:\/\/www.fo-saint-etienne.fr\/fomunvse\/index.php?rest_route=\/wp\/v2\/users\/1"}],"replies":[{"embeddable":true,"href":"https:\/\/www.fo-saint-etienne.fr\/fomunvse\/index.php?rest_route=%2Fwp%2Fv2%2Fcomments&post=1644"}],"version-history":[{"count":2,"href":"https:\/\/www.fo-saint-etienne.fr\/fomunvse\/index.php?rest_route=\/wp\/v2\/posts\/1644\/revisions"}],"predecessor-version":[{"id":1646,"href":"https:\/\/www.fo-saint-etienne.fr\/fomunvse\/index.php?rest_route=\/wp\/v2\/posts\/1644\/revisions\/1646"}],"wp:attachment":[{"href":"https:\/\/www.fo-saint-etienne.fr\/fomunvse\/index.php?rest_route=%2Fwp%2Fv2%2Fmedia&parent=1644"}],"wp:term":[{"taxonomy":"category","embeddable":true,"href":"https:\/\/www.fo-saint-etienne.fr\/fomunvse\/index.php?rest_route=%2Fwp%2Fv2%2Fcategories&post=1644"},{"taxonomy":"post_tag","embeddable":true,"href":"https:\/\/www.fo-saint-etienne.fr\/fomunvse\/index.php?rest_route=%2Fwp%2Fv2%2Ftags&post=1644"}],"curies":[{"name":"wp","href":"https:\/\/api.w.org\/{rel}","templated":true}]}}